{"id":351947,"date":"2025-08-29T11:15:18","date_gmt":"2025-08-29T11:15:18","guid":{"rendered":"https:\/\/www.europesays.com\/fr\/351947\/"},"modified":"2025-08-29T11:15:18","modified_gmt":"2025-08-29T11:15:18","slug":"atsem-mise-en-examen-pour-viols-dans-une-maternelle-le-rectorat-de-montpellier-remplace-toute-lequipe-enseignante-de-lecole","status":"publish","type":"post","link":"https:\/\/www.europesays.com\/fr\/351947\/","title":{"rendered":"Atsem mise en examen pour viols dans une maternelle\u00a0: le rectorat de Montpellier remplace toute l\u2019\u00e9quipe enseignante de l\u2019\u00e9cole"},"content":{"rendered":"<p>\n                                                                    l&rsquo;essentiel<br \/>\n                                                                L\u2019\u00e9cole maternelle des Aresquiers \u00e0 Vic-la-Gardiole (H\u00e9rault), dans laquelle avait exerc\u00e9 l\u2019assistante maternelle mise en examen pour viols et agression sexuelle sur neuf enfants, va remplacer toute son \u00e9quipe enseignante.\n                            <\/p>\n<p>Le rectorat de Montpellier a d\u00e9cid\u00e9 de remplacer toute l\u2019\u00e9quipe enseignante de l\u2019\u00e9cole maternelle des Aresquiers \u00e0 Vic-la-Gardiole, pr\u00e8s de Montpellier (H\u00e9rault), rapportent nos confr\u00e8res d\u2019<a href=\"http:\/\/www.francebleu.fr\/infos\/education\/apres-les-soupcons-de-viols-de-la-part-d-une-atsem-a-vic-la-gardiole-le-rectorat-remplace-toute-l-equipe-enseignante-2687208\" target=\"_self\" rel=\"nofollow noopener\">ici\u00a0H\u00e9rault<\/a>.\u00a0La rectrice de l\u2019acad\u00e9mie de Montpellier, Carole Drucker-Godard, est all\u00e9e sur place ce jeudi 28\u00a0ao\u00fbt pour de nouveau rencontrer les parents d\u2019\u00e9l\u00e8ve, apr\u00e8s<a href=\"https:\/\/www.ladepeche.fr\/2025\/07\/31\/une-assistante-maternelle-mise-en-examen-pour-des-actes-de-penetration-digitale-et-de-masturbation-sur-neufs-enfants-dans-lherault-12853965.php\" target=\"_self\" rel=\"nofollow noopener\"> la mise en examen d\u2019une assistance maternelle<\/a> pour viols et agression sexuelle sur neuf enfants, le 31\u00a0juillet dernier.<\/p>\n<p class=\"std-elt__inline\">\n        <strong>\u00c0 lire aussi :<\/strong><br \/>\n        <a href=\"https:\/\/www.ladepeche.fr\/2025\/07\/31\/une-assistante-maternelle-mise-en-examen-pour-des-actes-de-penetration-digitale-et-de-masturbation-sur-neufs-enfants-dans-lherault-12853965.php\" rel=\"nofollow noopener\" target=\"_blank\">Une assistante maternelle mise en examen pour viols et agressions sexuelles sur neuf enfants dans l\u2019H\u00e9rault<\/a>\n    <\/p>\n<p>Les parents\u00a0\u00ab\u00a0ont pu exprimer leurs \u00e9motions, inqui\u00e9tudes et pr\u00e9occupations. J\u2019ai entendu les pr\u00e9occupations des familles et je veux leur assurer que l\u2019institution scolaire est pleinement mobilis\u00e9e \u00e0 leurs c\u00f4t\u00e9s\u00a0\u00bb, a expliqu\u00e9\u00a0Carole Drucker-Godard \u00e0 nos confr\u00e8res.<\/p>\n<p>Une rentr\u00e9e \u00e9chelonn\u00e9e et une cellule d\u2019\u00e9coute<\/p>\n<p>Dans un communiqu\u00e9, l\u2019acad\u00e9mie de Montpellier pr\u00e9cise \u00ab\u00a0qu\u2019un enseignant suppl\u00e9mentaire rejoindra l\u2019\u00e9quipe p\u00e9dagogique pour am\u00e9liorer l\u2019encadrement des \u00e9l\u00e8ves\u00a0\u00bb.<\/p>\n<p class=\"std-elt__inline\">\n        <strong>\u00c0 lire aussi :<\/strong><br \/>\n        <a href=\"https:\/\/www.ladepeche.fr\/2025\/07\/31\/atsem-mise-en-examen-pour-viols-dans-une-maternelle-fetarde-mere-de-famille-ce-que-lon-sait-dannie-suspectee-dabus-sur-une-dizaine-denfants-12854710.php\" rel=\"nofollow noopener\" target=\"_blank\">Atsem mise en examen pour viols dans une maternelle\u00a0: f\u00eatarde, m\u00e8re de famille\u2026 ce que l\u2019on sait d\u2019Annie, suspect\u00e9e d\u2019abus sur une dizaine d\u2019enfants<\/a>\n    <\/p>\n<p>D\u2019autres mesures ont \u00e9galement \u00e9t\u00e9 mises en place, comme\u00a0une rentr\u00e9e \u00e9chelonn\u00e9e sur cinq jours ou encore la mise en place d\u2019une cellule d\u2019\u00e9coute avec des m\u00e9decins et psychologues et de nouveaux protocoles de surveillance.<\/p>\n<p>Accus\u00e9e \u00ab\u00a0d\u2019actes de p\u00e9n\u00e9tration\u00a0\u00bb et de \u00ab\u00a0masturbation\u00a0\u00bb<\/p>\n<p>\u00c2g\u00e9e de 59 ans, l\u2019ATSEM est accus\u00e9e d\u2019avoir commis \u00ab\u00a0des\u00a0actes de p\u00e9n\u00e9tration digitale et de masturbation\u00a0\u00bb sur neuf enfants \u00e2g\u00e9s de 3 \u00e0 4 ans \u00ab\u00a0entre le 1er\u00a0octobre 2024 et le 2\u00a0juillet 2025 \u00e0 Vic-la-Gardiole\u00a0\u00bb dans l\u2019exercice de ses fonctions.<\/p>\n<p>Elle a \u00e9t\u00e9<a href=\"https:\/\/www.ladepeche.fr\/2025\/08\/14\/lassistante-maternelle-accusee-de-viols-sur-plusieurs-mineurs-dans-lherault-remise-en-liberte-sous-controle-judiciaire-12876538.php\" target=\"_self\" rel=\"nofollow noopener\"> remise en libert\u00e9 sous contr\u00f4le judiciaire<\/a> le\u00a0jeudi 14\u00a0ao\u00fbt. L\u2019assistante maternelle a notamment l\u2019obligation\u00a0ne pas \u00eatre en contact avec les enfants et de ne plus r\u00e9sider dans l\u2019H\u00e9rault.<\/p>\n","protected":false},"excerpt":{"rendered":"l&rsquo;essentiel L\u2019\u00e9cole maternelle des Aresquiers \u00e0 Vic-la-Gardiole (H\u00e9rault), dans laquelle avait exerc\u00e9 l\u2019assistante maternelle mise en examen pour&hellip;\n","protected":false},"author":2,"featured_media":351948,"comment_status":"","ping_status":"","sticky":false,"template":"","format":"standard","meta":{"footnotes":""},"categories":[9599],"tags":[1111,11,1777,674,1011,27,2208,12,2680,25],"class_list":{"0":"post-351947","1":"post","2":"type-post","3":"status-publish","4":"format-standard","5":"has-post-thumbnail","7":"category-montpellier","8":"tag-actu","9":"tag-actualites","10":"tag-eu","11":"tag-europe","12":"tag-fr","13":"tag-france","14":"tag-montpellier","15":"tag-news","16":"tag-occitanie","17":"tag-republique-francaise"},"share_on_mastodon":{"url":"https:\/\/pubeurope.com\/@fr\/115111770504112969","error":""},"_links":{"self":[{"href":"https:\/\/www.europesays.com\/fr\/wp-json\/wp\/v2\/posts\/351947","targetHints":{"allow":["GET"]}}],"collection":[{"href":"https:\/\/www.europesays.com\/fr\/wp-json\/wp\/v2\/posts"}],"about":[{"href":"https:\/\/www.europesays.com\/fr\/wp-json\/wp\/v2\/types\/post"}],"author":[{"embeddable":true,"href":"https:\/\/www.europesays.com\/fr\/wp-json\/wp\/v2\/users\/2"}],"replies":[{"embeddable":true,"href":"https:\/\/www.europesays.com\/fr\/wp-json\/wp\/v2\/comments?post=351947"}],"version-history":[{"count":0,"href":"https:\/\/www.europesays.com\/fr\/wp-json\/wp\/v2\/posts\/351947\/revisions"}],"wp:featuredmedia":[{"embeddable":true,"href":"https:\/\/www.europesays.com\/fr\/wp-json\/wp\/v2\/media\/351948"}],"wp:attachment":[{"href":"https:\/\/www.europesays.com\/fr\/wp-json\/wp\/v2\/media?parent=351947"}],"wp:term":[{"taxonomy":"category","embeddable":true,"href":"https:\/\/www.europesays.com\/fr\/wp-json\/wp\/v2\/categories?post=351947"},{"taxonomy":"post_tag","embeddable":true,"href":"https:\/\/www.europesays.com\/fr\/wp-json\/wp\/v2\/tags?post=351947"}],"curies":[{"name":"wp","href":"https:\/\/api.w.org\/{rel}","templated":true}]}}