{"id":351949,"date":"2025-08-29T11:16:18","date_gmt":"2025-08-29T11:16:18","guid":{"rendered":"https:\/\/www.europesays.com\/fr\/351949\/"},"modified":"2025-08-29T11:16:18","modified_gmt":"2025-08-29T11:16:18","slug":"en-seine-maritime-levaluation-donne-du-sens-aux-politiques-publiques","status":"publish","type":"post","link":"https:\/\/www.europesays.com\/fr\/351949\/","title":{"rendered":"En Seine-Maritime, l\u2019\u00e9valuation donne du sens aux politiques publiques"},"content":{"rendered":"<p>\u00ab Il n\u2019y a pas de journ\u00e9e type, tout d\u00e9pend de l\u2019\u00e9tat d\u2019avancement de nos \u00e9valuations. \u00bb Au conseil d\u00e9partemental de Seine-Maritime (1,25 million hab., 5 500 agents), sur la rive gauche de Rouen, Annick Langlois et Anne-Sophie Devienne font le point sur les dossiers en cours et s\u2019accordent sur la mani\u00e8re dont elles cadreront une \u00e9valuation 30 minutes plus tard. La premi\u00e8re est charg\u00e9e d\u2019\u00e9valuation des politiques publiques, \u00e0 ce poste depuis avril 2023, apr\u00e8s avoir \u00e9t\u00e9 charg\u00e9e de projet \u00e9valuation des interventions \u00e0 l\u2019\u00e9tablissement public foncier (EPF) de Normandie. La seconde est \u00e9galement charg\u00e9e d\u2019\u00e9valuation des politiques publiques, \u00e0 ce poste depuis ao\u00fbt 2023, apr\u00e8s avoir travaill\u00e9 au sein d\u2019une commune de l\u2019Oise<\/p>\n<p>Le service compte 4 \u00e9quivalents temps plein et, depuis 2024 &#8230;<\/p>\n<p class=\"blocCut__title\">\n\t\t\t\t\t\t\t\t\t[90% reste \u00e0 lire]\n\t\t\t\t\t\t\t<\/p>\n<p class=\"blocCut__title--type2\">Article r\u00e9serv\u00e9 aux abonn\u00e9s<\/p>\n<p class=\"blocCut__title--type3\">Club Finances<\/p>\n<p class=\"blocCut__title--type2\">VOUS N&rsquo;\u00eaTES PAS ABONN\u00e9 ?<\/p>\n<p class=\"blocCut__title--type4\">Testez notre Offre D\u00e9couverte Club finances pendant 15 jours<\/p>\n<p>\t\t\t\t\t\t\t\t<a href=\"https:\/\/www.abonnement.infopro-digital.com\/club-finances\/inscription\/227\/1726#xtor=CS5-313-[site_paywall]-[https:\/\/www.lagazettedescommunes.com\/995695\/en-seine-maritime-levaluation-donne-du-sens-aux-politiques-publiques\/]-[page_article]-[a]\" target=\"_blank\" class=\"btn__full buttonTypeA buttonTypeA--1\" rel=\"noopener\">J\u2019en profite<\/a><\/p>\n<p>\t\t\t<a class=\"jqButtonTypeOpen buttonTypeOpen\" href=\"#\"><\/a><\/p>\n<p class=\"blocFolder__subtitle\">Cet article fait partie du Dossier<\/p>\n<p>\t\t\tL&rsquo;\u00e9valuation des politiques publiques, mode d&#8217;emploi<\/p>\n","protected":false},"excerpt":{"rendered":"\u00ab Il n\u2019y a pas de journ\u00e9e type, tout d\u00e9pend de l\u2019\u00e9tat d\u2019avancement de nos \u00e9valuations. \u00bb Au&hellip;\n","protected":false},"author":2,"featured_media":351950,"comment_status":"","ping_status":"","sticky":false,"template":"","format":"standard","meta":{"footnotes":""},"categories":[9587],"tags":[25583,1111,2348,47,11,2346,2345,1777,674,15579,1011,27,48861,12,5161,27842,25,9590,2347],"class_list":{"0":"post-351949","1":"post","2":"type-post","3":"status-publish","4":"format-standard","5":"has-post-thumbnail","7":"category-rouen","8":"tag-a-la-une-finances","9":"tag-actu","10":"tag-actu-experts-finances","11":"tag-actualite","12":"tag-actualites","13":"tag-actualites-finances","14":"tag-club-finances","15":"tag-eu","16":"tag-europe","17":"tag-finances-locales","18":"tag-fr","19":"tag-france","20":"tag-levaluation-des-politiques-publiques-mode-demploi","21":"tag-news","22":"tag-normandie","23":"tag-pascaletessier","24":"tag-republique-francaise","25":"tag-rouen","26":"tag-toute-lactu-finances"},"share_on_mastodon":{"url":"https:\/\/pubeurope.com\/@fr\/115111774344791620","error":""},"_links":{"self":[{"href":"https:\/\/www.europesays.com\/fr\/wp-json\/wp\/v2\/posts\/351949","targetHints":{"allow":["GET"]}}],"collection":[{"href":"https:\/\/www.europesays.com\/fr\/wp-json\/wp\/v2\/posts"}],"about":[{"href":"https:\/\/www.europesays.com\/fr\/wp-json\/wp\/v2\/types\/post"}],"author":[{"embeddable":true,"href":"https:\/\/www.europesays.com\/fr\/wp-json\/wp\/v2\/users\/2"}],"replies":[{"embeddable":true,"href":"https:\/\/www.europesays.com\/fr\/wp-json\/wp\/v2\/comments?post=351949"}],"version-history":[{"count":0,"href":"https:\/\/www.europesays.com\/fr\/wp-json\/wp\/v2\/posts\/351949\/revisions"}],"wp:featuredmedia":[{"embeddable":true,"href":"https:\/\/www.europesays.com\/fr\/wp-json\/wp\/v2\/media\/351950"}],"wp:attachment":[{"href":"https:\/\/www.europesays.com\/fr\/wp-json\/wp\/v2\/media?parent=351949"}],"wp:term":[{"taxonomy":"category","embeddable":true,"href":"https:\/\/www.europesays.com\/fr\/wp-json\/wp\/v2\/categories?post=351949"},{"taxonomy":"post_tag","embeddable":true,"href":"https:\/\/www.europesays.com\/fr\/wp-json\/wp\/v2\/tags?post=351949"}],"curies":[{"name":"wp","href":"https:\/\/api.w.org\/{rel}","templated":true}]}}