{"id":351951,"date":"2025-08-29T11:17:11","date_gmt":"2025-08-29T11:17:11","guid":{"rendered":"https:\/\/www.europesays.com\/fr\/351951\/"},"modified":"2025-08-29T11:17:11","modified_gmt":"2025-08-29T11:17:11","slug":"un-drone-survole-la-maison-darret-de-rouen-deux-suspects-interpelles","status":"publish","type":"post","link":"https:\/\/www.europesays.com\/fr\/351951\/","title":{"rendered":"Un drone survole la maison d&rsquo;arr\u00eat de Rouen\u00a0: deux suspects interpell\u00e9s"},"content":{"rendered":"<p>Deux jeunes de 20 et 21 ans ont \u00e9t\u00e9 interpell\u00e9s ce vendredi matin par la police au Petit-Quevilly. L&rsquo;un d&rsquo;eux est soup\u00e7onn\u00e9 d&rsquo;avoir fait voler un drone au-dessus de la maison d&rsquo;arr\u00eat de Rouen.<\/p>\n<p>Deux jeunes de 20 et 21 ans ont \u00e9t\u00e9 interpell\u00e9s et plac\u00e9s en garde-\u00e0-vue ce vendredi matin au Petit-Quevilly. L&rsquo;un d&rsquo;eux est soup\u00e7onn\u00e9 <strong>d&rsquo;avoir fait voler un drone au-dessus de la maison d&rsquo;arr\u00eat de Rouen<\/strong>. Les policiers, qui ont \u00e9t\u00e9 alert\u00e9s du vol de cet engin, l&rsquo;ont suivi jusque dans cette commune de l&rsquo;agglom\u00e9ration rouennaise. Le drone se pose \u00e0 c\u00f4t\u00e9 d&rsquo;un camion, et les policiers remarquent une ombre sous une remorque. Le premier individu \u00e2g\u00e9 de 21 ans est alors arr\u00eat\u00e9.<\/p>\n<p>Cach\u00e9 dans le coffre de sa voiture<\/p>\n<p>Le premier suspect explique aux policiers qu&rsquo;il avait pris des stup\u00e9fiants, mais la t\u00e9l\u00e9commande du drone n&rsquo;est pas retrouv\u00e9e sur lui. Ils le ram\u00e8nent \u00e0 <strong>l&rsquo;h\u00f4tel de police<\/strong>. Un peu plus loin, alors qu&rsquo;une patrouille de la BAC continue de tourner au Petit-Quevilly, les policiers rep\u00e8rent une voiture suspecte avec de la bu\u00e9e \u00e0 l&rsquo;arri\u00e8re du v\u00e9hicule.<\/p>\n<p>Ils commencent \u00e0 la surveiller avant finalement d&rsquo;interpeller un jeune homme de 20 ans. Il se trouvait cach\u00e9 <strong>\u00e0 l&rsquo;int\u00e9rieur du coffre de la voiture<\/strong>, recroquevill\u00e9 avec la cl\u00e9 du v\u00e9hicule. Deux t\u00e9l\u00e9phones ont \u00e9t\u00e9 retrouv\u00e9s sur lui, mais surtout la t\u00e9l\u00e9commande du drone. Il a \u00e9t\u00e9 interpell\u00e9 et plac\u00e9 en garde \u00e0 vue.<\/p>\n","protected":false},"excerpt":{"rendered":"Deux jeunes de 20 et 21 ans ont \u00e9t\u00e9 interpell\u00e9s ce vendredi matin par la police au Petit-Quevilly.&hellip;\n","protected":false},"author":2,"featured_media":351952,"comment_status":"","ping_status":"","sticky":false,"template":"","format":"standard","meta":{"footnotes":""},"categories":[9587],"tags":[1111,11,1777,674,1011,27,12,5161,25,9590],"class_list":{"0":"post-351951","1":"post","2":"type-post","3":"status-publish","4":"format-standard","5":"has-post-thumbnail","7":"category-rouen","8":"tag-actu","9":"tag-actualites","10":"tag-eu","11":"tag-europe","12":"tag-fr","13":"tag-france","14":"tag-news","15":"tag-normandie","16":"tag-republique-francaise","17":"tag-rouen"},"share_on_mastodon":{"url":"https:\/\/pubeurope.com\/@fr\/115111778215095448","error":""},"_links":{"self":[{"href":"https:\/\/www.europesays.com\/fr\/wp-json\/wp\/v2\/posts\/351951","targetHints":{"allow":["GET"]}}],"collection":[{"href":"https:\/\/www.europesays.com\/fr\/wp-json\/wp\/v2\/posts"}],"about":[{"href":"https:\/\/www.europesays.com\/fr\/wp-json\/wp\/v2\/types\/post"}],"author":[{"embeddable":true,"href":"https:\/\/www.europesays.com\/fr\/wp-json\/wp\/v2\/users\/2"}],"replies":[{"embeddable":true,"href":"https:\/\/www.europesays.com\/fr\/wp-json\/wp\/v2\/comments?post=351951"}],"version-history":[{"count":0,"href":"https:\/\/www.europesays.com\/fr\/wp-json\/wp\/v2\/posts\/351951\/revisions"}],"wp:featuredmedia":[{"embeddable":true,"href":"https:\/\/www.europesays.com\/fr\/wp-json\/wp\/v2\/media\/351952"}],"wp:attachment":[{"href":"https:\/\/www.europesays.com\/fr\/wp-json\/wp\/v2\/media?parent=351951"}],"wp:term":[{"taxonomy":"category","embeddable":true,"href":"https:\/\/www.europesays.com\/fr\/wp-json\/wp\/v2\/categories?post=351951"},{"taxonomy":"post_tag","embeddable":true,"href":"https:\/\/www.europesays.com\/fr\/wp-json\/wp\/v2\/tags?post=351951"}],"curies":[{"name":"wp","href":"https:\/\/api.w.org\/{rel}","templated":true}]}}