{"id":351955,"date":"2025-08-29T11:21:10","date_gmt":"2025-08-29T11:21:10","guid":{"rendered":"https:\/\/www.europesays.com\/fr\/351955\/"},"modified":"2025-08-29T11:21:10","modified_gmt":"2025-08-29T11:21:10","slug":"fusillade-rue-de-la-soif-a-rennes-la-victime-avait-derobe-de-la-drogue-enterree-dans-un-parc","status":"publish","type":"post","link":"https:\/\/www.europesays.com\/fr\/351955\/","title":{"rendered":"Fusillade rue de la soif \u00e0 Rennes\u00a0: la victime avait d\u00e9rob\u00e9 de la drogue enterr\u00e9e dans un parc"},"content":{"rendered":"<p>Devant la chambre de l\u2019instruction ce jeudi 28 ao\u00fbt, un Marocain de 30 ans demandait sa remise en libert\u00e9. Incarc\u00e9r\u00e9 provisoirement, depuis octobre 2024, pour tentative de meurtre en bande organis\u00e9e en lien avec le trafic de stup\u00e9fiants, \u00ab Ayoub \u00bb a ni\u00e9 son implication et fait valoir des \u00ab preuves fragiles \u00bb. Sans pour autant pr\u00e9senter de promesse d\u2019embauche ni de projet d\u2019insertion pour la sortie demand\u00e9e. La faute aux \u00ab vacances de son avocat \u00bb.<\/p>\n<p>Pour rappel, la justice soup\u00e7onne cet homme d\u00e9j\u00e0 condamn\u00e9 pour usage de stup\u00e9fiants, conduite sans permis, violences aggrav\u00e9es d\u2019avoir \u00e9t\u00e9 le passager d\u2019un <a href=\"https:\/\/www.letelegramme.fr\/ille-et-vilaine\/rennes-35000\/condamnes-pour-une-agression-a-rennes-ils-seront-rejuges-pour-trois-tentatives-de-meurtre-6739764.php\" target=\"_blank\" rel=\"nofollow noopener\">scooter pilot\u00e9 par \u00ab Baka \u00bb<\/a>. <a href=\"https:\/\/www.letelegramme.fr\/ille-et-vilaine\/rennes-35000\/\u00ab%20Tout \u00e7a est li\u00e9 au trafic de drogue \u00bb : \u00e0 Rennes, un homme bless\u00e9 par arme \u00e0 feu, rue Saint-Michel\" target=\"_blank\" rel=\"nofollow noopener\">Il avait ouvert le feu le 6 octobre 2024 rue Saint-Michel.<\/a> La victime, qui attendait un sandwich \u00e0 3 h du matin, a pris deux balles de 6,35 mm dans le ventre. Gri\u00e8vement bless\u00e9, Mohamed avait formellement identifi\u00e9 ses agresseurs : \u00ab Baka \u00bb \u00e9tait le conducteur et \u00ab Ayoub \u00bb, le passager et le tireur.<\/p>\n<p>L\u2019enqu\u00eate de police avait \u00e9tabli que ce r\u00e8glement de compte \u00e9tait d\u00fb \u00e0 un \u00ab carottage. \u00bb Quelques jours auparavant, Mohamed, la victime, avait d\u00e9rob\u00e9 deux kilos de cannabis aux mis en cause. Au parc des Gayeulles, il avait d\u00e9terr\u00e9 la drogue qui devait servir \u00e0 alimenter un point de deal du Gros-Ch\u00eane. Il avait revendu la marchandise, seul.<\/p>\n<p>Jeudi 28 ao\u00fbt, l\u2019avocat g\u00e9n\u00e9ral a demand\u00e9 le maintien en d\u00e9tention, invoquant : gravit\u00e9 des faits, risques de fuite (notamment en raison de la nationalit\u00e9 \u00e9trang\u00e8re de la personne mise en examen), pressions possibles sur la victime, concertation entre complices. La chambre de l\u2019instruction a suivi les r\u00e9quisitions de l\u2019avocat g\u00e9n\u00e9ral. Ayoub reste incarc\u00e9r\u00e9 en attendant son proc\u00e8s.<\/p>\n","protected":false},"excerpt":{"rendered":"Devant la chambre de l\u2019instruction ce jeudi 28 ao\u00fbt, un Marocain de 30 ans demandait sa remise en&hellip;\n","protected":false},"author":2,"featured_media":351956,"comment_status":"","ping_status":"","sticky":false,"template":"","format":"standard","meta":{"footnotes":""},"categories":[2821],"tags":[1111,11,829,765,1777,674,3383,1011,27,12,584,25],"class_list":{"0":"post-351955","1":"post","2":"type-post","3":"status-publish","4":"format-standard","5":"has-post-thumbnail","7":"category-rennes","8":"tag-actu","9":"tag-actualites","10":"tag-bretagne","11":"tag-en-continu","12":"tag-eu","13":"tag-europe","14":"tag-faits-divers-a-rennes","15":"tag-fr","16":"tag-france","17":"tag-news","18":"tag-rennes","19":"tag-republique-francaise"},"share_on_mastodon":{"url":"https:\/\/pubeurope.com\/@fr\/115111794126484849","error":""},"_links":{"self":[{"href":"https:\/\/www.europesays.com\/fr\/wp-json\/wp\/v2\/posts\/351955","targetHints":{"allow":["GET"]}}],"collection":[{"href":"https:\/\/www.europesays.com\/fr\/wp-json\/wp\/v2\/posts"}],"about":[{"href":"https:\/\/www.europesays.com\/fr\/wp-json\/wp\/v2\/types\/post"}],"author":[{"embeddable":true,"href":"https:\/\/www.europesays.com\/fr\/wp-json\/wp\/v2\/users\/2"}],"replies":[{"embeddable":true,"href":"https:\/\/www.europesays.com\/fr\/wp-json\/wp\/v2\/comments?post=351955"}],"version-history":[{"count":0,"href":"https:\/\/www.europesays.com\/fr\/wp-json\/wp\/v2\/posts\/351955\/revisions"}],"wp:featuredmedia":[{"embeddable":true,"href":"https:\/\/www.europesays.com\/fr\/wp-json\/wp\/v2\/media\/351956"}],"wp:attachment":[{"href":"https:\/\/www.europesays.com\/fr\/wp-json\/wp\/v2\/media?parent=351955"}],"wp:term":[{"taxonomy":"category","embeddable":true,"href":"https:\/\/www.europesays.com\/fr\/wp-json\/wp\/v2\/categories?post=351955"},{"taxonomy":"post_tag","embeddable":true,"href":"https:\/\/www.europesays.com\/fr\/wp-json\/wp\/v2\/tags?post=351955"}],"curies":[{"name":"wp","href":"https:\/\/api.w.org\/{rel}","templated":true}]}}