{"id":351957,"date":"2025-08-29T11:22:10","date_gmt":"2025-08-29T11:22:10","guid":{"rendered":"https:\/\/www.europesays.com\/fr\/351957\/"},"modified":"2025-08-29T11:22:10","modified_gmt":"2025-08-29T11:22:10","slug":"rennes-pret-a-casser-sa-tirelire-pour-conrad-harder-30me","status":"publish","type":"post","link":"https:\/\/www.europesays.com\/fr\/351957\/","title":{"rendered":"Rennes pr\u00eat \u00e0 casser sa tirelire pour Conrad Harder\u00a0(30M\u20ac)"},"content":{"rendered":"<p>Le Stade Rennais frappe un immense coup dans les derni\u00e8res heures du mercato : Conrad Harder, jeune p\u00e9pite danoise du Sporting Portugal, s\u2019appr\u00eate \u00e0 rejoindre la Bretagne dans une op\u00e9ration \u00e9valu\u00e9e \u00e0 30 millions d\u2019euros. Apr\u00e8s avoir enregistr\u00e9 l\u2019arriv\u00e9e d\u2019Esteban Lepaul, les Rouge et Noir r\u00e9affirment leur ambition offensive, surfant sur un virage strat\u00e9gique audacieux apr\u00e8s avoir vu la piste Milan AC s\u2019effondrer. Le mercato du SRFC s\u2019emballe, la Ligue 1 retient son souffle.<\/p>\n<p>Conrad Harder : de l\u2019AC Milan \u00e0 Rennes, une opportunit\u00e9 saisie<\/p>\n<p>Rennes s\u2019\u00e9tait vu souffler\u00a0<strong>Conrad Harder<\/strong>\u00a0par l\u2019AC Milan il y a quelques jours, mais le sc\u00e9nario a subitement bascul\u00e9. L\u2019\u00e9chec du pr\u00eat avec option d\u2019achat n\u00e9goci\u00e9 par les Rossoneri, coupl\u00e9 \u00e0 leur offensive massive pour Christopher Nkunku, a laiss\u00e9 la porte grande ouverte aux Rennais. Le board breton n\u2019a pas tard\u00e9 \u00e0 saisir cette chance inesp\u00e9r\u00e9e, relan\u00e7ant les n\u00e9gociations avec le Sporting pour finaliser un dossier qui semblait perdu d\u2019avance. Cette r\u00e9activit\u00e9, en pleine effervescence du march\u00e9, symbolise la mont\u00e9e en puissance du projet rennais et rappelle\u00a0<a href=\"https:\/\/www.butfootballclub.fr\/615473-stade-rennais-mercato-harder-a-milan-le-srfc-veut-detourner-sinayoko-du-rc-lens\/\" rel=\"noopener\" target=\"_blank\">les derni\u00e8res rumeurs sur le transfert de Conrad Harder entre Rennes et Milan<\/a>.<\/p>\n<p>Un deal \u00e0 30 M\u20ac : Rennes officialise un mercato spectaculaire<\/p>\n<p>Le transfert de\u00a0<strong>Harder<\/strong>\u00a0devrait se conclure autour de 26 millions d\u2019euros fixes, auxquels s\u2019ajoutent 4 millions de bonus, soit un montant total record pour le club. Jamais le Stade Rennais n\u2019avait autant investi sur un joueur pour renforcer sa ligne offensive. Ce ch\u00e8que XXL confirme l\u2019engagement financier massif de la famille Pinault, bien d\u00e9cid\u00e9e \u00e0 permettre au club de franchir un nouveau cap. Du c\u00f4t\u00e9 du Sporting, l\u2019op\u00e9ration est tout aussi significative, le club portugais enregistrant une confortable plus-value apr\u00e8s avoir achet\u00e9 Harder pour 19 millions d\u2019euros, comme le d\u00e9taille\u00a0<a href=\"https:\/\/www.footmercato.net\/a1277626768127844233-rennes-va-lacher-30-meur-pour-soffrir-conrad-harder\" rel=\"noopener\" target=\"_blank\">le montant \u00e9voqu\u00e9 pour le transfert de Conrad Harder vers Rennes<\/a>.<\/p>\n<p>Les Bretons renforcent leur attaque avec Harder et Lepaul<\/p>\n<p>Habib Beye le r\u00e9clamait, le Stade Rennais l\u2019a fait : deux v\u00e9ritables renforts offensifs d\u00e9barquent \u00e0 la suite, bouclant un secteur qui faisait d\u00e9faut depuis plusieurs semaines. L\u2019arriv\u00e9e coup sur coup d\u2019<strong>Esteban Lepaul<\/strong>, jeune avant-centre fran\u00e7ais en pleine explosion apr\u00e8s son passage \u00e0 \u00c9pinal, et de Conrad Harder, donne un visage totalement neuf \u00e0 l\u2019attaque rennaise. Lepaul, titulaire sur les deux premiers matchs de Ligue 1, vient d\u2019ouvrir son compteur but, tandis que Harder incarne la nouvelle vague scandinave promise \u00e0 l\u2019\u00e9lite. Pour comprendre\u00a0<a href=\"https:\/\/www.lequipe.fr\/Football\/Actualites\/Apres-l-arrivee-d-esteban-lepaul-rennes-pourrait-aussi-voir-debarquer-conrad-harder\/1588436\" rel=\"noopener\" target=\"_blank\">le contexte de l\u2019arriv\u00e9e potentielle de Conrad Harder au Stade Rennais<\/a>, il suffit de mesurer l\u2019acc\u00e9l\u00e9ration brutale du dossier en fin de mercato.<\/p>\n<p>Le bilan de Conrad Harder au Sporting : un atout offensif<\/p>\n<p>Originaire de Holte au Danemark,\u00a0<strong>Conrad Harder<\/strong>\u00a0s\u2019est rapidement impos\u00e9 comme un espoir majeur du Sporting CP. Depuis son arriv\u00e9e, il a inscrit\u00a0<strong>12 buts<\/strong>\u00a0et d\u00e9livr\u00e9\u00a0<strong>7 passes d\u00e9cisives<\/strong>\u00a0en 51 matchs toutes comp\u00e9titions confondues. Sa valeur marchande n\u2019a fait que grimper, fr\u00f4lant les 24 M\u20ac avant de s\u2019envoler lors de ce mercato. \u00c0 20 ans, ses stats t\u00e9moignent \u00e0 la fois de son efficacit\u00e9 devant le but et de sa capacit\u00e9 \u00e0 servir ses partenaires, un profil parfait pour compl\u00e9ter la philosophie de jeu ambitieuse de Rennes.<\/p>\n<p>Rennes affiche ses ambitions pour la Ligue 1<\/p>\n<p>Avec ce recrutement haut de gamme, le Stade Rennais passe un message fort au reste de la Ligue 1 : l\u2019objectif est d\u00e9sormais d\u2019installer solidement le club dans la course \u00e0 l\u2019Europe, tout en titillant l\u2019\u00e9lite du championnat. Le double investissement sur\u00a0<strong>Harder<\/strong>\u00a0et\u00a0<strong>Lepaul<\/strong>\u00a0symbolise une mont\u00e9e en puissance rarement vue du c\u00f4t\u00e9 du Roazhon Park. Les supporters, d\u00e9j\u00e0 \u00e9lectris\u00e9s par ce mercato, r\u00eavent d\u00e9sormais d\u2019une attaque irr\u00e9sistible et d\u2019une saison pleine de promesses. Pour tout savoir sur l\u2019\u00e9volution de ces dossiers et les dessous financiers de ces op\u00e9rations, retrouvez \u00e9galement\u00a0<a href=\"https:\/\/www.footmercato.net\/a1277626768127844233-rennes-va-lacher-30-meur-pour-soffrir-conrad-harder\" rel=\"noopener\" target=\"_blank\">l\u2019analyse d\u00e9taill\u00e9e du mercato XXL du Stade Rennais<\/a>.<\/p>\n","protected":false},"excerpt":{"rendered":"Le Stade Rennais frappe un immense coup dans les derni\u00e8res heures du mercato : Conrad Harder, jeune p\u00e9pite&hellip;\n","protected":false},"author":2,"featured_media":351958,"comment_status":"","ping_status":"","sticky":false,"template":"","format":"standard","meta":{"footnotes":""},"categories":[2821],"tags":[1111,11,829,448,1777,674,63,1011,27,66,3388,12,584,25,10662],"class_list":{"0":"post-351957","1":"post","2":"type-post","3":"status-publish","4":"format-standard","5":"has-post-thumbnail","7":"category-rennes","8":"tag-actu","9":"tag-actualites","10":"tag-bretagne","11":"tag-champions-league","12":"tag-eu","13":"tag-europe","14":"tag-football","15":"tag-fr","16":"tag-france","17":"tag-ligue-1","18":"tag-matchs","19":"tag-news","20":"tag-rennes","21":"tag-republique-francaise","22":"tag-transferts"},"share_on_mastodon":{"url":"https:\/\/pubeurope.com\/@fr\/115111798048039491","error":""},"_links":{"self":[{"href":"https:\/\/www.europesays.com\/fr\/wp-json\/wp\/v2\/posts\/351957","targetHints":{"allow":["GET"]}}],"collection":[{"href":"https:\/\/www.europesays.com\/fr\/wp-json\/wp\/v2\/posts"}],"about":[{"href":"https:\/\/www.europesays.com\/fr\/wp-json\/wp\/v2\/types\/post"}],"author":[{"embeddable":true,"href":"https:\/\/www.europesays.com\/fr\/wp-json\/wp\/v2\/users\/2"}],"replies":[{"embeddable":true,"href":"https:\/\/www.europesays.com\/fr\/wp-json\/wp\/v2\/comments?post=351957"}],"version-history":[{"count":0,"href":"https:\/\/www.europesays.com\/fr\/wp-json\/wp\/v2\/posts\/351957\/revisions"}],"wp:featuredmedia":[{"embeddable":true,"href":"https:\/\/www.europesays.com\/fr\/wp-json\/wp\/v2\/media\/351958"}],"wp:attachment":[{"href":"https:\/\/www.europesays.com\/fr\/wp-json\/wp\/v2\/media?parent=351957"}],"wp:term":[{"taxonomy":"category","embeddable":true,"href":"https:\/\/www.europesays.com\/fr\/wp-json\/wp\/v2\/categories?post=351957"},{"taxonomy":"post_tag","embeddable":true,"href":"https:\/\/www.europesays.com\/fr\/wp-json\/wp\/v2\/tags?post=351957"}],"curies":[{"name":"wp","href":"https:\/\/api.w.org\/{rel}","templated":true}]}}