{"id":351959,"date":"2025-08-29T11:23:10","date_gmt":"2025-08-29T11:23:10","guid":{"rendered":"https:\/\/www.europesays.com\/fr\/351959\/"},"modified":"2025-08-29T11:23:10","modified_gmt":"2025-08-29T11:23:10","slug":"la-nocturne-de-la-biere-artisanale-revient-ce-week-end-pres-de-strasbourg-voici-le-programme","status":"publish","type":"post","link":"https:\/\/www.europesays.com\/fr\/351959\/","title":{"rendered":"La nocturne de la bi\u00e8re artisanale revient ce week-end pr\u00e8s de Strasbourg : voici le programme"},"content":{"rendered":"<p>            Par<br \/>\n        <strong><br \/>\n            <a href=\"https:\/\/actu.fr\/auteur\/redaction-strasbourg\" title=\"Consulter tous les articles de R\u00e9daction Strasbourg\" target=\"_blank\" rel=\"noopener\">R\u00e9daction Strasbourg<\/a><br \/>\n        <\/strong><\/p>\n<p>        Publi\u00e9 le<\/p>\n<p>            29 ao\u00fbt 2025 \u00e0 7h26        <\/p>\n<p><strong>D\u00e9couvrir ou red\u00e9couvrir des brasseries locales et pouvoir \u00e9changer avec les brasseurs,<\/strong> c\u2019est ce que propose la nocturne de la bi\u00e8re artisanale qui revient samedi 30 ao\u00fbt 2025 pour une 6e \u00e9dition \u00e0 <strong>Schiltigheim<\/strong>, ville de l\u2019Eurom\u00e9tropole de <a href=\"https:\/\/actu.fr\/strasbourg\/\" target=\"_blank\" rel=\"noopener\">Strasbourg<\/a>.<\/p>\n<p class=\" wall-content\">Les festivit\u00e9s auront lieu dans la cour des <strong>Halles du Scilt<\/strong>, de 17h \u00e0 23h.\u00a0<\/p>\n<p>10 stands de brasseurs<\/p>\n<p class=\" wall-content\">Ce sont en tout<strong> 10 stands de brasseurs<\/strong> qui proposeront de faire d\u00e9guster leurs bi\u00e8res \u00e0 la pression.\u00a0Seront pr\u00e9sentes\u2009:<\/p>\n<ul class=\" wall-content\">\n<li>La brasserie Les Semblables<\/li>\n<li>La\u00a0microbrasserie Bl\u00fceme<\/li>\n<li>La microbrasserie Ellipsys<\/li>\n<li>La microbrasserie Roue libre<\/li>\n<li>B\u00e9aba<\/li>\n<li>La brasserie Bucher Bernadswiller<\/li>\n<li>La brasserie CRYM<\/li>\n<li>La brasserie 3 Mats<\/li>\n<li>La brasserie Mogwai Beer Company<\/li>\n<li>La brasserie STORIG<\/li>\n<\/ul>\n<p>Ambiance musicale<\/p>\n<p class=\" wall-content\">La soir\u00e9e sera anim\u00e9e par le <strong>DJ BenG<\/strong>.<\/p>\n<p class=\" wall-content\">Une <strong>petite restauration<\/strong> sera propos\u00e9e tout au long de cette nocturne par les diff\u00e9rents commer\u00e7ants install\u00e9s dans la halle et qui seront exceptionnellement ouverts en soir\u00e9e.<\/p>\n<p>Nocturne de la bi\u00e8re artisanale, aux Halles du Scilt, 15b rue Principale \u00e0 Schiltigheim. Gratuit.<\/p>\n<p class=\" wall-content\">Personnalisez votre actualit\u00e9 en ajoutant vos villes et m\u00e9dias en favori avec <a href=\"https:\/\/moncompte.actu.fr\" title=\"D\u00e9couvez Mon Actu\" rel=\"nofollow noopener\" data-trk=\"{&quot;cta&quot;:{&quot;action&quot;:&quot;https:\\\/\\\/moncompte.actu.fr&quot;,&quot;category&quot;:&quot;mon compte&quot;,&quot;from&quot;:&quot;article footer&quot;,&quot;name&quot;:&quot;Mon actu&quot;,&quot;type&quot;:&quot;cta&quot;}}\" target=\"_blank\">Mon Actu<\/a>.<\/p>\n","protected":false},"excerpt":{"rendered":"Par R\u00e9daction Strasbourg Publi\u00e9 le 29 ao\u00fbt 2025 \u00e0 7h26 D\u00e9couvrir ou red\u00e9couvrir des brasseries locales et pouvoir&hellip;\n","protected":false},"author":2,"featured_media":276764,"comment_status":"","ping_status":"","sticky":false,"template":"","format":"standard","meta":{"footnotes":""},"categories":[2820],"tags":[1111,11,5702,1777,674,1011,27,775,1652,12,25,640],"class_list":{"0":"post-351959","1":"post","2":"type-post","3":"status-publish","4":"format-standard","5":"has-post-thumbnail","7":"category-strasbourg","8":"tag-actu","9":"tag-actualites","10":"tag-alcool","11":"tag-eu","12":"tag-europe","13":"tag-fr","14":"tag-france","15":"tag-grand-est","16":"tag-loisirs-culture","17":"tag-news","18":"tag-republique-francaise","19":"tag-strasbourg"},"share_on_mastodon":{"url":"https:\/\/pubeurope.com\/@fr\/115111802049464756","error":""},"_links":{"self":[{"href":"https:\/\/www.europesays.com\/fr\/wp-json\/wp\/v2\/posts\/351959","targetHints":{"allow":["GET"]}}],"collection":[{"href":"https:\/\/www.europesays.com\/fr\/wp-json\/wp\/v2\/posts"}],"about":[{"href":"https:\/\/www.europesays.com\/fr\/wp-json\/wp\/v2\/types\/post"}],"author":[{"embeddable":true,"href":"https:\/\/www.europesays.com\/fr\/wp-json\/wp\/v2\/users\/2"}],"replies":[{"embeddable":true,"href":"https:\/\/www.europesays.com\/fr\/wp-json\/wp\/v2\/comments?post=351959"}],"version-history":[{"count":0,"href":"https:\/\/www.europesays.com\/fr\/wp-json\/wp\/v2\/posts\/351959\/revisions"}],"wp:featuredmedia":[{"embeddable":true,"href":"https:\/\/www.europesays.com\/fr\/wp-json\/wp\/v2\/media\/276764"}],"wp:attachment":[{"href":"https:\/\/www.europesays.com\/fr\/wp-json\/wp\/v2\/media?parent=351959"}],"wp:term":[{"taxonomy":"category","embeddable":true,"href":"https:\/\/www.europesays.com\/fr\/wp-json\/wp\/v2\/categories?post=351959"},{"taxonomy":"post_tag","embeddable":true,"href":"https:\/\/www.europesays.com\/fr\/wp-json\/wp\/v2\/tags?post=351959"}],"curies":[{"name":"wp","href":"https:\/\/api.w.org\/{rel}","templated":true}]}}