{"id":351962,"date":"2025-08-29T11:25:13","date_gmt":"2025-08-29T11:25:13","guid":{"rendered":"https:\/\/www.europesays.com\/fr\/351962\/"},"modified":"2025-08-29T11:25:13","modified_gmt":"2025-08-29T11:25:13","slug":"cette-commune-pres-de-nice-frappe-fort-et-bannit-un-aliment-courant","status":"publish","type":"post","link":"https:\/\/www.europesays.com\/fr\/351962\/","title":{"rendered":"cette commune pr\u00e8s de Nice frappe fort et bannit un aliment courant"},"content":{"rendered":"<p>            Par<br \/>\n        <strong><br \/>\n            <a href=\"https:\/\/actu.fr\/auteur\/manon-reinhardt\" title=\"Consulter tous les articles de Manon Reinhardt\" target=\"_blank\" rel=\"noopener\">Manon Reinhardt<\/a><br \/>\n        <\/strong><\/p>\n<p>        Publi\u00e9 le<\/p>\n<p>            29 ao\u00fbt 2025 \u00e0 11h12        <\/p>\n<p>Une d\u00e9cision radicale. La commune de <a href=\"https:\/\/actu.fr\/provence-alpes-cote-d-azur\/mouans-sartoux_06084\" target=\"_blank\" rel=\"noopener\">Mouans-Sartoux<\/a>, pr\u00e8s de <a href=\"https:\/\/actu.fr\/provence-alpes-cote-d-azur\/nice_06088\" target=\"_blank\" rel=\"noopener\">Nice<\/a> dans les <a href=\"https:\/\/actu.fr\/provence-alpes-cote-d-azur\/alpes-maritimes_06\" target=\"_blank\" rel=\"noopener\">Alpes-Maritimes<\/a>, a choisi de retirer <strong>un aliment tr\u00e8s courant<\/strong>, mais prouv\u00e9 comme n\u00e9faste pour les jeunes enfants, des assiettes de sa cantine scolaire, a annonc\u00e9 son maire Gilles Perole, sur sa page Facebook ce jeudi 28\u00a0ao\u00fbt 2025.<\/p>\n<p class=\" wall-content\">Voici de quoi il s\u2019agit exactement.<\/p>\n<p>Du mercure dans le thon<\/p>\n<p class=\" wall-content\">On l\u2019utilise g\u00e9n\u00e9ralement dans les salades ou en plat de r\u00e9sistance. Il est m\u00eame l\u2019aliment phare de <a href=\"https:\/\/actu.fr\/provence-alpes-cote-d-azur\/nice_06088\/nice-le-saviez-vous-le-pan-bagnat-est-l-un-des-meilleurs-sandwichs-du-monde_51031338.html\" target=\"_blank\" rel=\"noopener\">l\u2019embl\u00e9matique pan-bagnat ni\u00e7ois<\/a>. <strong>Le thon<\/strong> a pourtant \u00e9t\u00e9 retir\u00e9 des menus de la cantine scolaire de la ville de Mouans-Sartoux, a indiqu\u00e9 le maire ce jeudi.<\/p>\n<p class=\" wall-content\">Pourquoi une telle d\u00e9cision\u2009? \u00ab\u2009En octobre\u00a02025, cela fera un an que l\u2019association Bloom a alert\u00e9 sur <a href=\"https:\/\/bloomassociation.org\/campagne-mercure\/\" target=\"_blank\" rel=\"noopener\">les risques pos\u00e9s par la consommation de thon<\/a> contenant du mercure, <strong>un m\u00e9tal neurotoxique<\/strong> class\u00e9 par l\u2019Organisation Mondiale de la Sant\u00e9 comme l\u2019une des dix substances les plus pr\u00e9occupantes pour la sant\u00e9 publique.\u2009\u00bb<\/p>\n<p>    <a href=\"https:\/\/www.facebook.com\/plugins\/post.php?href=https%3A%2F%2Fwww.facebook.com%2Fgilles.perole%2Fposts%2Fpfbid04Rcv6ezYZWPuGzx2z7hrvkxe7ZtuaKUHuvQNW5cP1VMtiqeM621YkNtxwMtpfGKkl&amp;show_text=true&amp;width=350\" title=\"Ouvrie le lien\" target=\"_blank\" rel=\"noopener\">Cliquez ici pour visualiser le contenu<\/a><\/p>\n<p class=\" wall-content\">Pourtant, ce poisson continue d\u2019\u00eatre servi aux plus jeunes dans les cantines scolaires, d\u00e9plore-t-il. \u00ab\u2009Aucune mesure n\u2019a \u00e9t\u00e9 prise par les responsables politiques nationaux et europ\u00e9ens et l\u2019industrie du thon pour <strong>prot\u00e9ger les consommateurs<\/strong>, en particulier les enfants.\u2009\u00bb<\/p>\n<p>Lyon, Lille, Paris, Grenoble\u2026<\/p>\n<p class=\" wall-content\">Alors Gilles Perole a d\u00e9cid\u00e9 d\u2019agir lui-m\u00eame. Le thon est d\u00e9sormais <strong>exclu des menus<\/strong> de sa cantine scolaire. Il n\u2019est pas le seul \u00e0 avoir pris cette mesure\u2009: les villes de <a href=\"https:\/\/actu.fr\/auvergne-rhone-alpes\/lyon_69123\/lyon-gregory-doucet-supprime-un-aliment-phare-des-cantines-scolaires-voici-pourquoi_63091075.html\" target=\"_blank\" rel=\"noopener\">Lyon<\/a>, Lille, Paris, Montpellier, Grenoble, Rennes et B\u00e8gles ont fait la m\u00eame annonce.<\/p>\n<p>Votre r\u00e9gion, votre actu !<\/p>\n<p>Recevez chaque jour les infos qui comptent pour vous.<\/p>\n<p>\t<a href=\"https:\/\/actu.fr\/newsletter\" class=\"ac-btn ac-btn--corner ac-btn--medium ac-btn--blue800\" target=\"_blank\" rel=\"noopener\">S&rsquo;incrire<\/a><\/p>\n<p class=\" wall-content\">\u00ab\u2009Cette mesure ne pourra \u00eatre revue sans que la limite maximale de mercure autoris\u00e9e dans le thon ne soit abaiss\u00e9e \u00e0 la teneur la plus stricte existant pour le poisson, \u00e0 savoir 0,3\u00a0mg\/kg\u2009\u00bb, ajoute l\u2019\u00e9dile de Mouans-Sartoux.<\/p>\n<p class=\" wall-content\">Cette cantine adopte d\u2019ailleurs une <strong>politique d\u2019alimentation durable<\/strong> depuis plusieurs ann\u00e9es. \u00ab\u2009Pionni\u00e8re en France avec sa r\u00e9gie agricole municipale cr\u00e9\u00e9e en 2011, la ville assure une restauration scolaire 100\u2009% bio\u2009\u00bb, peut-on lire sur son site internet.<\/p>\n<p class=\" wall-content\">Personnalisez votre actualit\u00e9 en ajoutant vos villes et m\u00e9dias en favori avec <a href=\"https:\/\/moncompte.actu.fr\" title=\"D\u00e9couvez Mon Actu\" rel=\"nofollow noopener\" data-trk=\"{&quot;cta&quot;:{&quot;action&quot;:&quot;https:\\\/\\\/moncompte.actu.fr&quot;,&quot;category&quot;:&quot;mon compte&quot;,&quot;from&quot;:&quot;article footer&quot;,&quot;name&quot;:&quot;Mon actu&quot;,&quot;type&quot;:&quot;cta&quot;}}\" target=\"_blank\">Mon Actu<\/a>.<\/p>\n","protected":false},"excerpt":{"rendered":"Par Manon Reinhardt Publi\u00e9 le 29 ao\u00fbt 2025 \u00e0 11h12 Une d\u00e9cision radicale. La commune de Mouans-Sartoux, pr\u00e8s&hellip;\n","protected":false},"author":2,"featured_media":351963,"comment_status":"","ping_status":"","sticky":false,"template":"","format":"standard","meta":{"footnotes":""},"categories":[2819],"tags":[1111,11,258,4019,1777,674,1011,27,12,2401,882,25,71,104],"class_list":{"0":"post-351962","1":"post","2":"type-post","3":"status-publish","4":"format-standard","5":"has-post-thumbnail","7":"category-nice","8":"tag-actu","9":"tag-actualites","10":"tag-alimentation","11":"tag-ecoles","12":"tag-eu","13":"tag-europe","14":"tag-fr","15":"tag-france","16":"tag-news","17":"tag-nice","18":"tag-provence-alpes-cote-dazur","19":"tag-republique-francaise","20":"tag-sante","21":"tag-societe"},"share_on_mastodon":{"url":"https:\/\/pubeurope.com\/@fr\/115111809764582031","error":""},"_links":{"self":[{"href":"https:\/\/www.europesays.com\/fr\/wp-json\/wp\/v2\/posts\/351962","targetHints":{"allow":["GET"]}}],"collection":[{"href":"https:\/\/www.europesays.com\/fr\/wp-json\/wp\/v2\/posts"}],"about":[{"href":"https:\/\/www.europesays.com\/fr\/wp-json\/wp\/v2\/types\/post"}],"author":[{"embeddable":true,"href":"https:\/\/www.europesays.com\/fr\/wp-json\/wp\/v2\/users\/2"}],"replies":[{"embeddable":true,"href":"https:\/\/www.europesays.com\/fr\/wp-json\/wp\/v2\/comments?post=351962"}],"version-history":[{"count":0,"href":"https:\/\/www.europesays.com\/fr\/wp-json\/wp\/v2\/posts\/351962\/revisions"}],"wp:featuredmedia":[{"embeddable":true,"href":"https:\/\/www.europesays.com\/fr\/wp-json\/wp\/v2\/media\/351963"}],"wp:attachment":[{"href":"https:\/\/www.europesays.com\/fr\/wp-json\/wp\/v2\/media?parent=351962"}],"wp:term":[{"taxonomy":"category","embeddable":true,"href":"https:\/\/www.europesays.com\/fr\/wp-json\/wp\/v2\/categories?post=351962"},{"taxonomy":"post_tag","embeddable":true,"href":"https:\/\/www.europesays.com\/fr\/wp-json\/wp\/v2\/tags?post=351962"}],"curies":[{"name":"wp","href":"https:\/\/api.w.org\/{rel}","templated":true}]}}