{"id":351966,"date":"2025-08-29T11:27:13","date_gmt":"2025-08-29T11:27:13","guid":{"rendered":"https:\/\/www.europesays.com\/fr\/351966\/"},"modified":"2025-08-29T11:27:13","modified_gmt":"2025-08-29T11:27:13","slug":"quelle-alliance-a-generation-ecologie","status":"publish","type":"post","link":"https:\/\/www.europesays.com\/fr\/351966\/","title":{"rendered":"Quelle alliance \u00e0 G\u00e9n\u00e9ration Ecologie ?"},"content":{"rendered":"<p>                            <strong>Les militants du parti G\u00e9n\u00e9ration \u00c9cologie vont se prononcer lors d\u2019un vote sur des options d\u2019alliance d\u00e9but septembre pour les Municipales 2026 \u00e0 Nantes.<\/strong><\/p>\n<p>Quelle alliance pour G\u00e9n\u00e9ration Ecologie lors des <strong><a href=\"https:\/\/hellogazettenantes.fr\/municipales-nantes-les-ecologistes-veulent-une-gauche-reunie\/\" rel=\"nofollow noopener\" target=\"_blank\">Municipales<\/a><\/strong> \u00e0 Nantes en 2026 ? La question est pos\u00e9e aux adh\u00e9rents du parti pr\u00e9sid\u00e9 au niveau national par Delphine Batho, d\u00e9put\u00e9e et ancienne Ministre de l\u2019\u00e9cologie. Le chef de file de G\u00e9n\u00e9ration Ecologie sur le territoire nantais est Elhadi Azzi, conseiller municipal et conseiller m\u00e9tropolitain de Nantes. Elhadi Azzi a \u00ab\u00a0organis\u00e9 plusieurs rencontres autour du questionnaire \u00ab Vivre Autrement \u00bb dont l\u2019objectif politique de la d\u00e9marche est l\u2019\u00e9laboration de mesures programmatiques, en vue des \u00e9lections municipales de 2026\u00a0\u00bb explique le parti \u00e0 Nantes.<\/p>\n<p>\u00ab Nous avons lors de ces six derniers mois, pu faire le bilan du mandat 2020-2026 en tant que composante du groupe \u00c9cologistes et Citoyens dans la majorit\u00e9 municipale conduite par Johanna ROLLAND\u00a0\u00bb indique-t-il. La question de l\u2019alliance sera tranch\u00e9e par les militants d\u00e9but septembre. Plusieurs options seront pr\u00e9sent\u00e9es suite \u00e0 diff\u00e9rentes rencontres avec les partenaires politiques de gauche et \u00e9cologistes. Des \u00e9changes durant lesquels les 325 contributions collect\u00e9es par G\u00e9n\u00e9ration \u00e9cologie aupr\u00e8s des Nantais et Nantaises ont \u00e9t\u00e9 mises sur la table.            <\/p>\n<p><img decoding=\"async\" alt=\"Advertisement\" src=\"data:image\/svg+xml,%3Csvg%20xmlns=\" http:=\"\" data-lazy-src=\"https:\/\/www.europesays.com\/fr\/wp-content\/uploads\/2025\/04\/Application-mobile-hello-gazette-nantes.gif\"\/><\/p>\n","protected":false},"excerpt":{"rendered":"Les militants du parti G\u00e9n\u00e9ration \u00c9cologie vont se prononcer lors d\u2019un vote sur des options d\u2019alliance d\u00e9but septembre&hellip;\n","protected":false},"author":2,"featured_media":351967,"comment_status":"","ping_status":"","sticky":false,"template":"","format":"standard","meta":{"footnotes":""},"categories":[2818],"tags":[1111,11,1777,674,1011,27,766,12,2636,25],"class_list":{"0":"post-351966","1":"post","2":"type-post","3":"status-publish","4":"format-standard","5":"has-post-thumbnail","7":"category-nantes","8":"tag-actu","9":"tag-actualites","10":"tag-eu","11":"tag-europe","12":"tag-fr","13":"tag-france","14":"tag-nantes","15":"tag-news","16":"tag-pays-de-la-loire","17":"tag-republique-francaise"},"share_on_mastodon":{"url":"https:\/\/pubeurope.com\/@fr\/115111817654776951","error":""},"_links":{"self":[{"href":"https:\/\/www.europesays.com\/fr\/wp-json\/wp\/v2\/posts\/351966","targetHints":{"allow":["GET"]}}],"collection":[{"href":"https:\/\/www.europesays.com\/fr\/wp-json\/wp\/v2\/posts"}],"about":[{"href":"https:\/\/www.europesays.com\/fr\/wp-json\/wp\/v2\/types\/post"}],"author":[{"embeddable":true,"href":"https:\/\/www.europesays.com\/fr\/wp-json\/wp\/v2\/users\/2"}],"replies":[{"embeddable":true,"href":"https:\/\/www.europesays.com\/fr\/wp-json\/wp\/v2\/comments?post=351966"}],"version-history":[{"count":0,"href":"https:\/\/www.europesays.com\/fr\/wp-json\/wp\/v2\/posts\/351966\/revisions"}],"wp:featuredmedia":[{"embeddable":true,"href":"https:\/\/www.europesays.com\/fr\/wp-json\/wp\/v2\/media\/351967"}],"wp:attachment":[{"href":"https:\/\/www.europesays.com\/fr\/wp-json\/wp\/v2\/media?parent=351966"}],"wp:term":[{"taxonomy":"category","embeddable":true,"href":"https:\/\/www.europesays.com\/fr\/wp-json\/wp\/v2\/categories?post=351966"},{"taxonomy":"post_tag","embeddable":true,"href":"https:\/\/www.europesays.com\/fr\/wp-json\/wp\/v2\/tags?post=351966"}],"curies":[{"name":"wp","href":"https:\/\/api.w.org\/{rel}","templated":true}]}}