{"id":351976,"date":"2025-08-29T11:32:15","date_gmt":"2025-08-29T11:32:15","guid":{"rendered":"https:\/\/www.europesays.com\/fr\/351976\/"},"modified":"2025-08-29T11:32:15","modified_gmt":"2025-08-29T11:32:15","slug":"il-avait-son-propre-trafic","status":"publish","type":"post","link":"https:\/\/www.europesays.com\/fr\/351976\/","title":{"rendered":"il avait son propre trafic"},"content":{"rendered":"<p>            Par<br \/>\n        <strong><br \/>\n            <a href=\"https:\/\/actu.fr\/auteur\/lea-afonso\" title=\"Consulter tous les articles de L\u00e9a Afonso\" rel=\"nofollow noopener\" target=\"_blank\">L\u00e9a Afonso<\/a><br \/>\n        <\/strong><\/p>\n<p>        Publi\u00e9 le<\/p>\n<p>            29 ao\u00fbt 2025 \u00e0 12h24        <\/p>\n<p>Alors que la<strong> brigade des stup\u00e9fiants<\/strong> de la rive droite \u00e0 <a href=\"https:\/\/actu.fr\/toulouse\/\" rel=\"nofollow noopener\" target=\"_blank\">Toulouse<\/a> menait une enqu\u00eate aupr\u00e8s d\u2019un<strong> r\u00e9seau de drogue<\/strong> dont elle avait eu connaissance, elle a fait une saisie importante ce mercredi 27 ao\u00fbt 2025. L\u2019histoire.<\/p>\n<p>Une enqu\u00eate et une saisie<\/p>\n<p class=\" wall-content\">Depuis plusieurs jours d\u00e9j\u00e0, la<strong> brigade des stups de la rive droite<\/strong> menait une enqu\u00eate. Elle avait connaissance d\u2019un <strong>trafic de drogue<\/strong> dans la Ville rose.<\/p>\n<p class=\" wall-content\">\u00ab\u2009Le mercredi 27 ao\u00fbt, elle a confirmation de ce trafic et intervient donc \u00e0 11\u2009h\u200930 dans le secteur de <strong>l\u2019avenue de Muret<\/strong>\u2009\u00bb, indique une source polici\u00e8re \u00e0 Actu Toulouse.<\/p>\n<p class=\" wall-content\">La brigade canine et \u00ab\u2009la bac rive gauche cette fois\u2009\u00bb\u00a0 surveillent le domicile du <strong>principal suspect<\/strong> de l\u2019affaire, un homme n\u00e9 en <strong>2006<\/strong>. C\u2019est alors que \u00ab\u2009le chien marque une voiture\u2009\u00bb, indique cette m\u00eame source polici\u00e8re.<\/p>\n<p>Plus de 8 kilos de r\u00e9sine<\/p>\n<p class=\" wall-content\">\u00ab\u2009Nous avons alors interpell\u00e9 le principal suspect et saisi sa voiture. Dans celle-ci, nous avons retrouv\u00e9<strong> 8 kilos et demi de r\u00e9sine<\/strong> ainsi que <strong>180\u20ac<\/strong>. \u00c0 son <strong>domicile<\/strong>, ce sont <strong>1280\u20ac<\/strong> en esp\u00e8ce que l\u2019on a retrouv\u00e9e\u2009\u00bb.<\/p>\n<p>Vid\u00e9os : en ce moment sur Actu<\/p>\n<p class=\" wall-content\">\n<p class=\" wall-content\">Mais le principal suspect n\u2019\u00e9tait pas seul. Un deuxi\u00e8me individu \u00ab\u00a0n\u00e9 en 2007\u2009\u00a0\u00bb se trouvait avec lui. \u00c0 son domicile, \u00ab<strong>\u200950\u20ac<\/strong> et <strong>quelques grammes de cannabis<\/strong> ont \u00e9t\u00e9 retrouv\u00e9s. 900\u20ac dans sa voiture\u2009\u00bb, confirme notre source polici\u00e8re.<\/p>\n<p>Suite de l\u2019affaire<\/p>\n<p class=\" wall-content\">Tous les deux interpell\u00e9s, le premier nie les faits, tandis que le deuxi\u00e8me \u00ab\u2009a avou\u00e9 \u00eatre vendeur et travailler pour son comp\u00e8re. Les \u00e9l\u00e9ments de l\u2019enqu\u00eate sont \u00e0 charge contre celui n\u00e9 en 2006\u2009\u00bb. Ils ont \u00e9t\u00e9 d\u00e9f\u00e9r\u00e9s devant le parquet de Toulouse.<\/p>\n<p>Votre r\u00e9gion, votre actu !<\/p>\n<p>Recevez chaque jour les infos qui comptent pour vous.<\/p>\n<p>\t<a href=\"https:\/\/actu.fr\/newsletter\" class=\"ac-btn ac-btn--corner ac-btn--medium ac-btn--blue800\" rel=\"nofollow noopener\" target=\"_blank\">S&rsquo;incrire<\/a><\/p>\n<p class=\" wall-content\">Personnalisez votre actualit\u00e9 en ajoutant vos villes et m\u00e9dias en favori avec <a href=\"https:\/\/moncompte.actu.fr\" title=\"D\u00e9couvez Mon Actu\" rel=\"nofollow noopener\" data-trk=\"{&quot;cta&quot;:{&quot;action&quot;:&quot;https:\\\/\\\/moncompte.actu.fr&quot;,&quot;category&quot;:&quot;mon compte&quot;,&quot;from&quot;:&quot;article footer&quot;,&quot;name&quot;:&quot;Mon actu&quot;,&quot;type&quot;:&quot;cta&quot;}}\" target=\"_blank\">Mon Actu<\/a>.<\/p>\n","protected":false},"excerpt":{"rendered":"Par L\u00e9a Afonso Publi\u00e9 le 29 ao\u00fbt 2025 \u00e0 12h24 Alors que la brigade des stup\u00e9fiants de la&hellip;\n","protected":false},"author":2,"featured_media":351977,"comment_status":"","ping_status":"","sticky":false,"template":"","format":"standard","meta":{"footnotes":""},"categories":[2816],"tags":[1111,11,1052,1777,674,118,1011,27,12,2680,1072,25,2312],"class_list":{"0":"post-351976","1":"post","2":"type-post","3":"status-publish","4":"format-standard","5":"has-post-thumbnail","7":"category-toulouse","8":"tag-actu","9":"tag-actualites","10":"tag-drogue","11":"tag-eu","12":"tag-europe","13":"tag-faits-divers","14":"tag-fr","15":"tag-france","16":"tag-news","17":"tag-occitanie","18":"tag-police","19":"tag-republique-francaise","20":"tag-toulouse"},"share_on_mastodon":{"url":"https:\/\/pubeurope.com\/@fr\/115111837364134921","error":""},"_links":{"self":[{"href":"https:\/\/www.europesays.com\/fr\/wp-json\/wp\/v2\/posts\/351976","targetHints":{"allow":["GET"]}}],"collection":[{"href":"https:\/\/www.europesays.com\/fr\/wp-json\/wp\/v2\/posts"}],"about":[{"href":"https:\/\/www.europesays.com\/fr\/wp-json\/wp\/v2\/types\/post"}],"author":[{"embeddable":true,"href":"https:\/\/www.europesays.com\/fr\/wp-json\/wp\/v2\/users\/2"}],"replies":[{"embeddable":true,"href":"https:\/\/www.europesays.com\/fr\/wp-json\/wp\/v2\/comments?post=351976"}],"version-history":[{"count":0,"href":"https:\/\/www.europesays.com\/fr\/wp-json\/wp\/v2\/posts\/351976\/revisions"}],"wp:featuredmedia":[{"embeddable":true,"href":"https:\/\/www.europesays.com\/fr\/wp-json\/wp\/v2\/media\/351977"}],"wp:attachment":[{"href":"https:\/\/www.europesays.com\/fr\/wp-json\/wp\/v2\/media?parent=351976"}],"wp:term":[{"taxonomy":"category","embeddable":true,"href":"https:\/\/www.europesays.com\/fr\/wp-json\/wp\/v2\/categories?post=351976"},{"taxonomy":"post_tag","embeddable":true,"href":"https:\/\/www.europesays.com\/fr\/wp-json\/wp\/v2\/tags?post=351976"}],"curies":[{"name":"wp","href":"https:\/\/api.w.org\/{rel}","templated":true}]}}