{"id":351980,"date":"2025-08-29T11:34:09","date_gmt":"2025-08-29T11:34:09","guid":{"rendered":"https:\/\/www.europesays.com\/fr\/351980\/"},"modified":"2025-08-29T11:34:09","modified_gmt":"2025-08-29T11:34:09","slug":"as-rome-dinamo-zagreb-brann-tous-les-adversaires-de-lille-pour-la-phase-de-ligue","status":"publish","type":"post","link":"https:\/\/www.europesays.com\/fr\/351980\/","title":{"rendered":"AS Rome, Dinamo Zagreb, Brann\u2026 Tous les adversaires de Lille pour la phase de ligue"},"content":{"rendered":"<p>Le tirage au sort de la phase de ligue de la Ligue Europa r\u00e9alis\u00e9 ce vendredi a r\u00e9serv\u00e9 de belles affiches \u00e0 Lille. Le LOSC affrontera notamment l&rsquo;AS Rome et le Dinamo Zagreb pour tenter de se qualifier pour la suite de la comp\u00e9tition continentale.<\/p>\n<p>Pas loin de venir \u00e0 bout du <a href=\"https:\/\/rmcsport.bfmtv.com\/football\/bundesliga\/borussia-dortmund_DN-202406110389.html\" title=\"Borussia Dortmund\" class=\"internal_link\" rel=\"nofollow noopener\" target=\"_blank\">Borussia Dortmund<\/a> la saison pass\u00e9e en Ligue des champions, Lille va encha\u00eener une nouvelle saison en Europe. Mais cette fois, le groupe dirig\u00e9 par <a href=\"https:\/\/rmcsport.bfmtv.com\/football\/ligue-1\/lille-la-petite-pique-amusee-de-genesio-a-letang-apres-son-gros-retard-en-conference-de-presse_AV-202508280550.html\" title=\"Lille: la petite pique amus\u00e9e de Genesio \u00e0 L\u00e9tang apr\u00e8s son gros retard en conf\u00e9rence de presse\" class=\"internal_link\" rel=\"nofollow noopener\" target=\"_blank\">Bruno Genesio<\/a> luttera en Ligue Europa. Fort du recrutement d\u2019<a href=\"https:\/\/rmcsport.bfmtv.com\/football\/olivier-giroud_DN-202108310553.html\" title=\"Olivier Giroud\" class=\"internal_link\" rel=\"nofollow noopener\" target=\"_blank\">Olivier Giroud<\/a> et de plusieurs talents prometteurs en attaque comme <a href=\"https:\/\/rmcsport.bfmtv.com\/football\/clubs\/losc-lille\/mercato-lille-boucle-le-recrutement-d-un-international-marocain_AV-202508280416.html\" title=\"Mercato: Lille boucle le recrutement d&#039;un international marocain\" class=\"internal_link\" rel=\"nofollow noopener\" target=\"_blank\">Hamza Igamane<\/a> et F\u00e9lix Correia, le LOSC a su compenser les d\u00e9parts de <a href=\"https:\/\/rmcsport.bfmtv.com\/football\/serie-a\/serie-a-la-juventus-rejoint-naples-en-tete-grace-au-premier-but-de-jonathan-david_AV-202508240341.html\" title=\"Serie A: la Juventus rejoint Naples en t\u00eate gr\u00e2ce au premier but de Jonathan David\" class=\"internal_link\" rel=\"nofollow noopener\" target=\"_blank\">Jonathan David<\/a> et R\u00e9my Cabella.<\/p>\n<p>Le tirage au sort de la phase de ligue laisse aux Dogues une vraie chance de vivre une belle exp\u00e9rience continentale en 2025-2026 avec des voyages \u00e0 Rome, sur le terrain de l&rsquo;Etoile Rouge de Belgrade, face aux Young Boys de Berne et contre le Celta Vigo. Pour ce qui est des affiches au stade Pierre-Mauroy, Lille y recevra le Dinamo Zagreb, le PAOK, Fribourg et Brann.<\/p>\n<p>Les adversaires de Lille pour la phase de ligue de Ligue Europa<\/p>\n<ul class=\"list_unordered\">\n<li>Dinamo Zagreb (D)<\/li>\n<li>AS Rome (E)<\/li>\n<li>Paok (D)<\/li>\n<li>Etoile Rouge de Belgrade (E)<\/li>\n<li>Fribourg (D)<\/li>\n<li>Young Boys (E)<\/li>\n<li>Brann (D)<\/li>\n<li>Celta Vigo (E)<\/li>\n<\/ul>\n<p class=\"encadre_text\"><strong>Le calendrier de la phase de ligue en Ligue Europa:<br \/><\/strong><br \/>Journ\u00e9e 1: 24 et 25 septembre 2025<\/p>\n<p>Journ\u00e9e 2: 2 octobre 2025<\/p>\n<p>Journ\u00e9e 3: 23 octobre 2025<\/p>\n<p>Journ\u00e9e 4: 6 novembre 2025<\/p>\n<p>Journ\u00e9e 5: 27 novembre 2025<\/p>\n<p>Journ\u00e9e 6: 11 d\u00e9cembre 205<\/p>\n<p>Journ\u00e9e 7: 22 janvier 2026<\/p>\n<p>Journ\u00e9e 8: 29 janvier 2026<\/p>\n<p>Si tous les adversaires de Lille sont connus, il faudra encore attendre avant de conna\u00eetre le calendrier exact du club nordiste en Ligue Europa. En raison des contraintes de diffusion TV, l\u2019UEFA a pr\u00e9vu de communiquer les dates de chaque rencontre au plus tard ce dimanche 31 ao\u00fbt.<\/p>\n<p>Jean-Guy Lebreton Journaliste RMC Sport<\/p>\n","protected":false},"excerpt":{"rendered":"Le tirage au sort de la phase de ligue de la Ligue Europa r\u00e9alis\u00e9 ce vendredi a r\u00e9serv\u00e9&hellip;\n","protected":false},"author":2,"featured_media":351981,"comment_status":"","ping_status":"","sticky":false,"template":"","format":"standard","meta":{"footnotes":""},"categories":[2815],"tags":[1111,11,1777,674,1011,27,811,1307,12,25],"class_list":{"0":"post-351980","1":"post","2":"type-post","3":"status-publish","4":"format-standard","5":"has-post-thumbnail","7":"category-lille","8":"tag-actu","9":"tag-actualites","10":"tag-eu","11":"tag-europe","12":"tag-fr","13":"tag-france","14":"tag-hauts-de-france","15":"tag-lille","16":"tag-news","17":"tag-republique-francaise"},"share_on_mastodon":{"url":"https:\/\/pubeurope.com\/@fr\/115111845135004907","error":""},"_links":{"self":[{"href":"https:\/\/www.europesays.com\/fr\/wp-json\/wp\/v2\/posts\/351980","targetHints":{"allow":["GET"]}}],"collection":[{"href":"https:\/\/www.europesays.com\/fr\/wp-json\/wp\/v2\/posts"}],"about":[{"href":"https:\/\/www.europesays.com\/fr\/wp-json\/wp\/v2\/types\/post"}],"author":[{"embeddable":true,"href":"https:\/\/www.europesays.com\/fr\/wp-json\/wp\/v2\/users\/2"}],"replies":[{"embeddable":true,"href":"https:\/\/www.europesays.com\/fr\/wp-json\/wp\/v2\/comments?post=351980"}],"version-history":[{"count":0,"href":"https:\/\/www.europesays.com\/fr\/wp-json\/wp\/v2\/posts\/351980\/revisions"}],"wp:featuredmedia":[{"embeddable":true,"href":"https:\/\/www.europesays.com\/fr\/wp-json\/wp\/v2\/media\/351981"}],"wp:attachment":[{"href":"https:\/\/www.europesays.com\/fr\/wp-json\/wp\/v2\/media?parent=351980"}],"wp:term":[{"taxonomy":"category","embeddable":true,"href":"https:\/\/www.europesays.com\/fr\/wp-json\/wp\/v2\/categories?post=351980"},{"taxonomy":"post_tag","embeddable":true,"href":"https:\/\/www.europesays.com\/fr\/wp-json\/wp\/v2\/tags?post=351980"}],"curies":[{"name":"wp","href":"https:\/\/api.w.org\/{rel}","templated":true}]}}