{"id":351993,"date":"2025-08-29T11:42:30","date_gmt":"2025-08-29T11:42:30","guid":{"rendered":"https:\/\/www.europesays.com\/fr\/351993\/"},"modified":"2025-08-29T11:42:30","modified_gmt":"2025-08-29T11:42:30","slug":"nucleaire-iranien-paris-londres-et-berlin-declenchent-le-snapback-teheran-sous-la-menace-de-sanctions-dici-30-jours","status":"publish","type":"post","link":"https:\/\/www.europesays.com\/fr\/351993\/","title":{"rendered":"Nucl\u00e9aire iranien\u00a0: Paris, Londres et Berlin d\u00e9clenchent le \u00ab\u00a0snapback\u00a0\u00bb, T\u00e9h\u00e9ran sous la menace de sanctions d\u2019ici 30 jours"},"content":{"rendered":"<p class=\"paragraph text_align_left lp-f-body-02\">\u00ab L\u2019escalade nucl\u00e9aire de l\u2019Iran <a href=\"https:\/\/www.leparisien.fr\/international\/iran\/nucleaire-cest-quoi-le-snapback-cet-outil-diplomatique-que-la-france-menace-dactiver-contre-liran-15-07-2025-4VVESDSXHZC5JCGXXBXYZ5PPKI.php\" target=\"_blank\" rel=\"noreferrer noopener\">ne doit pas aller plus loin<\/a> \u00bb, a d\u00e9clar\u00e9 jeudi Jean-No\u00ebl Barrot, le ministre fran\u00e7ais des Affaires \u00e9trang\u00e8res. Plusieurs capitales avaient d\u00e9j\u00e0 brandi la menace de r\u00e9activer <a href=\"https:\/\/www.leparisien.fr\/international\/iran\/nucleaire-cest-quoi-le-snapback-cet-outil-diplomatique-que-la-france-menace-dactiver-contre-liran-15-07-2025-4VVESDSXHZC5JCGXXBXYZ5PPKI.php\" target=\"_self\" rel=\"noopener\">le \u00ab snapback \u00bb<\/a> ces derni\u00e8res semaines dans <a href=\"https:\/\/www.leparisien.fr\/international\/iran\/nucleaire-iranien-5-minutes-pour-comprendre-la-fin-des-relations-entre-laiea-et-teheran-02-07-2025-3YZKBE3MEBCVROUV7CPYGMZUMA.php\" target=\"_self\" rel=\"noopener\">le dossier du nucl\u00e9aire iranien<\/a>.<\/p>\n<p class=\"paragraph text_align_left lp-f-body-02\"><a href=\"https:\/\/www.leparisien.fr\/international\/nucleaire-iranien-la-france-lallemagne-et-le-royaume-uni-prets-a-declencher-de-nouvelles-sanctions-13-08-2025-NTJHTOAQZ5DDHHZNLTLPJYPZDQ.php\" target=\"_self\" rel=\"noopener\">Paris, Londres et Berlin<\/a> ont fini par s\u00e9vir en d\u00e9clenchant, ce jeudi, le m\u00e9canisme pour r\u00e9imposer les sanctions de l\u2019ONU contre T\u00e9h\u00e9ran, une d\u00e9marche salu\u00e9e par Isra\u00ebl. \u00c0 l\u2019initiative des trois pays europ\u00e9ens le Conseil de s\u00e9curit\u00e9 de l\u2019ONU se r\u00e9unira en urgence vendredi.<\/p>\n<p class=\"paragraph text_align_left lp-f-body-02\">\u00ab L\u2019Iran r\u00e9pondra de mani\u00e8re appropri\u00e9e \u00e0 cette action ill\u00e9gale et injustifi\u00e9e \u00bb, a r\u00e9agi <a href=\"https:\/\/www.leparisien.fr\/international\/iran\/nucleaire-iranien-de-nouvelles-negociations-prevues-avec-les-europeens-mardi-22-08-2025-7K7KAET7WVBNXB3FNRJYUVZCRQ.php\" target=\"_self\" rel=\"noopener\">Abbas Araghchi<\/a>, le ministre des Affaires \u00e9trang\u00e8res de T\u00e9h\u00e9ran. La R\u00e9publique islamique affirme \u00e9galement que la d\u00e9cision des Europ\u00e9ens \u00ab compromettra gravement \u00bb sa coop\u00e9ration avec l\u2019Agence internationale de l\u2019\u00e9nergie atomique (AIEA). La Russe ne voit \u00ab aucune base l\u00e9gale \u00bb pour r\u00e9imposer les sanctions.<\/p>\n<p>Ce que r\u00e9clament les Europ\u00e9ens<\/p>\n<p class=\"paragraph text_align_left lp-f-body-02\">Les trois pays \u00ab souhaitent notifier le Conseil de s\u00e9curit\u00e9 que, sur la base de preuves factuelles, le E3 (la France, le Royaume-Uni et l\u2019Allemagne) estime que l\u2019Iran est en position de non-respect important de ses engagements \u00bb en vertu de <a href=\"https:\/\/www.leparisien.fr\/international\/nucleaire-iranien-l-accord-est-une-erreur-historique-pour-netanyahu-14-07-2015-4943499.php\" target=\"_self\" rel=\"noopener\">l\u2019accord sur le nucl\u00e9aire de 2015<\/a> et \u00ab invoquent ainsi le m\u00e9canisme connu sous le nom du snapback \u00bb, qui entame un processus de 30 jours permettant de r\u00e9imposer toute une s\u00e9rie de sanctions suspendues il y a dix ans, indique la lettre.<\/p>\n<p class=\"paragraph text_align_left lp-f-body-02\">\u00ab Nous attendons d\u00e9sormais de l\u2019Iran \u00bb : une \u00ab coop\u00e9ration totale avec l\u2019AIEA \u00bb, un \u00ab engagement clair en faveur de n\u00e9gociations avec les Etats-Unis \u00bb, et des certitudes sur le sort du stock d\u2019uranium iranien, a expliqu\u00e9 sur X le ministre allemand <a href=\"https:\/\/www.leparisien.fr\/international\/poutine-veut-la-capitulation-de-lukraine-declare-le-chef-de-la-diplomatie-allemande-a-kiev-30-06-2025-TBKSM3KVHRALTDNLDCFIV23RII.php\" target=\"_self\" rel=\"noopener\">Johann Wadephul.<\/a><\/p>\n<blockquote class=\"twitter-tweet\">\n<p lang=\"de\" dir=\"ltr\">Wir erwarten jetzt von Iran: Volle Kooperation mit der <a href=\"https:\/\/twitter.com\/hashtag\/IAEO?src=hash&amp;ref_src=twsrc%5Etfw\" target=\"_blank\" rel=\"noopener\">#IAEO<\/a>. Ein klares Bekenntnis zu direkten <a href=\"https:\/\/twitter.com\/hashtag\/Verhandlungen?src=hash&amp;ref_src=twsrc%5Etfw\" target=\"_blank\" rel=\"noopener\">#Verhandlungen<\/a> mit den USA. \u00dcberpr\u00fcfbare, deeskalierende Schritte bei der nuklearen <a href=\"https:\/\/twitter.com\/hashtag\/Anreicherung?src=hash&amp;ref_src=twsrc%5Etfw\" target=\"_blank\" rel=\"noopener\">#Anreicherung<\/a>. Noch bleiben 30 Tage, bis die UN-Sanktionen gegen Iran wieder in Kraft treten. 2\/2<\/p>\n<p>\u2014 Johann Wadephul (@AussenMinDE) <a href=\"https:\/\/twitter.com\/AussenMinDE\/status\/1961067240675041647?ref_src=twsrc%5Etfw\" target=\"_blank\" rel=\"noopener\">August 28, 2025<\/a><\/p><\/blockquote>\n<p class=\"paragraph text_align_left lp-f-body-02\">Le sort des stocks de 400 kilos d\u2019uranium \u00e0 60 %, permettant de fabriquer neuf bombes, demeure inconnu depuis qu\u2019ils ont \u00e9t\u00e9 vis\u00e9s par les <a href=\"https:\/\/www.leparisien.fr\/international\/iran\/iran-le-programme-nucleaire-de-teheran-retarde-denviron-deux-ans-par-les-frappes-americaines-affirme-le-pentagone-02-07-2025-AACU2XUK6VA3HDVVRHKUBINAAQ.php\" target=\"_self\" rel=\"noopener\">bombardements isra\u00e9liens et am\u00e9ricains de juin<\/a>. <\/p>\n<p class=\"paragraph text_align_left lp-f-body-02\">Alors qu\u2019ils avaient quitt\u00e9 <a href=\"https:\/\/www.leparisien.fr\/international\/nucleaire-iranien-trump-annonce-le-retrait-des-etats-unis-de-l-accord-08-05-2018-7705584.php\" target=\"_self\" rel=\"noopener\">unilat\u00e9ralement l\u2019accord sur le nucl\u00e9aire iranien en 2018<\/a> sous le premier mandat de Donald Trump, les \u00c9tats-Unis sont ouverts \u00e0 des discussions \u00ab directes \u00bb avec T\u00e9h\u00e9ran, a annonc\u00e9 jeudi le secr\u00e9taire d\u2019\u00c9tat <a href=\"https:\/\/www.leparisien.fr\/international\/nucleaire-iranien-trump-annonce-le-retrait-des-etats-unis-de-l-accord-08-05-2018-7705584.php\" target=\"_self\" rel=\"noopener\">Marco Rubio<\/a>.<\/p>\n<p>L\u2019AIEA de retour \u00e0 Bouchehr mais une coop\u00e9ration en pointill\u00e9<\/p>\n<p class=\"paragraph text_align_left lp-f-body-02\">\u00c0 la suite de cette guerre des 12 jours, en juin, <a href=\"https:\/\/www.leparisien.fr\/international\/iran\/liran-affirme-ne-pas-chercher-a-se-doter-de-larme-nucleaire-mais-entend-faire-valoir-ses-droits-legitimes-24-06-2025-XD456TQX2JEYXF3STTSLXED7WY.php\" rel=\"noopener\" target=\"_blank\">l\u2019Iran avait suspendu sa coop\u00e9ration<\/a>, d\u00e9j\u00e0 limit\u00e9e, avec l\u2019agence internationale de l\u2019\u00e9nergie atomique (AIEA). Mercredi, le patron de l\u2019AIEA, Rafael Grossi, a annonc\u00e9 qu\u2019une \u00e9quipe de l\u2019agence \u00e9tait de retour en Iran.<\/p>\n<p class=\"paragraph text_align_left lp-f-body-02\">Les inspecteurs de l\u2019AIEA ont commenc\u00e9 leur travail mercredi sur le site de <a href=\"https:\/\/www.leparisien.fr\/environnement\/iran-la-centrale-nucleaire-de-bouchehr-a-larret-apres-une-defaillance-technique-21-06-2021-WLM6O5I3EFAHXCS2HTQRQ2P7UE.php\" target=\"_self\" rel=\"noopener\">Bouchehr,<\/a> la principale centrale nucl\u00e9aire de production d\u2019\u00e9lectricit\u00e9 du pays.<\/p>\n<p class=\"paragraph text_align_left lp-f-body-02\">Pour autant, cela ne marque pas une reprise compl\u00e8te de la coop\u00e9ration sur le programme nucl\u00e9aire de T\u00e9h\u00e9ran, suspendue en juillet, selon Rafael Grossi. Jeudi T\u00e9h\u00e9ran affirme que la d\u00e9cision des Europ\u00e9ens \u00ab compromettra gravement \u00bb sa coop\u00e9ration avec l\u2019AIEA<\/p>\n<p>\u00ab Nous restons attach\u00e9s \u00e0 la diplomatie \u00bb<\/p>\n<p class=\"paragraph text_align_left lp-f-body-02\">\u00ab Nous sommes d\u00e9termin\u00e9s \u00e0 mettre \u00e0 profit la p\u00e9riode de 30 jours qui s\u2019ouvre pour dialoguer avec l\u2019Iran \u00bb, temp\u00e8re sur X Jean-No\u00ebl Barrot.<\/p>\n<blockquote class=\"twitter-tweet\">\n<p lang=\"fr\" dir=\"ltr\">Avec mes coll\u00e8gues <a href=\"https:\/\/twitter.com\/AussenMinDE?ref_src=twsrc%5Etfw\" target=\"_blank\" rel=\"noopener\">@AussenMinDE<\/a> et <a href=\"https:\/\/twitter.com\/DavidLammy?ref_src=twsrc%5Etfw\" target=\"_blank\" rel=\"noopener\">@DavidLammy<\/a>, nous avons officiellement notifi\u00e9 au Conseil de s\u00e9curit\u00e9 des Nations unies le non-respect notable par l\u2019Iran de ses engagements au titre du Plan d\u2019action global commun, et avons d\u00e9clench\u00e9 la proc\u00e9dure dite de \u00ab snapback \u00bb.\u2026<\/p>\n<p>\u2014 Jean-No\u00ebl Barrot (@jnbarrot) <a href=\"https:\/\/twitter.com\/jnbarrot\/status\/1961066267307053457?ref_src=twsrc%5Etfw\" target=\"_blank\" rel=\"noopener\">August 28, 2025<\/a><\/p><\/blockquote>\n<p class=\"paragraph text_align_left lp-f-body-02\">\u00ab Nous restons attach\u00e9s \u00e0 la diplomatie pour garantir que l<b>\u2019<\/b>Iran<b> <\/b>n\u2019acqui\u00e8re jamais l\u2019arme nucl\u00e9aire \u00bb , ajoute-t-il, alors que les n\u00e9gociations entre l\u2019E3 et T\u00e9h\u00e9ran avaient repris <a href=\"https:\/\/www.leparisien.fr\/international\/iran\/nucleaire-iranien-reprise-des-negociations-mardi-a-geneve-avec-les-europeens-25-08-2025-XROO4OINOJCPNIPFZGRR655LXY.php\" target=\"_self\" rel=\"noopener\">le 25 ao\u00fbt \u00e0 Gen\u00e8ve<\/a>.<\/p>\n<p><script async src=\"https:\/\/platform.twitter.com\/widgets.js\" charset=\"utf-8\"><\/script><\/p>\n","protected":false},"excerpt":{"rendered":"\u00ab L\u2019escalade nucl\u00e9aire de l\u2019Iran ne doit pas aller plus loin \u00bb, a d\u00e9clar\u00e9 jeudi Jean-No\u00ebl Barrot, le&hellip;\n","protected":false},"author":2,"featured_media":351994,"comment_status":"","ping_status":"","sticky":false,"template":"","format":"standard","meta":{"footnotes":""},"categories":[1888],"tags":[1111,1928,11,1927,1777,674,1011,27,14,3019,12,1926,626,1925,25,2955],"class_list":{"0":"post-351993","1":"post","2":"type-post","3":"status-publish","4":"format-standard","5":"has-post-thumbnail","7":"category-paris","8":"tag-actu","9":"tag-actu-paris","10":"tag-actualites","11":"tag-actualites-paris","12":"tag-eu","13":"tag-europe","14":"tag-fr","15":"tag-france","16":"tag-international","17":"tag-iran","18":"tag-news","19":"tag-news-paris","20":"tag-paris","21":"tag-paris-news","22":"tag-republique-francaise","23":"tag-videos"},"share_on_mastodon":{"url":"https:\/\/pubeurope.com\/@fr\/115111876589083157","error":""},"_links":{"self":[{"href":"https:\/\/www.europesays.com\/fr\/wp-json\/wp\/v2\/posts\/351993","targetHints":{"allow":["GET"]}}],"collection":[{"href":"https:\/\/www.europesays.com\/fr\/wp-json\/wp\/v2\/posts"}],"about":[{"href":"https:\/\/www.europesays.com\/fr\/wp-json\/wp\/v2\/types\/post"}],"author":[{"embeddable":true,"href":"https:\/\/www.europesays.com\/fr\/wp-json\/wp\/v2\/users\/2"}],"replies":[{"embeddable":true,"href":"https:\/\/www.europesays.com\/fr\/wp-json\/wp\/v2\/comments?post=351993"}],"version-history":[{"count":0,"href":"https:\/\/www.europesays.com\/fr\/wp-json\/wp\/v2\/posts\/351993\/revisions"}],"wp:featuredmedia":[{"embeddable":true,"href":"https:\/\/www.europesays.com\/fr\/wp-json\/wp\/v2\/media\/351994"}],"wp:attachment":[{"href":"https:\/\/www.europesays.com\/fr\/wp-json\/wp\/v2\/media?parent=351993"}],"wp:term":[{"taxonomy":"category","embeddable":true,"href":"https:\/\/www.europesays.com\/fr\/wp-json\/wp\/v2\/categories?post=351993"},{"taxonomy":"post_tag","embeddable":true,"href":"https:\/\/www.europesays.com\/fr\/wp-json\/wp\/v2\/tags?post=351993"}],"curies":[{"name":"wp","href":"https:\/\/api.w.org\/{rel}","templated":true}]}}