{"id":35200,"date":"2025-04-19T00:24:08","date_gmt":"2025-04-19T00:24:08","guid":{"rendered":"https:\/\/www.europesays.com\/fr\/35200\/"},"modified":"2025-04-19T00:24:08","modified_gmt":"2025-04-19T00:24:08","slug":"pronostic-vital-engage-interpellations-renforts-de-crs-ce-que-lon-sait-de-la-fusillade-dans-un-restaurant-subway-a-rennes-liberation","status":"publish","type":"post","link":"https:\/\/www.europesays.com\/fr\/35200\/","title":{"rendered":"Pronostic vital engag\u00e9, interpellations, renforts de CRS\u2026 Ce que l\u2019on sait de la fusillade dans un restaurant Subway \u00e0 Rennes \u2013 Lib\u00e9ration"},"content":{"rendered":"<p class=\"sc-cPiKLX AiZTS text-element\">Quatre personnes ont \u00e9t\u00e9 bless\u00e9es jeudi 17\u00a0avril \u00e0 Rennes apr\u00e8s <a href=\"https:\/\/www.liberation.fr\/societe\/police-justice\/rennes-quatre-personnes-blessees-dont-trois-par-armes-a-feu-apres-une-fusillade-dans-un-restaurant-20250417_EE4UDFWJQZC3VL2ZARPNJBKRZM\/\" target=\"_blank\" rel=\"noopener\">des tirs dans le quartier de Villejean<\/a> (nord-ouest de la ville), en proie au trafic de drogue. Les trois premi\u00e8res ont \u00e9t\u00e9 bless\u00e9es par balle et la quatri\u00e8me a \u00e9t\u00e9 renvers\u00e9e par une voiture. Une enqu\u00eate pour \u00abtentative de meurtre en bande organis\u00e9e\u00bb a \u00e9t\u00e9 ouverte et quatre personnes ont \u00e9t\u00e9 plac\u00e9es ce vendredi 18\u00a0avril en garde \u00e0 vue. Dans un communiqu\u00e9, le parquet de Rennes donne de plus amples \u00e9l\u00e9ments sur le d\u00e9roulement des \u00e9v\u00e8nements.<\/p>\n<p class=\"sc-cPiKLX AiZTS text-element\">Selon le procureur adjoint de Rennes, \u00abtrois fusillades\u00bb ont eu lieu jeudi, square de Flandres, cours John Fitzgerald Kennedy et rue du Bourbonnais en fin d\u2019apr\u00e8s-midi. Jean-Marie Blin explique que, lors d\u2019une \u00abpremi\u00e8re s\u00e9quence\u00bb, un SUV Peugeot 2008 percute un jeune homme \u00abd\u2019une vingtaine d\u2019ann\u00e9es, de nationalit\u00e9 italienne\u00bb. Le v\u00e9hicule prend ensuite en chasse plusieurs personnes qui tentent de s\u2019enfuir. \u00abPlusieurs tirs\u00bb sont alors entendus par des t\u00e9moins. Puis, le SUV revient \u00e0 proximit\u00e9 de la personne renvers\u00e9e et \u00ables occupants du v\u00e9hicule le [prennent] en photo\u00bb. Le pronostic vital de cette premi\u00e8re victime est actuellement engag\u00e9, pr\u00e9cise le parquet.<\/p>\n<p class=\"sc-cPiKLX AiZTS text-element\">Dans un deuxi\u00e8me temps, la voiture prend la direction du cours Kennedy. Trois personnes en sortent, \u00e9quip\u00e9s \u00abd\u2019une arme longue\u00bb et de deux \u00abarme [s] de poing\u00bb. Elles se dirigent vers un groupe de jeunes \u00abattabl\u00e9s [\u00e0 la] terrasse\u00bb d\u2019un restaurant Subway. Trois membres de ce groupe trouvent refuge \u00e0 l\u2019int\u00e9rieur de la sandwicherie avant d\u2019\u00eatre la cible de plusieurs tirs. Ag\u00e9s \u00abentre 18 et 27 ans\u00bb et de nationalit\u00e9 fran\u00e7aise, ils sont touch\u00e9s \u00abaux membres inf\u00e9rieurs\u00bb et \u00ab\u00e0 l\u2019abdomen\u00bb, pour l\u2019un d\u2019entre eux. Transf\u00e9r\u00e9s au CHU de Rennes, tous les trois sont sortis de l\u2019h\u00f4pital dans la nuit, indique le procureur adjoint.<\/p>\n<p class=\"sc-cPiKLX AiZTS text-element\">Le conseiller municipal d\u2019opposition (Horizons) \u00e0 Rennes, Charles Compagnon, se trouvait dans la sandwicherie au moment de la fusillade. \u00abToutes les semaines, on a l\u2019habitude d\u2019aller dans un quartier de Rennes et de [pour y] faire nos rendez-vous\u00bb, explique \u00e0 l\u2019AFP l\u2019homme de 52\u00a0ans. Attabl\u00e9 \u00e0 c\u00f4t\u00e9 de l\u2019entr\u00e9e, il raconte\u00a0: \u00abj\u2019ai vu arriver une personne avec une arme de guerre, un long fusil noir. [\u2026] on s\u2019est jet\u00e9s au sol, mon coll\u00e8gue m\u2019a attrap\u00e9 la veste, et ils ont tir\u00e9 juste au-dessus de moi, et ils ont touch\u00e9 les trois qui \u00e9taient derri\u00e8re moi\u00bb. Aupr\u00e8s de nos confr\u00e8res, il \u00e9voque \u00e9galement les trois victimes. Selon l\u2019\u00e9lu, les adolescents \u00abse sont lev\u00e9s en disant quelque chose comme \u201cC\u2019est pas nous\u00a0! on n\u2019a rien \u00e0 voir\u00a0!\u201d\u00bb, avant d\u2019essuyer les tirs.<\/p>\n<p class=\"sc-cPiKLX AiZTS text-element\">Les auteurs des coups de feu prennent ensuite la direction de la rue du Bourbonnais, o\u00f9 ils font \u00e0 nouveau usage de leurs armes. Selon le parquet, \u00abautre victime n\u2019a \u00e9t\u00e9 identifi\u00e9e\u00bb \u00e0 cet endroit. Les trois hommes remontent ensuite dans leur v\u00e9hicule et prennent la fuite vers l\u2019ouest de Rennes. Leur SUV est rep\u00e9r\u00e9 par les forces de l\u2019ordre quelques heures plus tard.<\/p>\n<p class=\"sc-cPiKLX AiZTS text-element\">Rapidement, les gendarmes ont interpell\u00e9 un homme de 20\u00a0ans, de nationalit\u00e9 fran\u00e7aise. Il a \u00abimm\u00e9diatement\u00bb \u00e9t\u00e9 plac\u00e9 en garde \u00e0 vue pour \u00abtentatives de meurtre en bande organis\u00e9e et association de malfaiteurs en vue de la pr\u00e9paration de crimes\u00bb. Selon le parquet, le jeune homme est originaire de r\u00e9gion parisienne.<\/p>\n<p class=\"sc-cPiKLX AiZTS text-element\">Dans la nuit de jeudi \u00e0 vendredi, diff\u00e9rents services de police et l\u2019antenne locale du RAID, ont perquisitionn\u00e9 un appartement. D\u2019apr\u00e8s le parquet de Rennes, il a \u00e9t\u00e9 identifi\u00e9 comme \u00abun lieu de repli des agresseurs et de domiciliation de l\u2019individu interpell\u00e9 [celui originaire de la r\u00e9gion parisienne, ndlr.]\u00bb. Trois hommes \u00e2g\u00e9s entre 21 et 23\u00a0ans ont, \u00e0 leur tour, \u00e9t\u00e9 interpell\u00e9s. Deux sont de nationalit\u00e9 fran\u00e7aise et le troisi\u00e8me de nationalit\u00e9 congolaise. Ils ont \u00e9galement \u00e9t\u00e9 plac\u00e9s en garde \u00e0 vue pour \u00abtentatives de meurtre en bande organis\u00e9e et association de malfaiteurs en vue de la pr\u00e9paration de crimes\u00bb.<\/p>\n<p class=\"sc-cPiKLX AiZTS text-element\">Selon les informations de nos confr\u00e8res d\u2019<a href=\"https:\/\/www.ouest-france.fr\/societe\/faits-divers\/direct-ils-ouvrent-le-feu-dans-un-subway-quatre-blesses-lemoi-a-rennes-f94e1eef-8d27-4bba-b5e0-4ef9de7cf21f\" target=\"_blank\" rel=\"noopener\">Ouest France<\/a>, une \u00abOPA violente\u00bb pour r\u00e9cup\u00e9rer un point de deal se pr\u00e9parait dans le quartier Kennedy, \u00abhaut lieu du trafic de stup\u00e9fiants\u00bb, depuis plusieurs semaines. Dans un message publi\u00e9 ce vendredi apr\u00e8s-midi sur X, le ministre de l\u2019Int\u00e9rieur a qualifi\u00e9 d\u2019\u00abinacceptables\u00bb ces fusillades.<\/p>\n<p class=\"sc-cPiKLX AiZTS text-element\">Bruno Retailleau a affich\u00e9 sa volont\u00e9 de \u00ab[mettre] hors d\u2019\u00e9tat de nuire\u00bb des \u00abbarbares\u00bb. Et le tr\u00e8s droitier ministre de parler de \u00abguerre [\u2026] contre le narcotrafic\u00bb. \u00c0 ce titre, la CRS 82 a \u00e9t\u00e9 d\u00e9ploy\u00e9e dans la pr\u00e9fecture d\u2019Ille et vilaine. \u00abJ\u2019ai obtenu l\u2019assurance qu\u2019elle reste quelques jours\u00bb, assurait d\u00e8s hier la maire de Rennes, Nathalie App\u00e9r\u00e9. Selon elle, la ville a \u00abbesoin de plus de pr\u00e9sence polici\u00e8re\u00bb.<\/p>\n<p class=\"sc-cPiKLX AiZTS text-element\">En d\u00e9placement ce vendredi sur la dalle Kennedy, le pr\u00e9fet d\u2019Ille-et-Vilaine, Amaury de Saint-Quentin, est venu pr\u00f4ner la \u00abtol\u00e9rance z\u00e9ro\u00bb et saluer les policiers sp\u00e9cialis\u00e9s dans le maintien de l\u2019ordre qui ont \u00e9t\u00e9 envoy\u00e9s sur place\u00a0: \u00abJ\u2019ai voulu venir ici d\u00e8s aujourd\u2019hui pour dire toute la fermet\u00e9 et toute la volont\u00e9 qui est celle de l\u2019Etat pour mettre fin \u00e0 ces agissements criminels dont certains quartiers de Rennes sont victimes depuis plusieurs mois\u00bb.<\/p>\n<p class=\"sc-cPiKLX AiZTS text-element\">La dalle Kennedy o\u00f9 a eu lieu la fusillade, situ\u00e9e dans le quartier Villejean, a \u00e9t\u00e9 le th\u00e9\u00e2tre ces derniers mois de plusieurs \u00e9pisodes de tirs, notamment un en janvier au cours duquel deux hommes avaient \u00e9t\u00e9 bless\u00e9s.<\/p>\n<p class=\"sc-cPiKLX AiZTS text-element\"><b>Mise \u00e0 jour\u00a0:<\/b> le 18\u00a0avril \u00e0 17 heures, ajout des d\u00e9clarations de Charles Compagnon\u00a0; \u00e0 19\u00a0h\u00a035 avec les d\u00e9clarations du pr\u00e9fet.<\/p>\n","protected":false},"excerpt":{"rendered":"Quatre personnes ont \u00e9t\u00e9 bless\u00e9es jeudi 17\u00a0avril \u00e0 Rennes apr\u00e8s des tirs dans le quartier de Villejean (nord-ouest&hellip;\n","protected":false},"author":2,"featured_media":35201,"comment_status":"","ping_status":"","sticky":false,"template":"","format":"standard","meta":{"footnotes":""},"categories":[4],"tags":[11,3992,1011,27,12,584,25],"class_list":{"0":"post-35200","1":"post","2":"type-post","3":"status-publish","4":"format-standard","5":"has-post-thumbnail","7":"category-france","8":"tag-actualites","9":"tag-drogues","10":"tag-fr","11":"tag-france","12":"tag-news","13":"tag-rennes","14":"tag-republique-francaise"},"share_on_mastodon":{"url":"https:\/\/pubeurope.com\/@fr\/114361785585142692","error":""},"_links":{"self":[{"href":"https:\/\/www.europesays.com\/fr\/wp-json\/wp\/v2\/posts\/35200","targetHints":{"allow":["GET"]}}],"collection":[{"href":"https:\/\/www.europesays.com\/fr\/wp-json\/wp\/v2\/posts"}],"about":[{"href":"https:\/\/www.europesays.com\/fr\/wp-json\/wp\/v2\/types\/post"}],"author":[{"embeddable":true,"href":"https:\/\/www.europesays.com\/fr\/wp-json\/wp\/v2\/users\/2"}],"replies":[{"embeddable":true,"href":"https:\/\/www.europesays.com\/fr\/wp-json\/wp\/v2\/comments?post=35200"}],"version-history":[{"count":0,"href":"https:\/\/www.europesays.com\/fr\/wp-json\/wp\/v2\/posts\/35200\/revisions"}],"wp:featuredmedia":[{"embeddable":true,"href":"https:\/\/www.europesays.com\/fr\/wp-json\/wp\/v2\/media\/35201"}],"wp:attachment":[{"href":"https:\/\/www.europesays.com\/fr\/wp-json\/wp\/v2\/media?parent=35200"}],"wp:term":[{"taxonomy":"category","embeddable":true,"href":"https:\/\/www.europesays.com\/fr\/wp-json\/wp\/v2\/categories?post=35200"},{"taxonomy":"post_tag","embeddable":true,"href":"https:\/\/www.europesays.com\/fr\/wp-json\/wp\/v2\/tags?post=35200"}],"curies":[{"name":"wp","href":"https:\/\/api.w.org\/{rel}","templated":true}]}}