{"id":352019,"date":"2025-08-29T11:57:17","date_gmt":"2025-08-29T11:57:17","guid":{"rendered":"https:\/\/www.europesays.com\/fr\/352019\/"},"modified":"2025-08-29T11:57:17","modified_gmt":"2025-08-29T11:57:17","slug":"chaine-tv-heure-et-compositions-2","status":"publish","type":"post","link":"https:\/\/www.europesays.com\/fr\/352019\/","title":{"rendered":"Cha\u00eene TV, heure et compositions"},"content":{"rendered":"<p style=\"text-align: justify;\"><strong>\u00c0 quelle heure et sur quelle cha\u00eene TV suivre le deuxi\u00e8me match de poule de la Coupe du monde femmes de rugby 2025 entre le XV de France et le Br\u00e9sil, ce dimanche 31 ao\u00fbt 2025 ? Retrouvez \u00e9galement les compositions des deux \u00e9quipes.<\/strong><\/p>\n<p style=\"text-align: justify;\">Le deuxi\u00e8me match de poule de la Coupe du monde femmes de rugby 2025 entre le <strong>XV de France<\/strong> et le <strong>Br\u00e9sil<\/strong> aura lieu ce dimanche 31 ao\u00fbt 2025, \u00e0 17h45, au Sandy Park d\u2019Exeter.<\/p>\n<p><a href=\"https:\/\/dicodusport.fr\/blog\/coupe-du-monde-de-rugby-2025-les-bleues-peuvent-elles-briser-leur-malediction-mondiale\/\" class=\"vlp-link\" title=\"Coupe du monde de rugby 2025 : Les Bleues peuvent-elles briser leur mal\u00e9diction mondiale ?\" target=\"_blank\" rel=\"noopener\"><img loading=\"lazy\" decoding=\"async\" style=\"max-width: 792px;\" width=\"792\" height=\"445\" class=\"attachment-800x445 size-800x445 perfmatters-lazy\" alt=\"Coupe du monde de rugby 2025 Les Bleues peuvent-elles briser leur mal\u00e9diction mondiale\" src=\"https:\/\/www.europesays.com\/fr\/wp-content\/uploads\/2025\/08\/Coupe-du-monde-de-rugby-2025-Les-Bleues-peuvent-elles-briser-leur-malediction-mondiale.png\"  data-\/><\/p>\n<p>Coupe du monde de rugby 2025 : Les Bleues peuvent-elles briser leur mal\u00e9diction mondiale ?<\/p>\n<p>COUPE DU MONDE FEMMES DE RUGBY 2025 &#8211; \u00c0 l\u2019approche de la comp\u00e9tition la plus importante de l\u2019ann\u00e9e, les filles du XV de France se lancent dans une course p\u00e9rilleuse au Graal ultime : un titre de championne du monde. M\u00eame si le rugby f\u00e9minin peine \u00e0 se faire une place dans le monde du sport, il est sur la bonne pente en France. Les Bleues sont-elles capables de ramener la coupe \u00e0 la maison ?<\/p>\n<p>Lire l&rsquo;article<\/p>\n<p>dicodusport.fr<\/p>\n<p>Les Bleues devraient d\u00e9rouler<\/p>\n<p style=\"text-align: justify;\">Le <strong>XV de France f\u00e9minin<\/strong> a-t-il r\u00e9ussi son entr\u00e9e en piste en Coupe du monde ? C\u00f4t\u00e9 pile, les Bleues ont domin\u00e9 l\u2019Italie et n\u2019ont pas encaiss\u00e9 le moindre point. C\u00f4t\u00e9 face, elles n\u2019ont inscrit \u00ab\u00a0que\u00a0\u00bb trois essais, et n\u2019ont donc pas pris le bonus, mais cela ne changera sans doute rien \u00e0 la physionomie de la poule, dont les Fran\u00e7aises devraient sortir en t\u00eate.<\/p>\n<p><a href=\"https:\/\/dicodusport.fr\/blog\/coupe-du-monde-de-rugby-2025-la-france-lance-sa-campagne-par-une-victoire-face-a-litalie\/\" class=\"vlp-link\" title=\"Coupe du monde de rugby 2025 : La France lance sa campagne par une victoire face \u00e0 l&#039;Italie\" target=\"_blank\" rel=\"noopener\"><img loading=\"lazy\" decoding=\"async\" style=\"max-width: 792px;\" width=\"792\" height=\"445\" class=\"attachment-800x445 size-800x445 perfmatters-lazy\" alt=\"Coupe du monde de rugby 2025 La France lance sa campagne par une victoire face \u00e0 l'Italie\" src=\"https:\/\/www.europesays.com\/fr\/wp-content\/uploads\/2025\/08\/Coupe-du-monde-de-rugby-2025-La-France-lance-sa-campagne-par-une-victoire-face-a-lItalie.png\"  data-\/><\/p>\n<p>Coupe du monde de rugby 2025 : La France lance sa campagne par une victoire face \u00e0 l&rsquo;Italie<\/p>\n<p>COUPE DU MONDE FEMMES DE RUGBY 2025 &#8211; Les Fran\u00e7aises ont assur\u00e9 l&rsquo;essentiel, en disposant d&rsquo;une \u00e9quipe d&rsquo;Italie impuissante lors de leur entr\u00e9e en mati\u00e8re dans la comp\u00e9tition (24-0). Prochaine \u00e9tape dimanche prochain face au Br\u00e9sil pour les Bleues, qui auront l&rsquo;occasion de monter doucement en puissance.<\/p>\n<p>Lire l&rsquo;article<\/p>\n<p>dicodusport.fr<\/p>\n<p style=\"text-align: justify;\">L\u2019Italie \u00e9tait sur le papier l\u2019adversaire le plus coriace de la poule. Les Bleues affronteront ce dimanche le <strong>Br\u00e9sil<\/strong>, un des petits poucets de la comp\u00e9tition. Les Yaras participent pour la premi\u00e8re fois \u00e0 la Coupe du monde, et leur bapt\u00eame du feu a \u00e9t\u00e9 plus que compliqu\u00e9, puisqu\u2019elles se sont inclin\u00e9es<strong> 66-6<\/strong> contre les Sud-Africaines. La diff\u00e9rence de niveau s\u2019annonce criante, l\u2019occasion pour les Fran\u00e7aises de travailler leurs automatismes dans une rencontre dont elles seront les grandissimes favorites.<\/p>\n<p>France \u2013 Br\u00e9sil : \u00c0 quelle heure et sur quelle cha\u00eene TV ?<\/p>\n<p style=\"text-align: justify;\">Le match <b>France \u2013 Br\u00e9sil est \u00e0 suivre ce<\/b>\u00a0<strong>dimanche 31 ao\u00fbt 2025 \u00e0 17h45<\/strong>, sur France 2.<\/p>\n<p>Les compositions de France \u2013 Br\u00e9sil<br \/>\nLa composition du XV de France<\/p>\n<p style=\"text-align: justify;\"><strong>Le XV de d\u00e9part :\u00a0<\/strong>\u00e0 venir<\/p>\n<p style=\"text-align: justify;\"><strong>Rempla\u00e7ants :\u00a0<\/strong>\u00e0 venir<\/p>\n<p>La composition du Br\u00e9sil<\/p>\n<p style=\"text-align: justify;\"><strong>Le XV de d\u00e9part :<\/strong> \u00e0 venir<\/p>\n<p style=\"text-align: justify;\"><strong>Rempla\u00e7ants :\u00a0<\/strong>\u00e0 venir<\/p>\n<p>Les cotes de France \u2013 Br\u00e9sil<\/p>\n<tr style=\"height: 16px;\">\n<td style=\"background-color: #404040; text-align: left; border-color: #ededed; width: 500px;\" colspan=\"3\">Dimanche 31 ao\u00fbt 2025, 17h45<\/td>\n<\/tr>\n<tr style=\"height: 24px;\">\n<td style=\"background-color: #ffffff; border-color: #ededed; vertical-align: middle; text-align: center; width: 266px;\"><b>France<br \/><\/b><a href=\"https:\/\/www.winamax.fr\/paris-sportifs\/match\/56488321?banid=33423\" class=\"su-button su-button-style-flat su-button-wide\" style=\"color:#fff;background-color:#000;border-color:#000000;border-radius:5px\" target=\"_blank\" rel=\"noopener noreferrer\"> 1.01<\/a><\/td>\n<td style=\"background-color: #ffffff; border-color: #ededed; vertical-align: middle; text-align: center; width: 266px;\"><strong>Match nul<\/strong><br \/><a href=\"https:\/\/www.winamax.fr\/paris-sportifs\/match\/56488321?banid=33423\" class=\"su-button su-button-style-flat su-button-wide\" style=\"color:#fff;background-color:#000;border-color:#000000;border-radius:5px\" target=\"_blank\" rel=\"noopener noreferrer\"> 14.50<\/a><\/td>\n<td style=\"background-color: #ffffff; border-color: #ededed; vertical-align: middle; text-align: center; width: 266px;\"><b>Br\u00e9sil<\/b><br \/><a href=\"https:\/\/www.winamax.fr\/paris-sportifs\/match\/56488321?banid=33423\" class=\"su-button su-button-style-flat su-button-wide\" style=\"color:#fff;background-color:#000;border-color:#000000;border-radius:5px\" target=\"_blank\" rel=\"noopener noreferrer\"> 12<\/a><\/td>\n<\/tr>\n<p style=\"text-align: justify;\">Tentez votre chance en profitant de votre <a href=\"https:\/\/www.winamax.fr\/registration\/landing\/affiliation_Bonus100?banid=33423\" target=\"_blank\" rel=\"noopener\">1er d\u00e9p\u00f4t doubl\u00e9 jusqu\u2019\u00e0 100 \u20ac<\/a> direct en paris gratuits sur Winamax !<\/p>\n","protected":false},"excerpt":{"rendered":"\u00c0 quelle heure et sur quelle cha\u00eene TV suivre le deuxi\u00e8me match de poule de la Coupe du&hellip;\n","protected":false},"author":2,"featured_media":352020,"comment_status":"","ping_status":"","sticky":false,"template":"","format":"standard","meta":{"footnotes":""},"categories":[1416],"tags":[1111,2113,39070,1011,27,502,479,1468,60,513],"class_list":{"0":"post-352019","1":"post","2":"type-post","3":"status-publish","4":"format-standard","5":"has-post-thumbnail","7":"category-rugby","8":"tag-actu","9":"tag-breve","10":"tag-coupe-du-monde-de-rugby","11":"tag-fr","12":"tag-france","13":"tag-programme-tv","14":"tag-rugby","15":"tag-rugby-football","16":"tag-sports","17":"tag-xv-de-france"},"share_on_mastodon":{"url":"https:\/\/pubeurope.com\/@fr\/115111935966394493","error":""},"_links":{"self":[{"href":"https:\/\/www.europesays.com\/fr\/wp-json\/wp\/v2\/posts\/352019","targetHints":{"allow":["GET"]}}],"collection":[{"href":"https:\/\/www.europesays.com\/fr\/wp-json\/wp\/v2\/posts"}],"about":[{"href":"https:\/\/www.europesays.com\/fr\/wp-json\/wp\/v2\/types\/post"}],"author":[{"embeddable":true,"href":"https:\/\/www.europesays.com\/fr\/wp-json\/wp\/v2\/users\/2"}],"replies":[{"embeddable":true,"href":"https:\/\/www.europesays.com\/fr\/wp-json\/wp\/v2\/comments?post=352019"}],"version-history":[{"count":0,"href":"https:\/\/www.europesays.com\/fr\/wp-json\/wp\/v2\/posts\/352019\/revisions"}],"wp:featuredmedia":[{"embeddable":true,"href":"https:\/\/www.europesays.com\/fr\/wp-json\/wp\/v2\/media\/352020"}],"wp:attachment":[{"href":"https:\/\/www.europesays.com\/fr\/wp-json\/wp\/v2\/media?parent=352019"}],"wp:term":[{"taxonomy":"category","embeddable":true,"href":"https:\/\/www.europesays.com\/fr\/wp-json\/wp\/v2\/categories?post=352019"},{"taxonomy":"post_tag","embeddable":true,"href":"https:\/\/www.europesays.com\/fr\/wp-json\/wp\/v2\/tags?post=352019"}],"curies":[{"name":"wp","href":"https:\/\/api.w.org\/{rel}","templated":true}]}}