{"id":352021,"date":"2025-08-29T11:58:19","date_gmt":"2025-08-29T11:58:19","guid":{"rendered":"https:\/\/www.europesays.com\/fr\/352021\/"},"modified":"2025-08-29T11:58:19","modified_gmt":"2025-08-29T11:58:19","slug":"billie-jean-king-cup-amelie-mauresmo-bientot-au-secours-de-lequipe-de-france","status":"publish","type":"post","link":"https:\/\/www.europesays.com\/fr\/352021\/","title":{"rendered":"Billie Jean King Cup > Am\u00e9lie Mauresmo bient\u00f4t au secours de l&rsquo;\u00e9quipe de France"},"content":{"rendered":"<p>Avant, \u00eatre capi\u00adtaine de l\u2019\u00e9quipe de France de la Billie Jean King Cup \u00e9tait un \u00ab\u202fboulot\u202f\u00bb convoit\u00e9. D\u2019abord parce qu\u2019i y avait un gros ch\u00e8que \u00e0 la cl\u00e9 mais aussi parce que le capi\u00adtaine avait la mission de faire de vrais choix pour composer une \u00e9quipe.\u00a0<\/p>\n<p>Maintenant que notre r\u00e9ser\u00advoir s\u2019est vid\u00e9, \u00eatre capi\u00adtaine revient \u00e0 ne pas faire de choix et aller jouer des \u00e9quipes exotiques au bout du monde ou au fin fond de l\u2019Europe.\u00a0<\/p>\n<blockquote class=\"twitter-tweet\">\n<p lang=\"fr\" dir=\"ltr\">Am\u00e9lie Mauresmo, actuelle direc\u00adtrice de Roland\u2010Garros, fait partie des candi\u00addats pour succ\u00e9der \u00e0 Julien Benneteau comme capi\u00adtaine de l\u2019\u00e9quipe de France de Billie Jean King Cup<br \/>\u27a1\ufe0f <a href=\"https:\/\/t.co\/9c12xCW22n\" data-wpel-link=\"external\" target=\"_blank\" rel=\"nofollow external noopener\">https:\/\/t.co\/9c12xCW22n<\/a> <a href=\"https:\/\/t.co\/0hvou3F5VX\" data-wpel-link=\"external\" target=\"_blank\" rel=\"nofollow external noopener\">pic.twitter.com\/0hvou3F5VX<\/a><\/p>\n<p>\u2014 L\u2019\u00c9quipe (@lequipe) <a href=\"https:\/\/twitter.com\/lequipe\/status\/1961187072217125236?ref_src=twsrc%5Etfw\" data-wpel-link=\"external\" target=\"_blank\" rel=\"nofollow external noopener\">August 28,\u00a02025<\/a><\/p><\/blockquote>\n<p>Pas \u00e9ton\u00adnant donc que la piste d\u2019Am\u00e9lie Mauresmo <strong><a href=\"https:\/\/www.lequipe.fr\/Tennis\/Actualites\/La-piste-amelie-mauresmo-pour-devenir-capitaine-de-l-equipe-de-france-de-billie-jean-king-cup\/1588265\" data-wpel-link=\"external\" target=\"_blank\" rel=\"nofollow external noopener\">soit d\u2019ac\u00adtua\u00adlit\u00e9 comme l\u2019a annonce l\u2019Equipe.<\/a><\/strong><\/p>\n<p>Apr\u00e8s, Am\u00e9lie Mauresmo ne pourra pas faire de miracle mais comme elle a un peu de temps \u00e0 c\u00f4t\u00e9 de son pres\u00adti\u00adgieux \u00ab\u202fjob\u202f\u00bb de direc\u00adtrice de Roland\u2010Garros, elle devrait trouver un accord conve\u00adnable avec son employeur.<\/p>\n<p class=\"post-published-date\" style=\"color: silver; font-size: 75%; text-align: left;\">Publi\u00e9 le vendredi 29 ao\u00fbt 2025 \u00e0 11:22<\/p>\n<p><script async src=\"https:\/\/platform.twitter.com\/widgets.js\" charset=\"utf-8\"><\/script><\/p>\n","protected":false},"excerpt":{"rendered":"Avant, \u00eatre capi\u00adtaine de l\u2019\u00e9quipe de France de la Billie Jean King Cup \u00e9tait un \u00ab\u202fboulot\u202f\u00bb convoit\u00e9. D\u2019abord&hellip;\n","protected":false},"author":2,"featured_media":352022,"comment_status":"","ping_status":"","sticky":false,"template":"","format":"standard","meta":{"footnotes":""},"categories":[1415],"tags":[1011,27,60,1467],"class_list":{"0":"post-352021","1":"post","2":"type-post","3":"status-publish","4":"format-standard","5":"has-post-thumbnail","7":"category-tennis","8":"tag-fr","9":"tag-france","10":"tag-sports","11":"tag-tennis"},"share_on_mastodon":{"url":"https:\/\/pubeurope.com\/@fr\/115111939463198725","error":""},"_links":{"self":[{"href":"https:\/\/www.europesays.com\/fr\/wp-json\/wp\/v2\/posts\/352021","targetHints":{"allow":["GET"]}}],"collection":[{"href":"https:\/\/www.europesays.com\/fr\/wp-json\/wp\/v2\/posts"}],"about":[{"href":"https:\/\/www.europesays.com\/fr\/wp-json\/wp\/v2\/types\/post"}],"author":[{"embeddable":true,"href":"https:\/\/www.europesays.com\/fr\/wp-json\/wp\/v2\/users\/2"}],"replies":[{"embeddable":true,"href":"https:\/\/www.europesays.com\/fr\/wp-json\/wp\/v2\/comments?post=352021"}],"version-history":[{"count":0,"href":"https:\/\/www.europesays.com\/fr\/wp-json\/wp\/v2\/posts\/352021\/revisions"}],"wp:featuredmedia":[{"embeddable":true,"href":"https:\/\/www.europesays.com\/fr\/wp-json\/wp\/v2\/media\/352022"}],"wp:attachment":[{"href":"https:\/\/www.europesays.com\/fr\/wp-json\/wp\/v2\/media?parent=352021"}],"wp:term":[{"taxonomy":"category","embeddable":true,"href":"https:\/\/www.europesays.com\/fr\/wp-json\/wp\/v2\/categories?post=352021"},{"taxonomy":"post_tag","embeddable":true,"href":"https:\/\/www.europesays.com\/fr\/wp-json\/wp\/v2\/tags?post=352021"}],"curies":[{"name":"wp","href":"https:\/\/api.w.org\/{rel}","templated":true}]}}