{"id":352023,"date":"2025-08-29T12:00:16","date_gmt":"2025-08-29T12:00:16","guid":{"rendered":"https:\/\/www.europesays.com\/fr\/352023\/"},"modified":"2025-08-29T12:00:16","modified_gmt":"2025-08-29T12:00:16","slug":"motogp-marc-marquez-dedramatise-et-devient-un-inattendu-soutien-de-bagnaia","status":"publish","type":"post","link":"https:\/\/www.europesays.com\/fr\/352023\/","title":{"rendered":"MotoGP Marc Marquez d\u00e9dramatise et devient un inattendu soutien de Bagnaia !"},"content":{"rendered":"<p>C\u2019est pour nos confr\u00e8res de DAZN que Marc Marquez a r\u00e9cemment dit quelques mots, au sujet de son co\u00e9quipier chez Ducati en MotoGP. En effet, l\u2019Espagnol est venu soutenir l\u2019Italien, en \u00e9voquant sa situation personnelle. Qu\u2019il explique d\u2019une mani\u00e8re plut\u00f4t bienveillante et rassurante.<\/p>\n<p>MotoGP : Pour Marc, Pecco retrouvera son niveau t\u00f4t ou tard<\/p>\n<p>Ainsi, l\u2019actuel leader du championnat du monde des pilotes en MotoGP et, probable sacr\u00e9 2026, prend comme exemple l\u2019\u00e9preuve autrichienne. Mais \u00e9galement, sa position au classement et son palmar\u00e8s couronn\u00e9 de succ\u00e8s. Toutefois, toujours selon MM93, son compagnon d\u2019\u00e9quipe, <a href=\"https:\/\/lemagsportauto.ouest-france.fr\/tag\/francesco-bagnaia\/\" target=\"_blank\" rel=\"noopener\">Francesco Bagnaia<\/a>, serait entr\u00e9 dans une sorte de spirale n\u00e9gative.<\/p>\n<p>\u00ab C\u2019est difficile \u00e0 expliquer et difficile \u00e0 comprendre parce que, par exemple, vendredi en Autriche, il \u00e9tait le pilote avec le meilleur rythme et puis au fur et \u00e0 mesure du week-end, il a recul\u00e9. En MotoGP, c\u2019est comme \u00e7a. Quand vous perdez un peu de confiance avec la moto, vous commencez \u00e0 perdre un demi-dixi\u00e8me dans la zone de freinage et il y a quatre ou cinq zones de freinage, puis cela devient deux ou trois dixi\u00e8mes \u00e0 la fin d\u2019un tour. Avec cela, vous entrez dans une spirale \u2018de moins de confiance\u2019.\u201d analyse le champion ib\u00e9rique, aupr\u00e8s de nos confr\u00e8res.<\/p>\n<p>\u00ab C\u2019est pourquoi l\u2019ann\u00e9e derni\u00e8re, j\u2019ai r\u00e9p\u00e9t\u00e9 tellement de fois que j\u2019ai d\u00fb prendre confiance. Quand vous prenez confiance en vous, vous pouvez essayer diff\u00e9rentes choses, vous roulez plus librement et c\u2019est peut-\u00eatre ce qui arrive \u00e0 Pecco. Beaucoup de choses s\u2019accumulent pour lui, il est plus rigide sur la moto et cela le fait aller plus lentement, mais je suis s\u00fbr que lui et Ducati trouveront le moyen, parce que je vois comment ils fonctionnent. Il n\u2019a pas oubli\u00e9 comment faire de la moto car il y a des s\u00e9ances o\u00f9 il va tr\u00e8s vite\u201c, r\u00e9p\u00e8te Marc Marquez, qui parait croire dur comme fer au retour au sommet de Pecco.<\/p>\n<p>Aussi, il refuse d\u2019\u00eatre vindicatif concernant les raisons de la d\u00e9ch\u00e9ance du vice-champion du monde de MotoGP en titre \u00e0 savoir, la pr\u00e9sence dans son \u00e9quipe d\u2019un co\u00e9quipier du calibre de Marc Marquez. Lorsque DAZN lui demande \u00ab\u00a0Ce n\u2019est donc pas l\u2019effet M\u00e1rquez ?\u00a0\u00bb, il r\u00e9pond imm\u00e9diatement\u00a0 \u00ab Non, je ne pense pas. Au final je travaille dans mon garage, je me donne \u00e0 100 %, mais\u2026Je ne peux pas vous le dire. Je ne peux pas vous le dire parce que j\u2019ai toujours termin\u00e9 au-dessus de mes co\u00e9quipiers, donc je ne peux pas vous le dire.\u201c, r\u00e9p\u00e8te finalement l\u2019int\u00e9ress\u00e9, laissant tout de m\u00eame planer un petit doute, \u00e0 ce moment pr\u00e9cis de l\u2019interview\u2026<\/p>\n<blockquote class=\"twitter-tweet\">\n<p dir=\"ltr\" lang=\"en\">One vision. \ud83d\udd34<br \/>A Red vision for the 2025 <a href=\"https:\/\/twitter.com\/hashtag\/MotoGP?src=hash&amp;ref_src=twsrc%5Etfw\" target=\"_blank\" rel=\"noopener\">#MotoGP<\/a> season.<\/p>\n<p>Let us introduce the <a href=\"https:\/\/twitter.com\/hashtag\/DucatiLenovoTeam?src=hash&amp;ref_src=twsrc%5Etfw\" target=\"_blank\" rel=\"noopener\">#DucatiLenovoTeam<\/a> and our new riders Dream Team <a href=\"https:\/\/twitter.com\/PeccoBagnaia?ref_src=twsrc%5Etfw\" target=\"_blank\" rel=\"noopener\">@PeccoBagnaia<\/a> and <a href=\"https:\/\/twitter.com\/marcmarquez93?ref_src=twsrc%5Etfw\" target=\"_blank\" rel=\"noopener\">@marcmarquez93<\/a> <a href=\"https:\/\/twitter.com\/hashtag\/CampioniInPista?src=hash&amp;ref_src=twsrc%5Etfw\" target=\"_blank\" rel=\"noopener\">#CampioniInPista<\/a> <a href=\"https:\/\/twitter.com\/hashtag\/Ducati?src=hash&amp;ref_src=twsrc%5Etfw\" target=\"_blank\" rel=\"noopener\">#Ducati<\/a> <a href=\"https:\/\/twitter.com\/hashtag\/ForzaDucati?src=hash&amp;ref_src=twsrc%5Etfw\" target=\"_blank\" rel=\"noopener\">#ForzaDucati<\/a> <a href=\"https:\/\/twitter.com\/DucatiMotor?ref_src=twsrc%5Etfw\" target=\"_blank\" rel=\"noopener\">@DucatiMotor<\/a> <a href=\"https:\/\/twitter.com\/MotoGP?ref_src=twsrc%5Etfw\" target=\"_blank\" rel=\"noopener\">@MotoGP<\/a> <a href=\"https:\/\/twitter.com\/Lenovo?ref_src=twsrc%5Etfw\" target=\"_blank\" rel=\"noopener\">@Lenovo<\/a> <a href=\"https:\/\/t.co\/VFzEgpEyRP\">pic.twitter.com\/VFzEgpEyRP<\/a><\/p>\n<p>\u2014 Ducati Corse (@ducaticorse) <a href=\"https:\/\/twitter.com\/ducaticorse\/status\/1881290355632685548?ref_src=twsrc%5Etfw\" target=\"_blank\" rel=\"noopener\">January 20, 2025<\/a><\/p>\n<\/blockquote>\n<p>Francesco Bagnaia : un mental un peu fragile ?<\/p>\n<p>Quoiqu\u2019il en soit, il parait clair que la Ducati de 2025 ne convient pas \u00e0 Pecco Bagnaia mais \u00e9galement, \u00e0 Fabio di Giannantonio, souvent en difficult\u00e9 \u00e0 son guidon \u00e9galement. Une machine qui pourrait, donc, poser probl\u00e8me aux \u00e9quipes satellite l\u2019an prochain. Il sera d\u2019ailleurs int\u00e9ressant de d\u00e9couvrir qui sera \u00e0 m\u00eame d\u2019en extirper tout le potentiel. Car pour l\u2019heure, seul Marc Marquez est en mesure de briller avec cette derni\u00e8re.<\/p>\n<p>Le signe, peut-\u00eatre, que Ducati fait actuellement fausse route. Et que le futur pourrait s\u2019av\u00e9rer compliqu\u00e9 pour la marque, dans la cat\u00e9gorie reine, face \u00e0 l\u2019ascension d\u2019Aprilia, en particulier. N\u00e9anmoins, bien au-del\u00e0 de toutes ces consid\u00e9rations, c\u2019est sur le plan mental que Francesco Bagnaia va devoir se ressaisir. Car, m\u00eame avec une moto ne lui convenant pas, il doit \u00eatre capable de faire mieux et surtout, d\u2019\u00eatre davantage r\u00e9gulier\u2026<\/p>\n<p>Article publi\u00e9 le 29\/08\/2025 \u00e0 6h23<\/p>\n<p>                                                            <script async src=\"https:\/\/platform.twitter.com\/widgets.js\" charset=\"utf-8\"><\/script><\/p>\n","protected":false},"excerpt":{"rendered":"C\u2019est pour nos confr\u00e8res de DAZN que Marc Marquez a r\u00e9cemment dit quelques mots, au sujet de son&hellip;\n","protected":false},"author":2,"featured_media":352024,"comment_status":"","ping_status":"","sticky":false,"template":"","format":"standard","meta":{"footnotes":""},"categories":[1413],"tags":[1011,27,18548,1461,1457,1456,1458,60],"class_list":{"0":"post-352023","1":"post","2":"type-post","3":"status-publish","4":"format-standard","5":"has-post-thumbnail","7":"category-moto","8":"tag-fr","9":"tag-france","10":"tag-francesco-bagnaia","11":"tag-marc-marquez","12":"tag-moto","13":"tag-motocycle","14":"tag-motogp","15":"tag-sports"},"share_on_mastodon":{"url":"https:\/\/pubeurope.com\/@fr\/115111947452042131","error":""},"_links":{"self":[{"href":"https:\/\/www.europesays.com\/fr\/wp-json\/wp\/v2\/posts\/352023","targetHints":{"allow":["GET"]}}],"collection":[{"href":"https:\/\/www.europesays.com\/fr\/wp-json\/wp\/v2\/posts"}],"about":[{"href":"https:\/\/www.europesays.com\/fr\/wp-json\/wp\/v2\/types\/post"}],"author":[{"embeddable":true,"href":"https:\/\/www.europesays.com\/fr\/wp-json\/wp\/v2\/users\/2"}],"replies":[{"embeddable":true,"href":"https:\/\/www.europesays.com\/fr\/wp-json\/wp\/v2\/comments?post=352023"}],"version-history":[{"count":0,"href":"https:\/\/www.europesays.com\/fr\/wp-json\/wp\/v2\/posts\/352023\/revisions"}],"wp:featuredmedia":[{"embeddable":true,"href":"https:\/\/www.europesays.com\/fr\/wp-json\/wp\/v2\/media\/352024"}],"wp:attachment":[{"href":"https:\/\/www.europesays.com\/fr\/wp-json\/wp\/v2\/media?parent=352023"}],"wp:term":[{"taxonomy":"category","embeddable":true,"href":"https:\/\/www.europesays.com\/fr\/wp-json\/wp\/v2\/categories?post=352023"},{"taxonomy":"post_tag","embeddable":true,"href":"https:\/\/www.europesays.com\/fr\/wp-json\/wp\/v2\/tags?post=352023"}],"curies":[{"name":"wp","href":"https:\/\/api.w.org\/{rel}","templated":true}]}}