{"id":352025,"date":"2025-08-29T12:01:13","date_gmt":"2025-08-29T12:01:13","guid":{"rendered":"https:\/\/www.europesays.com\/fr\/352025\/"},"modified":"2025-08-29T12:01:13","modified_gmt":"2025-08-29T12:01:13","slug":"filme-en-train-de-piloter-une-f1-sur-une-autoroute-au-milieu-des-voitures-ordinaires-la-police-fait-tout-pour-retrouver-ce-fou-du-volant","status":"publish","type":"post","link":"https:\/\/www.europesays.com\/fr\/352025\/","title":{"rendered":"Film\u00e9 en train de piloter une F1 sur une autoroute au milieu des voitures ordinaires\u00a0: la police fait tout pour retrouver ce fou du volant"},"content":{"rendered":"<p>\n                                                                Aper\u00e7ue le 18\u00a0ao\u00fbt sur l\u2019autoroute tch\u00e8que, une monoplace aux couleurs de Ferrari a roul\u00e9 ill\u00e9galement au milieu des automobilistes, escort\u00e9e par plusieurs voitures de sport. D\u00e9j\u00e0 apparu en\u00a02019 et\u00a02023, le bolide reste associ\u00e9 \u00e0 son insaisissable \u00ab\u00a0pilote fant\u00f4me\u00a0\u00bb.\n                            <\/p>\n<p>Le lundi 18\u00a0ao\u00fbt, les conducteurs de l\u2019autoroute D4 en R\u00e9publique tch\u00e8que ont assist\u00e9 \u00e0 une sc\u00e8ne improbable\u00a0: une monoplace aux couleurs de Ferrari s\u2019est engag\u00e9e sur la voie rapide. D\u2019apr\u00e8s<a href=\"https:\/\/www.leparisien.fr\/video\/video-le-mysterieux-pilote-de-la-f1-fantome-defie-a-nouveau-la-loi-sur-une-autoroute-tcheque-27-08-2025-BD7EUJNZBZG35FTRNRJUFBJLKQ.php?ts=1756450485790\" target=\"_blank\" rel=\"nofollow noopener\"> Le Parisien<\/a>, des passionn\u00e9s l\u2019ont identifi\u00e9e comme une ancienne Formule 1 de 2008. Sans plaques, sans clignotants et \u00e9quip\u00e9e de pneus lisses, la voiture de course s\u2019est m\u00eame arr\u00eat\u00e9e quelques instants \u00e0 la station-service, sous les regards stup\u00e9faits des t\u00e9moins.<\/p>\n<p>La monoplace n\u2019\u00e9tait pas seule. Trois voitures de sport l\u2019accompagnaient, filmant sa progression et, selon <a href=\"https:\/\/www.autoplus.fr\/actualite\/insolite\/formule-1-ferrari-autoroute-retour-pilote-fantome-1395639.html\" target=\"_blank\" rel=\"nofollow noopener\">Auto Plus<\/a>, pr\u00eates \u00e0 faciliter la fuite en cas d\u2019intervention polici\u00e8re. Sur des vid\u00e9os publi\u00e9es en ligne, on distingue notamment une Mercedes AMG GT, une Lamborghini Murcielago et une Corvette C7 Z06.<\/p>\n<p>Le collectif TrackZone mis en lumi\u00e8re<\/p>\n<p>Si le conducteur reste inconnu, les propri\u00e9taires du bolide ne le sont plus. Patrik et Lucas, deux jeunes Tch\u00e8ques \u00e0 la t\u00eate du collectif TrackZone, exposent r\u00e9guli\u00e8rement sur <a href=\"https:\/\/www.youtube.com\/@TrackZoneCollection\/videos\" target=\"_blank\" rel=\"nofollow noopener\">Youtube<\/a> leur collection de v\u00e9hicules. Dans leur garage figure bien la monoplace aper\u00e7ue sur la D4, d\u00e9crite comme un prototype de Formule 1 de 2008 \u00e9quip\u00e9 d\u2019un moteur Ferrari de pr\u00e8s de 800 chevaux. On y retrouve \u00e9galement les mod\u00e8les de sport vus escortant la monoplace le 18\u00a0ao\u00fbt.<\/p>\n<p>Ce n\u2019est pas la premi\u00e8re fois qu\u2019un tel spectacle se produit. Des images similaires avaient d\u00e9j\u00e0 circul\u00e9 en 2019 puis en 2023 sur cette m\u00eame autoroute. Le conducteur casqu\u00e9 et anonyme avait alors \u00e9t\u00e9 surnomm\u00e9 le \u00ab\u00a0fant\u00f4me de la D4\u00a0\u00bb. Selon la police tch\u00e8que, il pourrait s\u2019agir du m\u00eame bolide que celui observ\u00e9 en ao\u00fbt, mais rien ne permet de confirmer qu\u2019il s\u2019agit du m\u00eame pilote.<\/p>\n<p>Une enqu\u00eate relanc\u00e9e par la police<\/p>\n<p>\u00ab\u00a0Nous allons proc\u00e9der au contr\u00f4le des conducteurs qui accompagnaient la monoplace, dont les plaques d\u2019immatriculation sont lisibles\u00a0\u00bb, a d\u00e9clar\u00e9 Vlasta Such\u00e1nkov\u00e1, porte-parole de la police.<\/p>\n<p>Le myst\u00e9rieux pilote, lui, reste hors de port\u00e9e. Il risque jusqu\u2019\u00e0 deux ans de prison et une lourde amende en cas d\u2019interpellation.<\/p>\n","protected":false},"excerpt":{"rendered":"Aper\u00e7ue le 18\u00a0ao\u00fbt sur l\u2019autoroute tch\u00e8que, une monoplace aux couleurs de Ferrari a roul\u00e9 ill\u00e9galement au milieu des&hellip;\n","protected":false},"author":2,"featured_media":352026,"comment_status":"","ping_status":"","sticky":false,"template":"","format":"standard","meta":{"footnotes":""},"categories":[1412],"tags":[1451,1452,1453,1454,1455,1011,27,60],"class_list":{"0":"post-352025","1":"post","2":"type-post","3":"status-publish","4":"format-standard","5":"has-post-thumbnail","7":"category-f1","8":"tag-f1","9":"tag-formula-1","10":"tag-formula1","11":"tag-formule-1","12":"tag-formule1","13":"tag-fr","14":"tag-france","15":"tag-sports"},"share_on_mastodon":{"url":"https:\/\/pubeurope.com\/@fr\/115111951347569184","error":""},"_links":{"self":[{"href":"https:\/\/www.europesays.com\/fr\/wp-json\/wp\/v2\/posts\/352025","targetHints":{"allow":["GET"]}}],"collection":[{"href":"https:\/\/www.europesays.com\/fr\/wp-json\/wp\/v2\/posts"}],"about":[{"href":"https:\/\/www.europesays.com\/fr\/wp-json\/wp\/v2\/types\/post"}],"author":[{"embeddable":true,"href":"https:\/\/www.europesays.com\/fr\/wp-json\/wp\/v2\/users\/2"}],"replies":[{"embeddable":true,"href":"https:\/\/www.europesays.com\/fr\/wp-json\/wp\/v2\/comments?post=352025"}],"version-history":[{"count":0,"href":"https:\/\/www.europesays.com\/fr\/wp-json\/wp\/v2\/posts\/352025\/revisions"}],"wp:featuredmedia":[{"embeddable":true,"href":"https:\/\/www.europesays.com\/fr\/wp-json\/wp\/v2\/media\/352026"}],"wp:attachment":[{"href":"https:\/\/www.europesays.com\/fr\/wp-json\/wp\/v2\/media?parent=352025"}],"wp:term":[{"taxonomy":"category","embeddable":true,"href":"https:\/\/www.europesays.com\/fr\/wp-json\/wp\/v2\/categories?post=352025"},{"taxonomy":"post_tag","embeddable":true,"href":"https:\/\/www.europesays.com\/fr\/wp-json\/wp\/v2\/tags?post=352025"}],"curies":[{"name":"wp","href":"https:\/\/api.w.org\/{rel}","templated":true}]}}