{"id":352029,"date":"2025-08-29T12:03:11","date_gmt":"2025-08-29T12:03:11","guid":{"rendered":"https:\/\/www.europesays.com\/fr\/352029\/"},"modified":"2025-08-29T12:03:11","modified_gmt":"2025-08-29T12:03:11","slug":"mercato-psg-la-vente-de-marco-asensio-bientot-actee","status":"publish","type":"post","link":"https:\/\/www.europesays.com\/fr\/352029\/","title":{"rendered":"Mercato PSG &#8211; La vente de Marco Asensio bient\u00f4t act\u00e9e ?"},"content":{"rendered":"<p><img width=\"700\" height=\"350\" src=\"https:\/\/www.europesays.com\/fr\/wp-content\/uploads\/2025\/04\/Marco-Asensio-Aston-Villa.jpg\" class=\"attachment-jannah-image-post size-jannah-image-post wp-post-image\" alt=\"Marco Asensio Aston Villa\" is_main_img=\"1\" decoding=\"async\" fetchpriority=\"high\"  \/><\/p>\n<p>@AVFCOfficial<\/p>\n<p>Apr\u00e8s un pr\u00eat de six mois \u00e0 Aston Villa, l\u2019attaquant du PSG,<br \/>\nMarco Asensio, devrait \u00eatre d\u00e9finitivement un joueur des Villans<br \/>\nd\u2019ici la fin du mercato.<\/p>\n<p>Le <strong>PSG<\/strong> continue son op\u00e9ration d\u00e9graissage.<br \/>\nApr\u00e8s <strong>Arnau Tenas<\/strong>, <strong>Milan Skriniar<\/strong><br \/>\net <strong>Nordi Mukiele<\/strong>, le club de la capitale<br \/>\nambitionne d\u2019amasser quelques liquidit\u00e9s suppl\u00e9mentaires sur ses<br \/>\nventes d\u2019ici la fermeture du march\u00e9 des transferts (lundi 1er<br \/>\nseptembre \u00e0 20h en <strong>France<\/strong>). Si le dossier<br \/>\n<strong>Gianluigi Donnarumma<\/strong> cristallise les attentions<br \/>\nces derniers jours, le board parisien travaille aussi pour trouver<br \/>\ndes portes de sortie aux \u00ab\u00a0lofteurs\u00a0\u00bb restants. Et la<br \/>\ndirection parisienne est proche de r\u00e9ussir son pari. En plus de<br \/>\n<strong><a href=\"https:\/\/canal-supporters.com\/psg-pret-avec-option-dachat-pour-soler-a-la-real-sociedad\/\" title=\"\" target=\"_blank\" rel=\"noopener\">Carlos Soler<\/a><\/strong>, <strong>Marco Asensio<\/strong><br \/>\nest sur le point de trouver un nouveau point de chute.<\/p>\n<p>Aston Villa<br \/>\noffre 15M\u20ac pour Asensio<\/p>\n<p>Longtemps associ\u00e9 au <strong><a href=\"https:\/\/canal-supporters.com\/mercato-fin-de-la-piste-fenerbahce-pour-marco-asensio\/\" title=\"\" target=\"_blank\" rel=\"noopener\">Fenerbah\u00e7e<\/a><\/strong>, l\u2019Espagnol de 29 ans devrait<br \/>\nfinalement retrouver le club o\u00f9 il \u00e9tait pr\u00eat\u00e9 lors de la seconde<br \/>\npartie de saison 2024-2025 : <strong>Aston Villa<\/strong>. En<br \/>\neffet, selon les informations de <strong><a href=\"https:\/\/www.lequipe.fr\/Football\/Actualites\/Mercato-l-attaquant-du-psg-marco-asensio-se-rapproche-d-aston-villa\/1588370\" target=\"_blank\" rel=\"noopener\" title=\"\">L\u2019Equipe<\/a><\/strong>,<br \/>\nle <strong>PSG<\/strong> est proche de trouver un accord avec la<br \/>\nformation anglaise pour un transfert d\u00e9finitif. Le club de<br \/>\n<strong>Premier League<\/strong> a formul\u00e9 une offre de 15M\u20ac pour<br \/>\nl\u2019ancien Madril\u00e8ne tandis que les champions d\u2019Europe en demandent<br \/>\n20M\u20ac. \u00ab\u00a0Les positions ne sont plus trop \u00e9loign\u00e9es et les<br \/>\ndiff\u00e9rentes parties se montrent ce jeudi optimistes sur une issue<br \/>\npositive\u00a0\u00bb, pr\u00e9cise le quotidien sportif. Une belle<br \/>\nplus-value \u00e0 venir pour un joueur qui \u00e9tait arriv\u00e9 libre \u00e0 l\u2019\u00e9t\u00e9<br \/>\n2023 et \u00e0 qui il restait une ann\u00e9e de contrat \u00e0<br \/>\n<strong>Paris<\/strong>. Lors de son pr\u00eat de six sous les ordres<br \/>\nd\u2019<strong>Unai Emery<\/strong>, <strong>Marco Asensio<\/strong> avait<br \/>\nperform\u00e9 8 buts et 1 passe d\u00e9cisive en 21 rencontres disput\u00e9es.<\/p>\n<p>De leur c\u00f4t\u00e9, les journalistes <strong>Fabrizio Romano<\/strong><br \/>\net <strong>Florian Plettenberg<\/strong> confirment les n\u00e9gocations<br \/>\nentre le <strong>PSG<\/strong> et <strong>Aston Villa<\/strong> pour<br \/>\nla vente de <strong>Marco Asensio<\/strong>. Les champions d\u2019Europe<br \/>\nvoulaient seulement une vente du joueur et non un pr\u00eat pour un<br \/>\n\u00e9l\u00e9ment qui arrivait en fin de contrat en juin 2026.<\/p>\n<\/p>\n<p>Youtube :<br \/>\n<strong><a href=\"https:\/\/www.youtube.com\/@CanalSupportersParis\" target=\"_blank\" rel=\"noopener\" title=\"\">Canal Supporters<br \/>\nParis<\/a><\/strong><\/p>\n","protected":false},"excerpt":{"rendered":"@AVFCOfficial Apr\u00e8s un pr\u00eat de six mois \u00e0 Aston Villa, l\u2019attaquant du PSG, Marco Asensio, devrait \u00eatre d\u00e9finitivement&hellip;\n","protected":false},"author":2,"featured_media":7650,"comment_status":"","ping_status":"","sticky":false,"template":"","format":"standard","meta":{"footnotes":""},"categories":[1410],"tags":[48868,784,18831,81,787,63,1011,27,4136,1434,1435,91,92,93,60,96],"class_list":{"0":"post-352029","1":"post","2":"type-post","3":"status-publish","4":"format-standard","5":"has-post-thumbnail","7":"category-football","8":"tag-asensio-psg","9":"tag-aston-villa","10":"tag-attaquant-psg","11":"tag-canal-supporters","12":"tag-cs","13":"tag-football","14":"tag-fr","15":"tag-france","16":"tag-marco-asensio","17":"tag-mercato","18":"tag-mercato-psg","19":"tag-paris-saint-germain","20":"tag-paris-sg","21":"tag-psg","22":"tag-sports","23":"tag-une"},"share_on_mastodon":{"url":"https:\/\/pubeurope.com\/@fr\/115111959149652070","error":""},"_links":{"self":[{"href":"https:\/\/www.europesays.com\/fr\/wp-json\/wp\/v2\/posts\/352029","targetHints":{"allow":["GET"]}}],"collection":[{"href":"https:\/\/www.europesays.com\/fr\/wp-json\/wp\/v2\/posts"}],"about":[{"href":"https:\/\/www.europesays.com\/fr\/wp-json\/wp\/v2\/types\/post"}],"author":[{"embeddable":true,"href":"https:\/\/www.europesays.com\/fr\/wp-json\/wp\/v2\/users\/2"}],"replies":[{"embeddable":true,"href":"https:\/\/www.europesays.com\/fr\/wp-json\/wp\/v2\/comments?post=352029"}],"version-history":[{"count":0,"href":"https:\/\/www.europesays.com\/fr\/wp-json\/wp\/v2\/posts\/352029\/revisions"}],"wp:featuredmedia":[{"embeddable":true,"href":"https:\/\/www.europesays.com\/fr\/wp-json\/wp\/v2\/media\/7650"}],"wp:attachment":[{"href":"https:\/\/www.europesays.com\/fr\/wp-json\/wp\/v2\/media?parent=352029"}],"wp:term":[{"taxonomy":"category","embeddable":true,"href":"https:\/\/www.europesays.com\/fr\/wp-json\/wp\/v2\/categories?post=352029"},{"taxonomy":"post_tag","embeddable":true,"href":"https:\/\/www.europesays.com\/fr\/wp-json\/wp\/v2\/tags?post=352029"}],"curies":[{"name":"wp","href":"https:\/\/api.w.org\/{rel}","templated":true}]}}