{"id":352030,"date":"2025-08-29T12:04:11","date_gmt":"2025-08-29T12:04:11","guid":{"rendered":"https:\/\/www.europesays.com\/fr\/352030\/"},"modified":"2025-08-29T12:04:11","modified_gmt":"2025-08-29T12:04:11","slug":"dix-minutes-dovation-a-venise-pour-le-film-jay-kelly-avec-george-clooney-malgre-des-critiques-mitigees","status":"publish","type":"post","link":"https:\/\/www.europesays.com\/fr\/352030\/","title":{"rendered":"Dix minutes d\u2019ovation \u00e0 Venise pour le film Jay Kelly avec George Clooney malgr\u00e9 des critiques mitig\u00e9es"},"content":{"rendered":"<p>Mieux re\u00e7u par les journalistes, l\u2019autre poids lourd de cette seconde journ\u00e9e de la Mostra, Bugonia, o\u00f9 brille Emma Stone, repart avec sept minutes d\u2019applaudissements.<\/p>\n<p class=\"fig-paragraph\">C\u2019est le barom\u00e8tre, certes frivole, mais incontournable des festivals\u00a0: la salve d\u2019applaudissements qui cl\u00f4t une avant-premi\u00e8re. Indication empirique qui indique si un film a trouv\u00e9 des partisans, s\u2019il est capable de rester dans les m\u00e9moires et les c\u0153urs jusqu\u2019au palmar\u00e8s. R\u00e9put\u00e9s plus g\u00e9n\u00e9reux et accommodants que le public cannois, les spectateurs de la Mostra de Venise ont tout donn\u00e9 jeudi soir, au deuxi\u00e8me jour de la Mostra, d\u00e9livrant une ovation de dix minutes \u00e0 Jay Kelly, la nouvelle com\u00e9die de\u00a0<a href=\"https:\/\/www.lefigaro.fr\/cinema\/2015\/07\/21\/03002-20150721ARTFIG00181-noah-baumbach-woody-allen-des-annees-2000.php\" target=\"_blank\" data-fig-type=\"Article\" rel=\"noopener nofollow\" data-gtm-custom-categorie=\"navigation\" data-gtm-custom-action=\"crossclick\" data-gtm-custom-label=\"Contextuel\" data-gtm-event=\"customEventSPE\" data-fig-domain=\"LEFIGARO\">Noah Baumbach\u00a0<\/a>sous pavillon Netflix, dans laquelle George Clooney joue une star am\u00e9ricaine en plein doute apr\u00e8s ses retrouvailles am\u00e8res avec un ancien camarade de cours de th\u00e9\u00e2tre.<\/p>\n<p class=\"fig-body-link\">\n            \u00c0 lire aussi<br \/>\n        <a class=\"fig-body-link__link fig-premium-mark\" href=\"http:\/\/www.lefigaro.fr\/cinema\/mostra-de-venise-emma-stone-et-george-clooney-maltraitent-un-peu-leur-image-20250828\" data-fig-type=\"Article\" data-gtm-custom-categorie=\"navigation\" data-gtm-custom-action=\"crossclick\" data-gtm-custom-label=\"Contextuel\" data-gtm-event=\"customEventSPE\" data-fig-domain=\"LEFIGARO\" rel=\"nofollow noopener\" target=\"_blank\">Mostra de Venise\u00a0: Emma Stone et George Clooney maltraitent (un peu) leur image<br \/>\n    <\/a>\n<\/p>\n<p class=\"fig-paragraph\">Faut-il y voir une vraie adh\u00e9sion ou plut\u00f4t un signe de joie \u00e0 la vue de George Clooney dans la salle\u00a0? Le com\u00e9dien am\u00e9ricain souffrant d\u2019une sinusite a d\u00fb annuler sa participation \u00e0 la conf\u00e9rence de presse et \u00e0 la s\u00e9ance photo du film. Il a donc \u00e9t\u00e9 accueilli, jeudi soir, en h\u00e9ros. Les critiques s\u2019av\u00e8rent beaucoup plus circonspects sur sa performance. Sur les grilles d\u2019annotation de la presse, Jay Kelly obtient seulement 2,5 sur 5.<\/p>\n<p>                                    <a class=\"fig-a11y-skip a11y-hidden\" href=\"#fig-a11y-skip-main-inarticle\"><br \/>\n        Passer la publicit\u00e9<br \/>\n    <\/a><\/p>\n<p class=\"fig-paragraph\">\u00abJay Kelly est ainsi une sorte d\u2019autoportrait peu flatteur. Clooney n\u2019est pas un tr\u00e8s bon acteur et il est suffisamment intelligent pour le savoir. On s\u2019en rend compte ici \u00e0 chaque sc\u00e8ne o\u00f9 Adam Sandler (son agent), bien meilleur, lui donne la r\u00e9plique\u00bb,\u00a0<a href=\"http:\/\/www.lefigaro.fr\/cinema\/mostra-de-venise-emma-stone-et-george-clooney-maltraitent-un-peu-leur-image-20250828\" data-fig-type=\"Article\" data-gtm-custom-categorie=\"navigation\" data-gtm-custom-action=\"crossclick\" data-gtm-custom-label=\"Contextuel\" data-gtm-event=\"customEventSPE\" data-fig-domain=\"LEFIGARO\" rel=\"nofollow noopener\" target=\"_blank\">remarque l\u2019envoy\u00e9 sp\u00e9cial du Figaro<\/a> \u00a0\u00e0 Venise \u00c9tienne Sorin. \u00abJay Kelly est le moins bon film de Noah Baumbach qui semble subir l\u2019influence de Netflix. Musique cheesy omnipr\u00e9sente, clich\u00e9s dignes d\u2019Emily in Paris, personnages b\u00e2cl\u00e9s\u00bb. \u00abM\u00eame George Clooney ne peut sauver ce film d\u00e9sastreux de Noah Baumbach, \u0153uvre de cin\u00e9-narcissisme follement sentimentale et complaisant\u00bb,<a href=\"https:\/\/www.theguardian.com\/film\/2025\/aug\/28\/jay-kelly-review-even-a-george-clooney-sizzle-reel-cant-save-this-dire-noah-baumbach-effort\" target=\"_blank\" rel=\"sponsored noopener nofollow\" data-gtm-custom-categorie=\"navigation\" data-gtm-custom-action=\"crossclick\" data-gtm-custom-label=\"Contextuel\" data-gtm-event=\"customEventSPE\">\u00a0opine le quotidien britannique<\/a>\u00a0The Guardian. \u00abGeorge Clooney joue la star de cin\u00e9ma, mais Adam Sandler brille de mille feux dans la com\u00e9die de Noah Baumbach, qui met plus souvent \u00e0 distance qu\u2019elle ne d\u00e9sarme\u00bb,\u00a0<a href=\"https:\/\/www.hollywoodreporter.com\/movies\/movie-reviews\/jay-kelly-review-george-clooney-adam-sandler-noah-baumbach-1236354571\/\" target=\"_blank\" rel=\"sponsored noopener nofollow\" data-gtm-custom-categorie=\"navigation\" data-gtm-custom-action=\"crossclick\" data-gtm-custom-label=\"Contextuel\" data-gtm-event=\"customEventSPE\">regrette The Hollywood Reporter<\/a> .<\/p>\n<p class=\"fig-body-link\">\n            \u00c0 lire aussi<br \/>\n        <a class=\"fig-body-link__link fig-premium-mark\" href=\"http:\/\/www.lefigaro.fr\/cinema\/mostra-de-venise-le-plus-ancien-festival-de-cinema-s-affiche-en-meilleur-rival-de-cannes-20250827\" data-fig-type=\"Article\" data-gtm-custom-categorie=\"navigation\" data-gtm-custom-action=\"crossclick\" data-gtm-custom-label=\"Contextuel\" data-gtm-event=\"customEventSPE\" data-fig-domain=\"LEFIGARO\" rel=\"nofollow noopener\" target=\"_blank\">Mostra de Venise\u00a0: le plus ancien festival de cin\u00e9ma s\u2019affiche en meilleur rival de Cannes<br \/>\n    <\/a>\n<\/p>\n<p>Emma Stone fait le plein<\/p>\n<p>    Le r\u00e9alisateur Yorgos Lanthimos et l\u2019actrice Emma Stone.<br \/>\n                Yara Nardi \/ REUTERS<\/p>\n<p class=\"fig-paragraph\">L\u2019autre poids lourd de la journ\u00e9e, la satire Bugonia, quatri\u00e8me film entre le r\u00e9alisateur grec Yorgos Lanthimos et sa muse Emma Stone, est reparti avec 7 minutes d\u2019ovation mais davantage de compliments de la part des journalistes et un meilleur score de 3,3. Emma Stone incarne Michelle Fuller, la PDG d\u2019une entreprise, kidnapp\u00e9e par l\u2019un de ses employ\u00e9s, manutentionnaire, Teddy (Jesse Plemons), qui croit tr\u00e8s s\u00e9rieusement que Fuller est une alien, responsable de la maladie de sa m\u00e8re.<\/p>\n<p class=\"fig-paragraph\">\u00abEmma Stone a effectu\u00e9 un beau travail de sape de son image de jeune premi\u00e8re. Humour noir, rire jaune, on retrouve les couleurs pr\u00e9f\u00e9r\u00e9es de Lanthimos, tr\u00e8s \u00e0 l\u2019aise dans ce r\u00e9cit qui tire sur tout le monde, conspirationnistes et puissants. On dirait Fargo des fr\u00e8res Coen revu par un tenant de la collapsologie\u00bb, salue \u00c9tienne Sorin. \u00abLanthimos est au sommet de sa vision nihiliste. Emma Stone d\u00e9ploie une volubilit\u00e9 maniaque. Bugonia est une exp\u00e9rience enivrante et captivante, en grande partie parce qu\u2019elle prend la forme d\u2019un duel \u2014 tactique, philosophique, brutal \u2014 entre deux personnages outrageants\u00bb, note Variety.<\/p>\n<p>Ne pas s\u2019emballer trop vite<\/p>\n<p class=\"fig-paragraph\">Certains experts de la course aux Oscars s\u2019aventurent d\u00e9j\u00e0 \u00e0 pr\u00e9dire une nomination assur\u00e9e \u00e0 Emma Stone. Voire une troisi\u00e8me statuette, ce qui la mettrait sur un pied d\u2019\u00e9galit\u00e9 avec Meryl Streep et la rapprocherait du record de Katharine Hepburn, laur\u00e9ate de quatre Oscars. \u00c0 ce stade, un tel enthousiasme est \u00e0 prendre avec pr\u00e9caution. La Mostra livrera son palmar\u00e8s le 6 septembre. Puis vedettes et \u00abOscarologues\u00bb mettront le cap sur les prochaines \u00e9tapes de la saison des prix, les festivals de Toronto et Telluride. Plusieurs films tr\u00e8s attendus y auront leur avant-premi\u00e8re. \u00c0 commencer par Hamnet de la r\u00e9alisatrice de Nomadland\u00a0<a href=\"https:\/\/www.lefigaro.fr\/cinema\/chloe-zhao-la-realisatrice-qui-bouscule-les-super-heros-20211102\" data-fig-type=\"Article\" data-gtm-custom-categorie=\"navigation\" data-gtm-custom-action=\"crossclick\" data-gtm-custom-label=\"Contextuel\" data-gtm-event=\"customEventSPE\" data-fig-domain=\"LEFIGARO\" rel=\"nofollow noopener\" target=\"_blank\">Chlo\u00e9 Zhao<\/a>, qui r\u00e9unit Paul Mescal et Jessie Buckley pour dresser le porter d\u2019un William Shakespeare endeuill\u00e9.<\/p>\n","protected":false},"excerpt":{"rendered":"Mieux re\u00e7u par les journalistes, l\u2019autre poids lourd de cette seconde journ\u00e9e de la Mostra, Bugonia, o\u00f9 brille&hellip;\n","protected":false},"author":2,"featured_media":352031,"comment_status":"","ping_status":"","sticky":false,"template":"","format":"standard","meta":{"footnotes":""},"categories":[1359],"tags":[58,59,1011,27,6054,48869,127,973,16787],"class_list":{"0":"post-352030","1":"post","2":"type-post","3":"status-publish","4":"format-standard","5":"has-post-thumbnail","7":"category-people","8":"tag-divertissement","9":"tag-entertainment","10":"tag-fr","11":"tag-france","12":"tag-george-clooney","13":"tag-mostra-de-venise","14":"tag-netflix","15":"tag-people","16":"tag-venise"},"share_on_mastodon":{"url":"https:\/\/pubeurope.com\/@fr\/115111963123585856","error":""},"_links":{"self":[{"href":"https:\/\/www.europesays.com\/fr\/wp-json\/wp\/v2\/posts\/352030","targetHints":{"allow":["GET"]}}],"collection":[{"href":"https:\/\/www.europesays.com\/fr\/wp-json\/wp\/v2\/posts"}],"about":[{"href":"https:\/\/www.europesays.com\/fr\/wp-json\/wp\/v2\/types\/post"}],"author":[{"embeddable":true,"href":"https:\/\/www.europesays.com\/fr\/wp-json\/wp\/v2\/users\/2"}],"replies":[{"embeddable":true,"href":"https:\/\/www.europesays.com\/fr\/wp-json\/wp\/v2\/comments?post=352030"}],"version-history":[{"count":0,"href":"https:\/\/www.europesays.com\/fr\/wp-json\/wp\/v2\/posts\/352030\/revisions"}],"wp:featuredmedia":[{"embeddable":true,"href":"https:\/\/www.europesays.com\/fr\/wp-json\/wp\/v2\/media\/352031"}],"wp:attachment":[{"href":"https:\/\/www.europesays.com\/fr\/wp-json\/wp\/v2\/media?parent=352030"}],"wp:term":[{"taxonomy":"category","embeddable":true,"href":"https:\/\/www.europesays.com\/fr\/wp-json\/wp\/v2\/categories?post=352030"},{"taxonomy":"post_tag","embeddable":true,"href":"https:\/\/www.europesays.com\/fr\/wp-json\/wp\/v2\/tags?post=352030"}],"curies":[{"name":"wp","href":"https:\/\/api.w.org\/{rel}","templated":true}]}}