{"id":352032,"date":"2025-08-29T12:05:13","date_gmt":"2025-08-29T12:05:13","guid":{"rendered":"https:\/\/www.europesays.com\/fr\/352032\/"},"modified":"2025-08-29T12:05:13","modified_gmt":"2025-08-29T12:05:13","slug":"il-y-a-un-cote-tellurique-et-aquatique-cest-un-beau-melange-a-pluvigner-une-nouvelle-sculpture-inauguree-au-parc-du-stang","status":"publish","type":"post","link":"https:\/\/www.europesays.com\/fr\/352032\/","title":{"rendered":"\u00ab\u00a0Il y a un c\u00f4t\u00e9 tellurique et aquatique, c\u2019est un beau m\u00e9lange\u00a0\u00bb\u00a0: \u00e0 Pluvigner, une nouvelle sculpture inaugur\u00e9e au parc du Stang"},"content":{"rendered":"<p>Une sculpture a \u00e9t\u00e9 install\u00e9e ce mercredi dans le parc du Stang et d\u00e9voil\u00e9e l\u2019apr\u00e8s-midi en pr\u00e9sence de Diane Hingray et des \u00e9lus. Le projet, financ\u00e9 par la Drac, s\u2019inscrit dans le cadre du 1\u00a0% culturel consacr\u00e9 \u00e0 la m\u00e9diath\u00e8que\u00a0: 1\u00a0% du montant total de sa construction est d\u00e9di\u00e9 \u00e0 une \u0153uvre contemporaine.<\/p>\n<p>Parmi les seize dossiers examin\u00e9s par le comit\u00e9 de pilotage, l\u2019\u0153uvre d\u2019Isma\u00ebl Maudet a fait l\u2019unanimit\u00e9. L\u2019artiste, sculpteur constructeur et ferronnier, est originaire de Lorient, et a \u00e9t\u00e9 form\u00e9 \u00e0 l\u2019\u00c9cole des beaux-arts de Lorient et \u00e0 Bruxelles.<\/p>\n<p>Les premiers retours \u00ab\u00a0tr\u00e8s positifs\u00a0\u00bb<\/p>\n<p>La sculpture r\u00e9pond aux crit\u00e8res d\u2019esth\u00e9tisme, de p\u00e9rennit\u00e9 et de lien avec l\u2019histoire de ce site\u00a0: l\u2019\u0153uvre, intitul\u00e9e \u00ab\u00a0Com\u00e8te\u00a0\u00bb est compos\u00e9e de verre acrylique et de m\u00e9tal. Elle fait \u00e9cho \u00e0 la chapelle Saint-Michel, disparue en 1894, ainsi qu\u2019\u00e0 la pr\u00e9sence de l\u2019eau dans cette zone marqu\u00e9e par l\u2019histoire de l\u2019\u00e9tang combl\u00e9.<\/p>\n<p>\u00ab\u00a0\u00c7a me plaisait de ramener \u00e7a avec l\u2019id\u00e9e de vitrail, de faire un rapprochement avec le ciel, d\u2019o\u00f9 l\u2019id\u00e9e d\u2019une com\u00e8te comme un signe naturel, un signe c\u00e9leste et de l\u00e9g\u00e8ret\u00e9\u00a0\u00bb, explique Isma\u00ebl. Il poursuit\u00a0: \u00ab\u00a0On peut y voir un rappel des monolithiques dans le Morbihan, vestiges qui sont comme des vibrations\u00a0\u00bb. Tandis que la structure m\u00e9tallique en crois\u00e9e d\u2019ogive rappelle l\u2019architecture des \u00e9glises.<\/p>\n<p>Diane Hingray ajoute\u00a0: \u00ab\u00a0Les gens qui ont d\u00e9ambul\u00e9 ont \u00e9t\u00e9 \u00e9tonn\u00e9s et \u00e0 la fois tr\u00e8s heureux. Les premiers retours sont tr\u00e8s positifs\u00a0\u00bb. Ces trois t\u00e9moignages recueillis sur place en attestent\u00a0: \u00ab\u00a0Je trouve \u00e7a chouette, j\u2019aimerais bien la voir avec du soleil\u00a0\u00bb\u00a0; \u00ab\u00a0J\u2019aime bien les formes, \u00e7a fait penser \u00e0 une m\u00e9t\u00e9orite, et j\u2019aime bien la structure en acier\u00a0\u00bb\u00a0; \u00ab\u00a0Je suis agr\u00e9ablement surprise, j\u2019aime bien l\u2019id\u00e9e de quelque chose qui arrive sur terre, il y a un c\u00f4t\u00e9 tellurique et aquatique, c\u2019est un beau m\u00e9lange\u00a0\u00bb.<\/p>\n","protected":false},"excerpt":{"rendered":"Une sculpture a \u00e9t\u00e9 install\u00e9e ce mercredi dans le parc du Stang et d\u00e9voil\u00e9e l\u2019apr\u00e8s-midi en pr\u00e9sence de&hellip;\n","protected":false},"author":2,"featured_media":352033,"comment_status":"","ping_status":"","sticky":false,"template":"","format":"standard","meta":{"footnotes":""},"categories":[1358],"tags":[1348,1384,1385,7507,1386,58,59,1011,27,10386],"class_list":{"0":"post-352032","1":"post","2":"type-post","3":"status-publish","4":"format-standard","5":"has-post-thumbnail","7":"category-arts-et-design","8":"tag-arts","9":"tag-arts-and-design","10":"tag-arts-et-design","11":"tag-auray","12":"tag-design","13":"tag-divertissement","14":"tag-entertainment","15":"tag-fr","16":"tag-france","17":"tag-pluvigner"},"share_on_mastodon":{"url":"https:\/\/pubeurope.com\/@fr\/115111967065316223","error":""},"_links":{"self":[{"href":"https:\/\/www.europesays.com\/fr\/wp-json\/wp\/v2\/posts\/352032","targetHints":{"allow":["GET"]}}],"collection":[{"href":"https:\/\/www.europesays.com\/fr\/wp-json\/wp\/v2\/posts"}],"about":[{"href":"https:\/\/www.europesays.com\/fr\/wp-json\/wp\/v2\/types\/post"}],"author":[{"embeddable":true,"href":"https:\/\/www.europesays.com\/fr\/wp-json\/wp\/v2\/users\/2"}],"replies":[{"embeddable":true,"href":"https:\/\/www.europesays.com\/fr\/wp-json\/wp\/v2\/comments?post=352032"}],"version-history":[{"count":0,"href":"https:\/\/www.europesays.com\/fr\/wp-json\/wp\/v2\/posts\/352032\/revisions"}],"wp:featuredmedia":[{"embeddable":true,"href":"https:\/\/www.europesays.com\/fr\/wp-json\/wp\/v2\/media\/352033"}],"wp:attachment":[{"href":"https:\/\/www.europesays.com\/fr\/wp-json\/wp\/v2\/media?parent=352032"}],"wp:term":[{"taxonomy":"category","embeddable":true,"href":"https:\/\/www.europesays.com\/fr\/wp-json\/wp\/v2\/categories?post=352032"},{"taxonomy":"post_tag","embeddable":true,"href":"https:\/\/www.europesays.com\/fr\/wp-json\/wp\/v2\/tags?post=352032"}],"curies":[{"name":"wp","href":"https:\/\/api.w.org\/{rel}","templated":true}]}}