{"id":352034,"date":"2025-08-29T12:06:12","date_gmt":"2025-08-29T12:06:12","guid":{"rendered":"https:\/\/www.europesays.com\/fr\/352034\/"},"modified":"2025-08-29T12:06:12","modified_gmt":"2025-08-29T12:06:12","slug":"le-monde-est-fatigue-par-joseph-incardona-la-vengeance-dune-sirene","status":"publish","type":"post","link":"https:\/\/www.europesays.com\/fr\/352034\/","title":{"rendered":"\u201cLe monde est fatigu\u00e9\u201d, par Joseph Incardona\u00a0: la vengeance d\u2019une sir\u00e8ne"},"content":{"rendered":"<p>      <img fetchpriority=\"high\" decoding=\"async\" class=\"mx-auto\" src=\"data:image\/svg+xml,%3Csvg%20xmlns%3D%27http%3A%2F%2Fwww.w3.org%2F2000%2Fsvg%27%20fill%3D%22%23e4e4e4%22%20viewBox%3D%270%200%20510%20340%27%20width%3D%22510%22%20height%3D%22340%22%3E%3Cpath%20d%3D%27M0%200h510v340H0z%27%2F%3E%3C%2Fsvg%3E\"  loading=\"eager\" width=\"510\" height=\"340\" data-oncrawl-image-size=\"510x340\" alt=\"Joseph Incardona, au Festival du Livre de Paris en avril 2023\"\/>      <\/p>\n<p class=\"latino-100m text-grey-600\">\n            Joseph Incardona, au Festival du Livre de Paris en avril 2023\u00a0LAURENT BENHAMOU\/SIPA \/ LAURENT BENHAMOU\/SIPA        <\/p>\n<p>        Lire\u00a0plus\u00a0tard      <\/p>\n<p><a aria-label=\"Nous suivre sur Google News\" href=\"https:\/\/news.google.com\/publications\/CAAqBwgKMJe4nQkw3dFs?hl=fr&amp;gl=FR&amp;ceid=FR%3Afr\" target=\"_blank\" data-piano=\"Page_Article,Sous_date_publi,Nous_suivre_sur_google_news,1er_clic,action\" class=\"btn btn--small btn--tertiary btn--icon-only\" rel=\"noopener\"><\/p>\n<p>      Google Actualit\u00e9s<br \/>\n  <\/a><\/p>\n<p>  Partager<\/p>\n<p>        Facebook<\/p>\n<p>        Bluesky<\/p>\n<p>        E-mail<\/p>\n<p>        Copier le lien<\/p>\n<p>      Envoyer<\/p>\n<p>      S\u2019abonner pour lire    <\/p>\n<p class=\"node__paragraphe antonia-750r text-grey-800 pb-24 pb-md-30\">\nJoseph Incardona voue une affection particuli\u00e8re aux personnages f\u00e9minins atypiques. Apr\u00e8s Stella, putain miraculeuse poursuivie par des sbires du Vatican dans une Am\u00e9rique en d\u00e9liquescence (\u00ab\u00a0Stella et l\u2019Am\u00e9rique\u00a0\u00bb), voici \u00cave \u2013 \u00ab\u00a0parce que dans r\u00eave, il y a \u00cave\u00a0\u00bb \u2013 sir\u00e8ne professionnelle qui vend ses services \u00e0 des clients fortun\u00e9s aux quatre coins du monde. Renvers\u00e9e par une Lamborghini dont le chauffard, ivre et drogu\u00e9, avait pris la fuite, apr\u00e8s trois ans de coma et deux de r\u00e9\u00e9ducation, amput\u00e9e des deux jambes et l\u2019enfant qu\u2019elle portait confi\u00e9e \u00e0 l\u2019adoption, elle rumine sa vengeance. C\u2019est \u00e0 Matt Mauser, un d\u00e9tective aux allures de B\u00e9rurier, qu\u2019\u00cave a demand\u00e9 de retrouver le fuyard.<\/p>\n<p class=\"node__paragraphe antonia-750r text-grey-800 pb-8\">\nIncardona fait monter la tension, interpelle avec humour le lecteur tout en se livrant \u00e0 des r\u00e9flexions d\u00e9sabus\u00e9es sur notre monde fatigu\u00e9 et accompagne son h\u00e9ro\u00efne autour de la plan\u00e8te o\u00f9 r\u00e8gnent d\u00e9sormais l\u2019uniformisation de la pens\u00e9e, la laideur et le saccage sans \u00e9tats d\u2019\u00e2me de la nature par les\u2026<\/p>\n<p>  <img loading=\"lazy\" decoding=\"async\" class=\"floating-img\" src=\"https:\/\/www.europesays.com\/fr\/wp-content\/uploads\/2025\/07\/img-paywall@2x.png\" width=\"142\" height=\"91\" alt=\"\"\/><\/p>\n<p class=\"latino-100m text-blue-400\">Article r\u00e9serv\u00e9 aux abonn\u00e9s.<\/p>\n<p>          Se connecter<\/p>\n<p class=\"pb-16 text-center antonia-1850c\">Offre d\u2019\u00e9t\u00e9\u00a0:<br \/>1\u20ac\/mois pendant 6\u00a0mois<\/p>\n<p>\n        S&rsquo;abonner\n      <\/p>\n<p>          D\u00e9couvrir toutes nos offres<\/p>\n","protected":false},"excerpt":{"rendered":"Joseph Incardona, au Festival du Livre de Paris en avril 2023\u00a0LAURENT BENHAMOU\/SIPA \/ LAURENT BENHAMOU\/SIPA Lire\u00a0plus\u00a0tard Google Actualit\u00e9s&hellip;\n","protected":false},"author":2,"featured_media":352035,"comment_status":"","ping_status":"","sticky":false,"template":"","format":"standard","meta":{"footnotes":""},"categories":[1357],"tags":[17,6473,1379,58,59,4989,1011,27,48871,48870,1380,74,37338,48872,28822],"class_list":{"0":"post-352034","1":"post","2":"type-post","3":"status-publish","4":"format-standard","5":"has-post-thumbnail","7":"category-livres","8":"tag-17","9":"tag-bibliobs","10":"tag-books","11":"tag-divertissement","12":"tag-entertainment","13":"tag-fatigue","14":"tag-fr","15":"tag-france","16":"tag-incardona","17":"tag-joseph","18":"tag-livres","19":"tag-monde","20":"tag-rentree-litteraire","21":"tag-sirene","22":"tag-vengeance"},"share_on_mastodon":{"url":"https:\/\/pubeurope.com\/@fr\/115111970962664146","error":""},"_links":{"self":[{"href":"https:\/\/www.europesays.com\/fr\/wp-json\/wp\/v2\/posts\/352034","targetHints":{"allow":["GET"]}}],"collection":[{"href":"https:\/\/www.europesays.com\/fr\/wp-json\/wp\/v2\/posts"}],"about":[{"href":"https:\/\/www.europesays.com\/fr\/wp-json\/wp\/v2\/types\/post"}],"author":[{"embeddable":true,"href":"https:\/\/www.europesays.com\/fr\/wp-json\/wp\/v2\/users\/2"}],"replies":[{"embeddable":true,"href":"https:\/\/www.europesays.com\/fr\/wp-json\/wp\/v2\/comments?post=352034"}],"version-history":[{"count":0,"href":"https:\/\/www.europesays.com\/fr\/wp-json\/wp\/v2\/posts\/352034\/revisions"}],"wp:featuredmedia":[{"embeddable":true,"href":"https:\/\/www.europesays.com\/fr\/wp-json\/wp\/v2\/media\/352035"}],"wp:attachment":[{"href":"https:\/\/www.europesays.com\/fr\/wp-json\/wp\/v2\/media?parent=352034"}],"wp:term":[{"taxonomy":"category","embeddable":true,"href":"https:\/\/www.europesays.com\/fr\/wp-json\/wp\/v2\/categories?post=352034"},{"taxonomy":"post_tag","embeddable":true,"href":"https:\/\/www.europesays.com\/fr\/wp-json\/wp\/v2\/tags?post=352034"}],"curies":[{"name":"wp","href":"https:\/\/api.w.org\/{rel}","templated":true}]}}