{"id":352036,"date":"2025-08-29T12:07:09","date_gmt":"2025-08-29T12:07:09","guid":{"rendered":"https:\/\/www.europesays.com\/fr\/352036\/"},"modified":"2025-08-29T12:07:09","modified_gmt":"2025-08-29T12:07:09","slug":"cnews-premiere-chaine-info-de-france-modifie-sa-grille-des-lundi-et-ajoute-une-heure-dantenne-le-soir-a-gauthier-le-bret-qui-sera-en-direct-de-21h-a-minuit","status":"publish","type":"post","link":"https:\/\/www.europesays.com\/fr\/352036\/","title":{"rendered":"CNews, premi\u00e8re cha\u00eene info de France, modifie sa grille d\u00e8s lundi et ajoute une heure d\u2019antenne le soir \u00e0 Gauthier Le Bret qui sera en direct de 21h \u00e0 minuit"},"content":{"rendered":"<p>D\u00e8s lundi, Gauthier Le Bret va gagner une heure d&rsquo;antenne suppl\u00e9mentaire sur CNews. Son \u00e9mission quotidienne \u00ab\u00a0100% politique\u00a0\u00bb sera d\u00e9sormais diffus\u00e9e, du lundi au jeudi, en direct de 21h00 \u00e0 minuit.<\/p>\n<p>Le journaliste est aux commandes de ce programme de fin de soir\u00e9e depuis janvier dernier, du lundi au vendredi. A noter que le vendredi, \u00ab\u00a0100% politique week-end\u00a0\u00bb sera pr\u00e9sent\u00e9 par Olivier de Keranflec\u2019h.<\/p>\n<p>Hier, jeudi, l&rsquo;\u00e9mission \u00ab\u00a0100% politique\u00a0\u00bb a r\u00e9uni, entre 21h et 23h, 335.000 t\u00e9l\u00e9spectateurs (2,2%), permettant ainsi \u00e0 CNews d&rsquo;\u00eatre largement en t\u00eate devant ses concurrentes (BFMTV, LCI et Franceinfo).<\/p>\n","protected":false},"excerpt":{"rendered":"D\u00e8s lundi, Gauthier Le Bret va gagner une heure d&rsquo;antenne suppl\u00e9mentaire sur CNews. Son \u00e9mission quotidienne \u00ab\u00a0100% politique\u00a0\u00bb&hellip;\n","protected":false},"author":2,"featured_media":352037,"comment_status":"","ping_status":"","sticky":false,"template":"","format":"standard","meta":{"footnotes":""},"categories":[1356],"tags":[9722,58,59,1011,27,48873,252,1364,48859],"class_list":{"0":"post-352036","1":"post","2":"type-post","3":"status-publish","4":"format-standard","5":"has-post-thumbnail","7":"category-television","8":"tag-cnews","9":"tag-divertissement","10":"tag-entertainment","11":"tag-fr","12":"tag-france","13":"tag-gauthier-le-bret","14":"tag-television","15":"tag-tv","16":"tag-u00e9mission"},"share_on_mastodon":{"url":"https:\/\/pubeurope.com\/@fr\/115111974991372932","error":""},"_links":{"self":[{"href":"https:\/\/www.europesays.com\/fr\/wp-json\/wp\/v2\/posts\/352036","targetHints":{"allow":["GET"]}}],"collection":[{"href":"https:\/\/www.europesays.com\/fr\/wp-json\/wp\/v2\/posts"}],"about":[{"href":"https:\/\/www.europesays.com\/fr\/wp-json\/wp\/v2\/types\/post"}],"author":[{"embeddable":true,"href":"https:\/\/www.europesays.com\/fr\/wp-json\/wp\/v2\/users\/2"}],"replies":[{"embeddable":true,"href":"https:\/\/www.europesays.com\/fr\/wp-json\/wp\/v2\/comments?post=352036"}],"version-history":[{"count":0,"href":"https:\/\/www.europesays.com\/fr\/wp-json\/wp\/v2\/posts\/352036\/revisions"}],"wp:featuredmedia":[{"embeddable":true,"href":"https:\/\/www.europesays.com\/fr\/wp-json\/wp\/v2\/media\/352037"}],"wp:attachment":[{"href":"https:\/\/www.europesays.com\/fr\/wp-json\/wp\/v2\/media?parent=352036"}],"wp:term":[{"taxonomy":"category","embeddable":true,"href":"https:\/\/www.europesays.com\/fr\/wp-json\/wp\/v2\/categories?post=352036"},{"taxonomy":"post_tag","embeddable":true,"href":"https:\/\/www.europesays.com\/fr\/wp-json\/wp\/v2\/tags?post=352036"}],"curies":[{"name":"wp","href":"https:\/\/api.w.org\/{rel}","templated":true}]}}