{"id":352038,"date":"2025-08-29T12:08:09","date_gmt":"2025-08-29T12:08:09","guid":{"rendered":"https:\/\/www.europesays.com\/fr\/352038\/"},"modified":"2025-08-29T12:08:09","modified_gmt":"2025-08-29T12:08:09","slug":"a-la-fois-autoritaire-et-chaleureux","status":"publish","type":"post","link":"https:\/\/www.europesays.com\/fr\/352038\/","title":{"rendered":"A la fois autoritaire et chaleureux&#8230;"},"content":{"rendered":"<p>\n                Alors que ses fans attendent toujours un potentiel come back musical, C\u00e9line Dion s&rsquo;appr\u00eate \u00e0 sortir du silence&#8230; pour commenter les 30\u00a0ans de la sortie de son album culte\u00a0: \u00ab\u00a0D&rsquo;Eux\u00a0\u00bb. Un disque qu&rsquo;elle avait longuement \u00e9voqu\u00e9 dans son autobiographie.            <\/p>\n<p>Ses prises de parole sont devenues rares, elle qui a pourtant toujours assum\u00e9 d&rsquo;\u00eatre \u00ab\u00a0un livre ouvert\u00a0\u00bb. Le 3 septembre, les t\u00e9l\u00e9spectateurs ont rendez-vous sur M6 pour\u00a0<a href=\"https:\/\/www.journaldesfemmes.fr\/people\/personnalites\/2559600-celine-dion-age-jeune-enfants-couple-maladie\/\" title=\"C\u00e9line Dion\" rel=\"nofollow noopener\" target=\"_blank\">C\u00e9line Dion<\/a> raconte D&rsquo;Eux, un programme sp\u00e9cial dans lequel la diva reviendra sur les coulisses de cet album r\u00e9alis\u00e9 par Jean-Jacques Goldman.<\/p>\n<p>C\u00e9line Dion devenue une autre chanteuse gr\u00e2ce \u00e0 Jean-Jacques Goldman<\/p>\n<p>En 1995 sort D&rsquo;Eux, un album qui d\u00e9tient aujourd&rsquo;hui encore le titre\u00a0d&rsquo;album francophone le plus vendu dans le monde : 10 millions d&rsquo;exemplaires ! C\u00e9line Dion y encha\u00eene les tubes de Pour que tu m&rsquo;aimes encore \u00e0 Destin en passant par\u00a0J&rsquo;irai o\u00f9 tu iras, devenu\u00a0un incontournable qui fait trembler les murs de toutes les salles de karaok\u00e9. Mais saviez-vous que la star et son d\u00e9funt mari, Ren\u00e9 Ang\u00e9lil, n&rsquo;avaient donn\u00e9 \u00e0 <a href=\"https:\/\/www.journaldesfemmes.fr\/people\/personnalites\/2852247-jean-jacques-goldman\/\" title=\"Jean-Jacques Goldman\" rel=\"nofollow noopener\" target=\"_blank\">Jean-Jacques Goldman<\/a> que 2 semaines pour l&rsquo;enregistrement ? C&rsquo;est ce qu&rsquo;elle d\u00e9voilait dans son autobiographie intitul\u00e9e Ma vie, mon r\u00eave.<\/p>\n<p>\u00ab\u00a0Jean-Jacques aurait souhait\u00e9 travailler quelques jours avec moi avant d&rsquo;entrer en studio. Certains effets, certains tics de voix que j&rsquo;avais d\u00e9velopp\u00e9s l&rsquo;aga\u00e7aient. Il trouvait, par exemple, que j&rsquo;ajoutais trop de fioritures. Il n&rsquo;aimait pas ma fa\u00e7on de rouler les r ou de mouiller les dentales&#8230; Il m&rsquo;a dit tr\u00e8s franchement tout ce qu&rsquo;il aimait, tout ce qu&rsquo;il n&rsquo;aimait pas\u00a0\u00bb, \u00e9crivait C\u00e9line Dion. Loin de se braquer ou de se vexer, la star a accept\u00e9 de prendre en consid\u00e9ration ses remarques : \u00ab\u00a0Parce qu&rsquo;il avait cette mani\u00e8re \u00e0 la fois autoritaire et\u00a0si chaleureuse d&rsquo;expliquer ce qu&rsquo;il voulait.\u00a0\u00bb<\/p>\n<p>D&rsquo;Eux, l&rsquo;album pr\u00e9f\u00e9r\u00e9 de C\u00e9line Dion ?<\/p>\n<p>Dans un extrait du documentaire de M6, C\u00e9line Dion admet volontiers que ce disque a une place \u00e0 part dans sa vie. \u00ab\u00a0Jean-Jacques Goldman m&rsquo;a donn\u00e9 la chance d&rsquo;\u00eatre la bienvenue chez vous. Je suis sans mots, mais merci\u00a0!\u00a0\u00bb, clame ainsi la maman de Ren\u00e9-Charles et des jumeaux Nelson et Eddy.<\/p>\n<p>Dans son livre, la chanteuse de 57 ans raconte notamment qu&rsquo;\u00e0 l&rsquo;\u00e9coute en studio de Pour que tu m&rsquo;aimes encore, elle a \u00e9t\u00e9 submerg\u00e9e par l&rsquo;\u00e9motion. \u00ab\u00a0Aux trois quarts de la chanson, nous nous tenions les mains, Ren\u00e9 et moi, en pleurant tous les deux (&#8230;) Je consid\u00e8re toujours D&rsquo;Eux comme mon album le plus r\u00e9ussi, le plus achev\u00e9 \u00e0 tout point de vue\u00a0\u00bb, assure la star, r\u00e9fugi\u00e9e \u00e0 Las Vegas depuis des ann\u00e9es et qui pourrait bien revenir prochainement.<\/p>\n","protected":false},"excerpt":{"rendered":"Alors que ses fans attendent toujours un potentiel come back musical, C\u00e9line Dion s&rsquo;appr\u00eate \u00e0 sortir du silence&#8230;&hellip;\n","protected":false},"author":2,"featured_media":352039,"comment_status":"","ping_status":"","sticky":false,"template":"","format":"standard","meta":{"footnotes":""},"categories":[1355],"tags":[58,59,1011,27,1361,873],"class_list":{"0":"post-352038","1":"post","2":"type-post","3":"status-publish","4":"format-standard","5":"has-post-thumbnail","7":"category-musique","8":"tag-divertissement","9":"tag-entertainment","10":"tag-fr","11":"tag-france","12":"tag-music","13":"tag-musique"},"share_on_mastodon":{"url":"https:\/\/pubeurope.com\/@fr\/115111978931155594","error":""},"_links":{"self":[{"href":"https:\/\/www.europesays.com\/fr\/wp-json\/wp\/v2\/posts\/352038","targetHints":{"allow":["GET"]}}],"collection":[{"href":"https:\/\/www.europesays.com\/fr\/wp-json\/wp\/v2\/posts"}],"about":[{"href":"https:\/\/www.europesays.com\/fr\/wp-json\/wp\/v2\/types\/post"}],"author":[{"embeddable":true,"href":"https:\/\/www.europesays.com\/fr\/wp-json\/wp\/v2\/users\/2"}],"replies":[{"embeddable":true,"href":"https:\/\/www.europesays.com\/fr\/wp-json\/wp\/v2\/comments?post=352038"}],"version-history":[{"count":0,"href":"https:\/\/www.europesays.com\/fr\/wp-json\/wp\/v2\/posts\/352038\/revisions"}],"wp:featuredmedia":[{"embeddable":true,"href":"https:\/\/www.europesays.com\/fr\/wp-json\/wp\/v2\/media\/352039"}],"wp:attachment":[{"href":"https:\/\/www.europesays.com\/fr\/wp-json\/wp\/v2\/media?parent=352038"}],"wp:term":[{"taxonomy":"category","embeddable":true,"href":"https:\/\/www.europesays.com\/fr\/wp-json\/wp\/v2\/categories?post=352038"},{"taxonomy":"post_tag","embeddable":true,"href":"https:\/\/www.europesays.com\/fr\/wp-json\/wp\/v2\/tags?post=352038"}],"curies":[{"name":"wp","href":"https:\/\/api.w.org\/{rel}","templated":true}]}}