{"id":35204,"date":"2025-04-19T00:28:45","date_gmt":"2025-04-19T00:28:45","guid":{"rendered":"https:\/\/www.europesays.com\/fr\/35204\/"},"modified":"2025-04-19T00:28:45","modified_gmt":"2025-04-19T00:28:45","slug":"face-aux-attroupements-de-livreurs-la-mairie-interdit-leur-stationnement-dans-ces-rues-de-nancy","status":"publish","type":"post","link":"https:\/\/www.europesays.com\/fr\/35204\/","title":{"rendered":"Face aux attroupements de livreurs, la mairie interdit leur stationnement dans ces rues de Nancy"},"content":{"rendered":"<p>            Par<br \/>\n        <strong><br \/>\n            <a href=\"https:\/\/actu.fr\/auteur\/pierre-emile-bouchy-actu-fr\" title=\"Consulter tous les articles de Paul-Emile Bouchy\" target=\"_blank\" rel=\"noopener\">Paul-Emile Bouchy<\/a><br \/>\n        <\/strong><\/p>\n<p>        Publi\u00e9 le<\/p>\n<p>            16 avr. 2025 \u00e0 14h01        <\/p>\n<p>Fin ao\u00fbt\u00a02024, la Ville de <a href=\"https:\/\/actu.fr\/grand-est\/nancy_54395\" target=\"_blank\" rel=\"noopener\">Nancy<\/a> a lanc\u00e9<strong> la cr\u00e9ation de \u00ab\u2009zones blanches\u2009\u00bb<\/strong> <a href=\"https:\/\/actu.fr\/grand-est\/nancy_54395\/uber-eats-voici-comment-la-ville-de-nancy-veut-empecher-les-attroupements-de-livreurs-a-certains-endroits_61541008.html\" target=\"_blank\" rel=\"noopener\">pour emp\u00eacher les attroupements de livreurs<\/a>, notamment <strong>Uber Eats<\/strong>, \u00e0 certains endroits. Toutefois, si ces zones emp\u00eachent les livreurs de recevoir de nouvelles commandes, elles ne limitent pas leur pr\u00e9sence.<\/p>\n<p class=\" wall-content\">R\u00e9pondant \u00e0 une demande des commer\u00e7ants, la municipalit\u00e9 a pris <strong>un arr\u00eat\u00e9<\/strong> vendredi 11\u00a0mars <strong>interdisant le stationnement des livreurs dans certaines rues du centre-ville<\/strong>.<\/p>\n<p>La fin du stationnement des livreurs Uber Eats et Deliveroo dans ces rues<\/p>\n<p class=\" wall-content\">L\u2019arr\u00eat\u00e9 municipal, sign\u00e9 par le maire de Nancy Mathieu Klein, indique que \u00ab<strong>\u2009la pr\u00e9sence de livreurs coursiers, en attente d\u2019une r\u00e9servation<\/strong>, selon la pratique de la maraude num\u00e9rique,<strong> a pour effet de<\/strong> <strong>favoriser les formes de regroupements, nuisances sonores, souillures de sols, altercations<\/strong> et plus largement de g\u00e9n\u00e9rer un climat d\u2019ins\u00e9curit\u00e9\u2009\u00bb.<\/p>\n<p class=\" wall-content\">Ainsi, le <a href=\"https:\/\/actu.fr\/tag\/stationnement\" target=\"_blank\" rel=\"noopener\">stationnement<\/a> de tous les livreurs coursiers est <strong>interdit dans les rues suivantes de 11h \u00e0 15h et de 16h30 \u00e0 23h<\/strong>\u2009:<\/p>\n<ul class=\" wall-content\">\n<li>la rue Saint-Nicolas (de la rue de la Fa\u00efencerie \u00e0 la rue Saint-Dizier)\u2009;<\/li>\n<li>la rue des Tiercelins (du n\u00b01 au n\u00b08)\u2009;<\/li>\n<li>la rue du Docteur Schmitt ;<\/li>\n<li>les places Henri Mengin et Charles III dans leur totalit\u00e9 jusqu\u2019\u00e0 la rue du Grand Rabbin Haguenauer, y compris la rue Saint-Thi\u00e9baut et la rue des 4 \u00c9glises situ\u00e9e entre ces deux places\u2009;<\/li>\n<li>la rue du Grand Rabbin Haguenauer (de la rue Saint-Thi\u00e9baut \u00e0 la rue Cyffl\u00e9)\u2009;<\/li>\n<li>la rue des S\u0153urs-Macarons (de la rue Saint-Nicolas \u00e0 la rue Saint-Dizier)\u2009;<\/li>\n<li>la rue Stanislas pi\u00e9tonne (\u00e0 l\u2019angle de la rue Saint-Dizier)\u2009;<\/li>\n<li>la rue de l\u2019Ile de Corse (du n\u00b01 au n\u00b09).<\/li>\n<\/ul>\n<p>Vid\u00e9os : en ce moment sur Actu\u00ab\u2009Une d\u00e9cision qui va dans le bon sens\u2009\u00bb, pour le repr\u00e9sentant des livreurs Uber Eats<\/p>\n<p class=\" wall-content\">L\u2019arr\u00eat\u00e9 pr\u00e9cise que \u00ab\u2009les livreurs coursiers de vente \u00e0 emporter pourront, dans le p\u00e9rim\u00e8tre d\u00e9fini, marquer un arr\u00eat momentan\u00e9 le temps strictement n\u00e9cessaire \u00e0 la prise en charge de la commande\u2009\u00bb.<\/p>\n<p class=\" wall-content\">Sylvain Bader, repr\u00e9sentant des livreurs Uber Eats, se f\u00e9licite de cette d\u00e9cision\u2009: \u00ab<strong>\u2009Je demandais cela depuis longtemps.<\/strong> Cela va dans le bon sens et correspond \u00e0 ce qu\u2019on a demand\u00e9 \u00e0 la mairie lors de notre r\u00e9union le 31\u00a0mars dernier.\u2009\u00bb<\/p>\n<p class=\" wall-content\">Selon lui, cela va permettre \u00ab\u2009de faire dispara\u00eetre l\u2019ins\u00e9curit\u00e9\u2009\u00bb. \u00ab\u2009Aujourd\u2019hui, il y a 470 livreurs \u00e0 Nancy. Avec une telle d\u00e9cision, <strong>certains vont arr\u00eater et seulement ceux de bonne volont\u00e9 vont continuer leur travail<\/strong>\u2009\u00bb, ajoute-t-il. Il esp\u00e8re d\u00e9sormais organiser un temps d\u2019\u00e9change avec les commer\u00e7ants et les livreurs.<\/p>\n<p class=\" wall-content\">Suivez toute l\u2019actualit\u00e9 de vos villes et m\u00e9dias favoris en vous inscrivant \u00e0 <a href=\"https:\/\/moncompte.actu.fr\" title=\"D\u00e9couvez Mon Actu\" rel=\"nofollow noopener\" data-trk=\"{&quot;cta&quot;:{&quot;action&quot;:&quot;https:\\\/\\\/moncompte.actu.fr&quot;,&quot;category&quot;:&quot;mon compte&quot;,&quot;from&quot;:&quot;article footer&quot;,&quot;name&quot;:&quot;Mon actu&quot;,&quot;type&quot;:&quot;cta&quot;}}\" target=\"_blank\">Mon Actu<\/a>.<\/p>\n","protected":false},"excerpt":{"rendered":"Par Paul-Emile Bouchy Publi\u00e9 le 16 avr. 2025 \u00e0 14h01 Fin ao\u00fbt\u00a02024, la Ville de Nancy a lanc\u00e9&hellip;\n","protected":false},"author":2,"featured_media":35205,"comment_status":"","ping_status":"","sticky":false,"template":"","format":"standard","meta":{"footnotes":""},"categories":[9635],"tags":[1111,11,1777,674,1011,27,775,2825,1702,12,25,104],"class_list":{"0":"post-35204","1":"post","2":"type-post","3":"status-publish","4":"format-standard","5":"has-post-thumbnail","7":"category-nancy","8":"tag-actu","9":"tag-actualites","10":"tag-eu","11":"tag-europe","12":"tag-fr","13":"tag-france","14":"tag-grand-est","15":"tag-insecurite","16":"tag-nancy","17":"tag-news","18":"tag-republique-francaise","19":"tag-societe"},"share_on_mastodon":{"url":"https:\/\/pubeurope.com\/@fr\/114361801354615937","error":""},"_links":{"self":[{"href":"https:\/\/www.europesays.com\/fr\/wp-json\/wp\/v2\/posts\/35204","targetHints":{"allow":["GET"]}}],"collection":[{"href":"https:\/\/www.europesays.com\/fr\/wp-json\/wp\/v2\/posts"}],"about":[{"href":"https:\/\/www.europesays.com\/fr\/wp-json\/wp\/v2\/types\/post"}],"author":[{"embeddable":true,"href":"https:\/\/www.europesays.com\/fr\/wp-json\/wp\/v2\/users\/2"}],"replies":[{"embeddable":true,"href":"https:\/\/www.europesays.com\/fr\/wp-json\/wp\/v2\/comments?post=35204"}],"version-history":[{"count":0,"href":"https:\/\/www.europesays.com\/fr\/wp-json\/wp\/v2\/posts\/35204\/revisions"}],"wp:featuredmedia":[{"embeddable":true,"href":"https:\/\/www.europesays.com\/fr\/wp-json\/wp\/v2\/media\/35205"}],"wp:attachment":[{"href":"https:\/\/www.europesays.com\/fr\/wp-json\/wp\/v2\/media?parent=35204"}],"wp:term":[{"taxonomy":"category","embeddable":true,"href":"https:\/\/www.europesays.com\/fr\/wp-json\/wp\/v2\/categories?post=35204"},{"taxonomy":"post_tag","embeddable":true,"href":"https:\/\/www.europesays.com\/fr\/wp-json\/wp\/v2\/tags?post=35204"}],"curies":[{"name":"wp","href":"https:\/\/api.w.org\/{rel}","templated":true}]}}