{"id":352042,"date":"2025-08-29T12:10:10","date_gmt":"2025-08-29T12:10:10","guid":{"rendered":"https:\/\/www.europesays.com\/fr\/352042\/"},"modified":"2025-08-29T12:10:10","modified_gmt":"2025-08-29T12:10:10","slug":"laluminium-dans-les-vaccins-est-il-risque-pour-les-enfants-ce-que-revele-une-etude-recente","status":"publish","type":"post","link":"https:\/\/www.europesays.com\/fr\/352042\/","title":{"rendered":"L\u2019aluminium dans les vaccins est-il risqu\u00e9 pour les enfants ? Ce que r\u00e9v\u00e8le une \u00e9tude r\u00e9cente"},"content":{"rendered":"<p><strong>\u00c0 la sortie de la cr\u00e8che ou du cabinet m\u00e9dical, qui n\u2019a<br \/>\njamais entendu cette petite inqui\u00e9tude gliss\u00e9e entre deux portes :<br \/>\n\u00ab Et cet aluminium, il est vraiment sans danger pour mon enfant ? \u00bb<br \/>\nDepuis quelques ann\u00e9es, la question s\u2019invite dans de nombreuses<br \/>\nfamilles fran\u00e7aises, attis\u00e9e par la circulation d\u2019informations<br \/>\ncontradictoires sur les vaccins, en particulier ceux qui<br \/>\ncontiennent des adjuvants \u00e0 base d\u2019aluminium. Au fil des<br \/>\nconversations \u2013 sur les bancs du parc, sur les groupes de parents<br \/>\nou m\u00eame lors des repas de famille \u2013 le doute persiste souvent, bien<br \/>\nque la science s\u2019efforce d\u2019apporter des r\u00e9ponses. En 2025, une<br \/>\nvaste \u00e9tude fran\u00e7aise est venue \u00e9clairer ce d\u00e9bat passionn\u00e9,<br \/>\nsuscitant autant de r\u00e9actions que d\u2019espoir chez de nombreux parents<br \/>\nattach\u00e9s \u00e0 la sant\u00e9 de leurs enfants.<\/strong><\/p>\n<p>L\u2019aluminium dans les vaccins : de quoi<br \/>\nparle-t-on vraiment ?<\/p>\n<p>L\u2019aluminium pr\u00e9sent dans certains vaccins n\u2019est ni un intrus ni<br \/>\nune d\u00e9couverte r\u00e9cente. Utilis\u00e9 depuis pr\u00e8s d\u2019un si\u00e8cle, il s\u2019agit<br \/>\nd\u2019un adjuvant, c\u2019est-\u00e0-dire une substance ajout\u00e9e pour rendre les<br \/>\nvaccins plus efficaces. Mais \u00e0 quoi sert-il concr\u00e8tement ?<br \/>\nL\u2019aluminium permet <strong>d\u2019amplifier la r\u00e9ponse<br \/>\nimmunitaire<\/strong>, rendant ainsi la vaccination plus<br \/>\nprotectrice, m\u00eame avec des doses r\u00e9duites d\u2019antig\u00e8ne.<\/p>\n<p>Malgr\u00e9 cette fonction bien identifi\u00e9e, plusieurs id\u00e9es re\u00e7ues<br \/>\nentourent son utilisation. Certains l\u2019associent \u00e0 des risques<br \/>\ngraves ou \u00e0 des effets secondaires exag\u00e9r\u00e9s, notamment chez les<br \/>\nenfants en bas \u00e2ge. L\u2019image de l\u2019aluminium, souvent rattach\u00e9e \u00e0 une<br \/>\npossible toxicit\u00e9, nourrit la confusion, alors que ses doses<br \/>\ndans les vaccins sont infinit\u00e9simales compar\u00e9es \u00e0 l\u2019exposition<br \/>\nquotidienne par l\u2019alimentation ou l\u2019environnement.<\/p>\n<p>Parents inquiets, m\u00e9decins en premi\u00e8re<br \/>\nligne : un dialogue sous tension<\/p>\n<p>L\u2019annonce d\u2019une vaccination \u00e0 venir suffit parfois \u00e0 faire<br \/>\nna\u00eetre l\u2019inqui\u00e9tude chez les parents. Faut-il retarder un<br \/>\nrendez-vous, choisir un autre vaccin, ou s\u2019informer davantage ? Les<br \/>\ndoutes se <strong>cristallisent autour de la composition<\/strong><br \/>\ndes produits, la fr\u00e9quence des injections et l\u2019accumulation<br \/>\npotentielle d\u2019aluminium chez les tout-petits.<\/p>\n<p>Les professionnels de sant\u00e9, eux, doivent r\u00e9pondre \u00e0 ces<br \/>\ninterrogations avec clart\u00e9 et patience. Beaucoup regrettent la<br \/>\nd\u00e9fiance grandissante et d\u00e9plorent de voir certains d\u00e9bats glisser<br \/>\ndu factuel vers l\u2019\u00e9motif. Leur objectif reste de rassurer sans<br \/>\nminimiser les inqui\u00e9tudes, en rappelant le rapport<br \/>\nb\u00e9n\u00e9fice-risque et les connaissances scientifiques<br \/>\nactualis\u00e9es, tout en valorisant le dialogue transparent avec les<br \/>\nfamilles.<\/p>\n<p>L\u2019\u00e9tude de 2025 : une plong\u00e9e dans ses<br \/>\nr\u00e9sultats rassurants<\/p>\n<p>Cette ann\u00e9e, la publication d\u2019une vaste \u00e9tude fran\u00e7aise<br \/>\nconsacr\u00e9e \u00e0 l\u2019aluminium dans les vaccins a marqu\u00e9 un tournant.<br \/>\nPortant sur <strong>plus d\u2019un million d\u2019enfants<\/strong> suivis sur<br \/>\nplusieurs ann\u00e9es, les chercheurs ont scrut\u00e9 avec minutie les<br \/>\n\u00e9ventuels liens entre exposition \u00e0 l\u2019aluminium vaccinal,<br \/>\nd\u00e9veloppement neurologique et sant\u00e9 globale des jeunes enfants.<\/p>\n<p>Le constat est sans appel : aucun lien significatif n\u2019a pu \u00eatre<br \/>\nd\u00e9montr\u00e9 entre la pr\u00e9sence d\u2019aluminium dans les vaccins et la<br \/>\nsurvenue de troubles neurologiques ou d\u2019autisme. Ces r\u00e9sultats,<br \/>\nsalu\u00e9s pour leur rigueur et leur ampleur, apportent une r\u00e9ponse<br \/>\nclaire \u00e0 un sujet longtemps controvers\u00e9. Ils confirment ainsi que<br \/>\nles adjuvants \u00e0 base d\u2019aluminium, aux doses utilis\u00e9es, ne<br \/>\npr\u00e9sentent pas de risque d\u00e9montr\u00e9 pour la sant\u00e9 infantile.<\/p>\n<p>L\u2019aluminium reste-t-il dans le corps<br \/>\ndes enfants ? Ce que r\u00e9v\u00e8le la science<\/p>\n<p>Une autre question revient fr\u00e9quemment : l\u2019aluminium inject\u00e9<br \/>\nlors des vaccinations s\u2019accumule-t-il durablement dans le corps ?<br \/>\nLes m\u00e9canismes naturels de l\u2019organisme montrent que l\u2019aluminium est<br \/>\n<strong>majoritairement \u00e9limin\u00e9 par les reins<\/strong>. Chez<br \/>\nl\u2019enfant en bonne sant\u00e9, une grande partie est ainsi<br \/>\nprogressivement \u00e9vacu\u00e9e, limitant les risques d\u2019accumulation \u00e0 long<br \/>\nterme.<\/p>\n<p>Il est int\u00e9ressant de noter qu\u2019un enfant fran\u00e7ais ing\u00e8re bien<br \/>\nplus d\u2019aluminium chaque jour via son alimentation que ce que<br \/>\ncontiennent l\u2019ensemble des vaccins administr\u00e9s au cours de la<br \/>\npetite enfance. Ce simple constat permet de remettre en perspective<br \/>\nla question de l\u2019exposition et de relativiser le risque<br \/>\nper\u00e7u par rapport au reste de notre environnement<br \/>\nquotidien.<\/p>\n<p>Pol\u00e9miques et r\u00e9seaux sociaux :<br \/>\npourquoi la d\u00e9fiance persiste<\/p>\n<p>Les d\u00e9bats sur l\u2019aluminium vaccinal trouvent souvent un \u00e9cho<br \/>\ndisproportionn\u00e9 sur les r\u00e9seaux sociaux. Quelques th\u00e9ories, malgr\u00e9<br \/>\nl\u2019absence de fondements scientifiques, circulent avec vigueur,<br \/>\nrenfor\u00e7ant le sentiment de d\u00e9fiance chez certains parents. La<br \/>\n<strong>rapidit\u00e9 de diffusion<\/strong> de ces id\u00e9es amplifie<br \/>\nparfois les peurs collectives, jusqu\u2019\u00e0 occulter les conclusions<br \/>\nrigoureuses des chercheurs.<\/p>\n<p>Le r\u00f4le des m\u00e9dias et du bouche-\u00e0-oreille n\u2019est pas n\u00e9gligeable<br \/>\n: une information mal relay\u00e9e ou reprise hors contexte peut suffire<br \/>\n\u00e0 semer le doute. D\u2019o\u00f9 l\u2019importance, pour chacun, de privil\u00e9gier<br \/>\ndes sources fiables, reconnues et r\u00e9guli\u00e8rement<br \/>\nactualis\u00e9es.<\/p>\n<p>Doit-on repenser la vaccination<br \/>\ninfantile ? Les pistes pour rassurer et accompagner<\/p>\n<p>Dans ce contexte, restaurer la confiance dans la vaccination<br \/>\npasse avant tout par une communication transparente et accessible.<br \/>\nD\u00e9crypter la composition des vaccins, expliquer le choix des<br \/>\nadjuvants, partager les donn\u00e9es et encourager le dialogue : autant<br \/>\nde pistes pour <strong>apaiser les inqui\u00e9tudes<\/strong> et b\u00e2tir un<br \/>\nclimat serein autour de la pr\u00e9vention.<\/p>\n<p>Plusieurs perspectives se dessinent d\u2019ailleurs pour l\u2019avenir :<br \/>\nrecommandations actualis\u00e9es, accompagnement renforc\u00e9 des familles<br \/>\nlors du parcours vaccinal, actions sur le terrain pour lutter<br \/>\ncontre la d\u00e9sinformation. L\u2019objectif reste immuable : garantir la<br \/>\nsant\u00e9 publique tout en accompagnant chacun dans ses choix,<br \/>\navec respect et bienveillance.<\/p>\n<p>Ce qu\u2019il faut retenir : les<br \/>\nenseignements de l\u2019enqu\u00eate et les questions \u00e0 venir<\/p>\n<p>La grande enqu\u00eate fran\u00e7aise de 2025 le confirme : les adjuvants<br \/>\n\u00e0 base d\u2019aluminium utilis\u00e9s dans les vaccins infantiles sont<br \/>\naujourd\u2019hui consid\u00e9r\u00e9s comme s\u00fbrs. Aucun lien n\u2019a \u00e9t\u00e9 mis en<br \/>\n\u00e9vidence avec des troubles neurologiques ou le d\u00e9veloppement de<br \/>\nl\u2019enfant, et l\u2019aluminium est <strong>naturellement \u00e9limin\u00e9 par<br \/>\nl\u2019organisme<\/strong>. Ce sujet, tout sauf anodin, m\u00e9rite n\u00e9anmoins<br \/>\nla plus grande vigilance, pour garantir l\u2019actualisation continue<br \/>\ndes connaissances et la transparence dans les pratiques de<br \/>\nsant\u00e9.<\/p>\n<p>Pour les parents, la clef r\u00e9side dans l\u2019acc\u00e8s \u00e0 une information<br \/>\nclaire, actualis\u00e9e, et dans un dialogue serein avec les<br \/>\nprofessionnels. S\u2019informer, \u00e9changer, poser ses questions sans<br \/>\ncrainte : autant de moyens de faire des choix \u00e9clair\u00e9s pour la<br \/>\nsant\u00e9 de ses enfants, en toute confiance.<\/p>\n<p>Cette nouvelle \u00e9tude dissipe de nombreuses peurs tout en<br \/>\ninvitant \u00e0 poursuivre l\u2019effort d\u2019information. \u00c0 chacun de rester<br \/>\ncurieux, vigilant et ouvert au d\u00e9bat, pour <strong>accompagner nos<br \/>\nenfants<\/strong> sur le chemin d\u2019une sant\u00e9 \u00e9clair\u00e9e et apais\u00e9e. La<br \/>\nscience d\u2019aujourd\u2019hui nous offre ainsi des r\u00e9ponses solides pour<br \/>\nguider nos d\u00e9cisions en mati\u00e8re de sant\u00e9 infantile.<\/p>\n","protected":false},"excerpt":{"rendered":"\u00c0 la sortie de la cr\u00e8che ou du cabinet m\u00e9dical, qui n\u2019a jamais entendu cette petite inqui\u00e9tude gliss\u00e9e&hellip;\n","protected":false},"author":2,"featured_media":352043,"comment_status":"","ping_status":"","sticky":false,"template":"","format":"standard","meta":{"footnotes":""},"categories":[10],"tags":[1011,27,72,71],"class_list":{"0":"post-352042","1":"post","2":"type-post","3":"status-publish","4":"format-standard","5":"has-post-thumbnail","7":"category-sante","8":"tag-fr","9":"tag-france","10":"tag-health","11":"tag-sante"},"share_on_mastodon":{"url":"https:\/\/pubeurope.com\/@fr\/115111986758889964","error":""},"_links":{"self":[{"href":"https:\/\/www.europesays.com\/fr\/wp-json\/wp\/v2\/posts\/352042","targetHints":{"allow":["GET"]}}],"collection":[{"href":"https:\/\/www.europesays.com\/fr\/wp-json\/wp\/v2\/posts"}],"about":[{"href":"https:\/\/www.europesays.com\/fr\/wp-json\/wp\/v2\/types\/post"}],"author":[{"embeddable":true,"href":"https:\/\/www.europesays.com\/fr\/wp-json\/wp\/v2\/users\/2"}],"replies":[{"embeddable":true,"href":"https:\/\/www.europesays.com\/fr\/wp-json\/wp\/v2\/comments?post=352042"}],"version-history":[{"count":0,"href":"https:\/\/www.europesays.com\/fr\/wp-json\/wp\/v2\/posts\/352042\/revisions"}],"wp:featuredmedia":[{"embeddable":true,"href":"https:\/\/www.europesays.com\/fr\/wp-json\/wp\/v2\/media\/352043"}],"wp:attachment":[{"href":"https:\/\/www.europesays.com\/fr\/wp-json\/wp\/v2\/media?parent=352042"}],"wp:term":[{"taxonomy":"category","embeddable":true,"href":"https:\/\/www.europesays.com\/fr\/wp-json\/wp\/v2\/categories?post=352042"},{"taxonomy":"post_tag","embeddable":true,"href":"https:\/\/www.europesays.com\/fr\/wp-json\/wp\/v2\/tags?post=352042"}],"curies":[{"name":"wp","href":"https:\/\/api.w.org\/{rel}","templated":true}]}}