{"id":352048,"date":"2025-08-29T12:13:13","date_gmt":"2025-08-29T12:13:13","guid":{"rendered":"https:\/\/www.europesays.com\/fr\/352048\/"},"modified":"2025-08-29T12:13:13","modified_gmt":"2025-08-29T12:13:13","slug":"test-dji-osmo-360-la-rivale-redoutable-de-linsta360-x5","status":"publish","type":"post","link":"https:\/\/www.europesays.com\/fr\/352048\/","title":{"rendered":"Test DJI Osmo\u00a0360 : la rivale redoutable de l&rsquo;Insta360\u00a0X5"},"content":{"rendered":"<p>                <img decoding=\"async\" draggable=\"false\" src=\"https:\/\/www.europesays.com\/fr\/wp-content\/uploads\/2025\/08\/rating_ed@x1.png\"  alt=\"Note de la r\u00e9daction: 5 sur 5\"\/><\/p>\n<p>Pr\u00e9sentation                                <\/p>\n<p class=\"ed__a-p ed__bdy__l\">Absent jusqu&rsquo;ici du march\u00e9 de l\u2019image \u00e0 360\u00b0, DJI lance l\u2019Osmo\u00a0360 \u00e0 l\u2019assaut d\u2019Insta360 et de GoPro avec la ferme intention de s\u00e9rieusement chahuter la <a href=\"https:\/\/www.lesnumeriques.com\/camera-360-degres\/insta360-insta360-x5-p76556\/test.html\" rel=\"nofollow noopener\" target=\"_blank\">X5<\/a>, en position dominante en l\u2019absence de la GoPro Max\u00a02, toujours pas commercialis\u00e9e.<\/p>\n<p class=\"ed__a-p ed__bdy__l\">Avec l\u2019Osmo\u00a0360, DJI pose ainsi ce qui constitue la premi\u00e8re brique d\u2019un \u00e9cosyst\u00e8me d\u2019imagerie immersif \u00e0 360\u00b0 pour accompagner une gamme d\u00e9j\u00e0 tr\u00e8s compl\u00e8te de cam\u00e9ras d\u2019action et de drones. L\u2019arriv\u00e9e r\u00e9cente du fabricant chinois Antigravity et l\u2019annonce du lancement du drone\u00a0A1, premier mod\u00e8le capable de produire des images \u00e0\u00a0360\u00b0, ouvrent la porte \u00e0 toute sorte de sp\u00e9culations sur un potentiel mod\u00e8le de drone\u00a0360 made in DJI.<\/p>\n<p class=\"ed__a-p ed__bdy__l\"><img loading=\"lazy\" decoding=\"async\" src=\"data:image\/svg+xml,%3Csvg xmlns='http:\/\/www.w3.org\/2000\/svg'%3E%3C\/svg%3E\" draggable=\"false\" width=\"1476\" height=\"1107\" class=\"ed__title-xxs\" alt=\"DJI Osmo 360 et Insta360 X5.\" style=\"background-color: #f2f2f2; aspect-ratio:1476\/1107;\"\/><\/p>\n<p>DJI Osmo 360 et Insta360 X5.<\/p>\n<p>\u00a9 Romane Riesse \/ Les Num\u00e9riques<\/p>\n<\/p>\n<p class=\"ed__a-p ed__bdy__l\"><img loading=\"lazy\" decoding=\"async\" src=\"data:image\/svg+xml,%3Csvg xmlns='http:\/\/www.w3.org\/2000\/svg'%3E%3C\/svg%3E\" draggable=\"false\" width=\"1476\" height=\"1107\" class=\"ed__title-xxs\" alt=\"DJI Osmo 360 et Insta360 X5.\" style=\"background-color: #f2f2f2; aspect-ratio:1476\/1107;\"\/><\/p>\n<p>DJI Osmo 360 et Insta360 X5.<\/p>\n<p>\u00a9 Romane Riesse \/ Les Num\u00e9riques<\/p>\n<\/p>\n<p class=\"ed__a-p ed__bdy__l\">Pour l\u2019heure, l\u2019Osmo\u00a0360 entend faire parler la poudre. Petit mod\u00e8le compact aux performances qui s\u2019annoncent au moins aussi prometteuses que celles de la X5 d\u2019Insta360, il b\u00e9n\u00e9ficie d\u2019un double capteur carr\u00e9 HDR de 1\/1,1\u00a0pouce offrant le m\u00eame champ d\u2019image \u00e0\u00a0360\u00b0 qu\u2019un capteur rectangulaire traditionnel de 1\u00a0pouce, tout en \u00e9liminant les zones inutilis\u00e9es. Principal b\u00e9n\u00e9ficiaire, la consommation d\u2019\u00e9nergie avec une autonomie annonc\u00e9e de 100\u00a0min en 8K\/30\u00a0i\/s.<\/p>\n<p>    Prix et disponibilit\u00e9Disponible en de multiples kits                                <\/p>\n<p class=\"ed__a-p ed__bdy__l\">L\u2019Osmo\u00a0360 est propos\u00e9e par DJI aupr\u00e8s des revendeurs agr\u00e9\u00e9s en une dizaine de kits. Parmi les plus populaires, le kit Standard Osmo\u00a0360 (480\u00a0\u20ac) comprend l\u2019Osmo\u00a0360, une batterie Extr\u00eame Plus Osmo Action, une pochette de protection, un chiffon de nettoyage, un c\u00e2ble USB-C PD (USB\u00a03.1) et une protection d\u2019objectif en caoutchouc Osmo\u00a0360. Plus complet, le kit Aventure Osmo\u00a0360 (630\u00a0\u20ac) regroupe l\u2019Osmo\u00a0360, une batterie Extr\u00eame Plus Osmo Action, un bo\u00eetier multifonctionnel\u00a02 pour batterie Osmo Action, une pochette de protection, un chiffon de nettoyage, un c\u00e2ble USB-C, un adaptateur de montage \u00e0 d\u00e9gagement rapide r\u00e9glable pour perche \u00e0 selfie invisible 1,2\u00a0m, ainsi qu&rsquo;une protection d\u2019objectif en caoutchouc.<\/p>\n<p class=\"ed__a-p ed__bdy__l\"><img loading=\"lazy\" decoding=\"async\" src=\"data:image\/svg+xml,%3Csvg xmlns='http:\/\/www.w3.org\/2000\/svg'%3E%3C\/svg%3E\" draggable=\"false\" width=\"1476\" height=\"1044\" class=\"ed__title-xxs\" alt=\"DJI Osmo 360 Bundle Aventure.\" style=\"background-color: #f2f2f2; aspect-ratio:1476\/1044;\"\/><\/p>\n<p>DJI Osmo 360 Bundle Aventure.<\/p>\n<p>\u00a9 DJI<\/p>\n<\/p>\n<p class=\"ed__a-p ed__bdy__l\">Le store de DJI propose \u00e9galement d\u2019autres bundles d\u00e9di\u00e9s \u00e0 des activit\u00e9s plus pr\u00e9cises comme la moto avec les kits Guidon de moto (525\u00a0\u20ac), multi-POV moto (643\u00a0\u20ac) et Casque Troisi\u00e8me Personne (527\u00a0\u20ac), pour le ski avec le kit Ski Osmo\u00a0360 (529\u00a0\u20ac) ou encore le v\u00e9lo avec les kits POV arri\u00e8re cyclisme sur route (666\u00a0\u20ac) et Premi\u00e8re personne cyclisme sur route (580\u00a0\u20ac). Citons \u00e9galement les kits Vlog (669\u00a0\u20ac) et Vortex (584\u00a0\u20ac). Le contenu d\u00e9taill\u00e9 de l\u2019ensemble de ces kits est indiqu\u00e9 sur le store de\u00a0DJI.<\/p>\n<p>                <img decoding=\"async\" draggable=\"false\" src=\"https:\/\/www.europesays.com\/fr\/wp-content\/uploads\/2025\/08\/rating_ed@x1.png\"  alt=\"Note de la r\u00e9daction: 4 sur 5\"\/><\/p>\n<p>Prise en mainComme un (grand) air de X5                                <\/p>\n<p class=\"ed__a-p ed__bdy__l\">Notre d\u00e9couverte de l\u2019Osmo\u00a0360 fait immanquablement penser \u00e0 la X5 d\u2019Insta360, avec des sp\u00e9cifications qui sembleraient presque calqu\u00e9es sur celles de sa grande concurrente. L\u2019Osmo\u00a0360 montre ainsi ses muscles avec \u00e0 son bord un double capteur de 1\/1,1\u00a0pouce. Physiquement, cette cam\u00e9ra de DJI est moins haute et plus large que la\u00a0X5 et reprend la m\u00eame disposition des commandes, cette fois avec un moniteur dispos\u00e9 \u00e0 l\u2019horizontale afin d&rsquo;\u00e9pouser son format plus carr\u00e9.<\/p>\n<p class=\"ed__a-p ed__bdy__l\">Mais contrairement \u00e0 la X5, les deux lentilles de l\u2019Osmo\u00a0360 sont d\u00e9pourvues de protection, ce qui rend le groupe optique sensible en cas de chocs violents (comme nous l\u2019avons exp\u00e9riment\u00e9\u2026) ou lorsque la cam\u00e9ra est pos\u00e9e sur une table. DJI fournit n\u00e9anmoins une protection en caoutchouc offrant une bonne protection \u00e0 la cam\u00e9ra pendant sa manipulation ou son transport.<\/p>\n<p class=\"ed__a-p ed__bdy__l\"><img loading=\"lazy\" decoding=\"async\" src=\"data:image\/svg+xml,%3Csvg xmlns='http:\/\/www.w3.org\/2000\/svg'%3E%3C\/svg%3E\" draggable=\"false\" width=\"1476\" height=\"919\" class=\"ed__title-xxs\" alt=\"DJI Osmo 360.\" style=\"background-color: #f2f2f2; aspect-ratio:1476\/919;\"\/><\/p>\n<p>DJI Osmo 360.<\/p>\n<p>\u00a9 Romane Riesse \/ Les Num\u00e9riques<\/p>\n<\/p>\n<p class=\"ed__a-p ed__bdy__l\"><img loading=\"lazy\" decoding=\"async\" src=\"data:image\/svg+xml,%3Csvg xmlns='http:\/\/www.w3.org\/2000\/svg'%3E%3C\/svg%3E\" draggable=\"false\" width=\"1107\" height=\"1476\" class=\"ed__title-xxs\" alt=\"DJI Osmo 360.\" style=\"background-color: #f2f2f2; aspect-ratio:1107\/1476;\"\/><\/p>\n<p>DJI Osmo 360.<\/p>\n<p>\u00a9 Romane Riesse \/ Les Num\u00e9riques<\/p>\n<\/p>\n<p class=\"ed__a-p ed__bdy__l\">Les deux tranches de la cam\u00e9ra donnent acc\u00e8s \u00e0 la carte m\u00e9moire et au bouton de mise sous tension via une petite trappe, ainsi qu&rsquo;\u00e0 la batterie et au logement de la carte micro SD via une autre plus grande. Notez que la cam\u00e9ra poss\u00e8de une m\u00e9moire int\u00e9gr\u00e9e de 128\u00a0Go. L\u2019\u00e9cran 2\u00a0pouces se trouve au dos, sous lequel logent les deux boutons de commande. Le groupe optique couvre une plage dynamique de 13,5\u00a0stops avec une ouverture de f\/1,9, qui lui assure un rendement \u00e9lev\u00e9 dans des conditions de faible luminosit\u00e9 ou des sc\u00e8nes \u00e0 fort contraste (lever et coucher du Soleil, par exemple). La grande taille des pixels \u2014\u00a0le double de la norme industrielle de 1,2\u00a0\u03bcm\u00a0\u2014 permet de capturer plus de d\u00e9tails, moins de bruit, avec de meilleures performances en basse lumi\u00e8re et une plage dynamique sup\u00e9rieure.<\/p>\n<p class=\"ed__a-p ed__bdy__l\"><img loading=\"lazy\" decoding=\"async\" src=\"data:image\/svg+xml,%3Csvg xmlns='http:\/\/www.w3.org\/2000\/svg'%3E%3C\/svg%3E\" draggable=\"false\" width=\"1476\" height=\"769\" class=\"ed__title-xxs\" alt=\"Trappe logement de la batterie et carte microSD.\" style=\"background-color: #f2f2f2; aspect-ratio:1476\/769;\"\/><\/p>\n<p>Trappe logement de la batterie et carte microSD.<\/p>\n<p>\u00a9 Romane Riesse \/ Les Num\u00e9riques<\/p>\n<\/p>\n<p class=\"ed__a-p ed__bdy__l\"><img loading=\"lazy\" decoding=\"async\" src=\"data:image\/svg+xml,%3Csvg xmlns='http:\/\/www.w3.org\/2000\/svg'%3E%3C\/svg%3E\" draggable=\"false\" width=\"4032\" height=\"3024\" class=\"ed__title-xxs\" alt=\"Trappe pour le port USB-C.\" style=\"background-color: #f2f2f2; aspect-ratio:4032\/3024;\"\/><\/p>\n<p>Trappe pour le port USB-C.<\/p>\n<p>\u00a9 Romane Riesse \/ Les Num\u00e9riques<\/p>\n<\/p>\n<p class=\"ed__a-p ed__bdy__l\"><img loading=\"lazy\" decoding=\"async\" src=\"data:image\/svg+xml,%3Csvg xmlns='http:\/\/www.w3.org\/2000\/svg'%3E%3C\/svg%3E\" draggable=\"false\" width=\"1107\" height=\"1476\" class=\"ed__title-xxs\" alt=\"Bouton de mise sous tension.\" style=\"background-color: #f2f2f2; aspect-ratio:1107\/1476;\"\/><\/p>\n<p>Bouton de mise sous tension.<\/p>\n<p>\u00a9 Romane Riesse \/ Les Num\u00e9riques<\/p>\n<\/p>\n<p class=\"ed__a-p ed__bdy__l\"><img loading=\"lazy\" decoding=\"async\" src=\"data:image\/svg+xml,%3Csvg xmlns='http:\/\/www.w3.org\/2000\/svg'%3E%3C\/svg%3E\" draggable=\"false\" width=\"1476\" height=\"813\" class=\"ed__title-xxs\" alt=\"Vis tr\u00e9pied et fixation magn\u00e9tique.\" style=\"background-color: #f2f2f2; aspect-ratio:1476\/813;\"\/><\/p>\n<p>Vis tr\u00e9pied et fixation magn\u00e9tique.<\/p>\n<p>\u00a9 Romane Riesse \/ Les Num\u00e9riques<\/p>\n<\/p>\n<p class=\"ed__a-p ed__bdy__l\"><img loading=\"lazy\" decoding=\"async\" src=\"data:image\/svg+xml,%3Csvg xmlns='http:\/\/www.w3.org\/2000\/svg'%3E%3C\/svg%3E\" draggable=\"false\" width=\"1476\" height=\"1107\" class=\"ed__title-xxs\" alt=\"L'absence de protection des lentilles rend le groupe optique fragile.\" style=\"background-color: #f2f2f2; aspect-ratio:1476\/1107;\"\/><\/p>\n<p>L&rsquo;absence de protection des lentilles rend le groupe optique fragile.<\/p>\n<p>\u00a9 Romane Riesse \/ Les Num\u00e9riques<\/p>\n<\/p>\n<p class=\"ed__a-p ed__bdy__l\">L\u2019Osmo\u00a0360 prend en charge la vid\u00e9o\u00a08K\/50\u00a0i\/s \u00e0 360\u00b0 et pourra \u00eatre param\u00e9tr\u00e9e en 4K jusqu\u2019\u00e0 100\u00a0i\/s, mais aussi en 6K jusqu\u2019\u00e0 60\u00a0i selon les besoins de l&rsquo;utilisateur. En mati\u00e8re de prise de vue photo 360\u00b0, la cam\u00e9ra de DJI capture des images en 120\u00a0Mpx et jusqu\u2019\u00e0 30\u00a0Mpx en 2D au format\u00a04:3. L\u2019Osmo\u00a0360 se montre aussi efficace avec un seul objectif et sait basculer entre les objectifs avant et arri\u00e8re sans interrompre l\u2019enregistrement.<\/p>\n<p class=\"ed__a-p ed__bdy__l\">Seule limitation, le format d\u2019enregistrement vid\u00e9o a \u00e9t\u00e9 plafonn\u00e9 au format\u00a05K\/60\u00a0i\/s avec un angle ultra-large de 155\u00b0. Le mode Boost Vid\u00e9o quant \u00e0 lui offre un champ de vision encore plus large de\u00a0170\u00b0 et des vid\u00e9os fluides en 4K\/120\u00a0i\/s. En photo, la cam\u00e9ra se limite au format\u00a04\/3 en 12, 20 ou 30\u00a0Mpx. Dommage que DJI ne propose pas de format\u00a016:9, ce qu&rsquo;autorise sa rivale\u00a0X5.<\/p>\n<p>                <img decoding=\"async\" draggable=\"false\" src=\"https:\/\/www.europesays.com\/fr\/wp-content\/uploads\/2025\/08\/rating_ed@x1.png\"  alt=\"Note de la r\u00e9daction: 5 sur 5\"\/><\/p>\n<p>Qualit\u00e9 d&rsquo;image                                <\/p>\n<p class=\"ed__a-p ed__bdy__l\">En concurrence frontale avec la cam\u00e9ra\u00a0X5 d\u2019Insta360, DJI ne pouvait pas faire dans la demi-mesure avec l\u2019Osmo\u00a0360 et son double capteur carr\u00e9 HDR de 1\/1,1\u00a0pouce, qui la positionne comme une s\u00e9rieuse concurrente. Il sera donc bien difficile de d\u00e9partager ces deux mod\u00e8les, m\u00eame si le capteur de l\u2019Osmo\u00a0360 se montre th\u00e9oriquement un poil mieux d\u00e9fini.<\/p>\n<p>Vid\u00e9o<\/p>\n<p class=\"ed__a-p ed__bdy__l\">Comme n\u2019importe quel appareil offrant la prise de vue \u00e0\u00a0360\u00b0, l\u2019Osmo\u00a0360 permet de manipuler l\u2019image dans toutes les directions, ce qui est bien entendu possible \u00e0 la prise de vue comme en post-production. Ce concept immersif octroie l\u2019immense avantage d&rsquo;imaginer le tournage d\u2019un seul plan pouvant \u00eatre post-produit sur les diff\u00e9rents angles permis par la prise de vue \u00e0\u00a0360\u00b0. \u00c0 la cl\u00e9, un vrai gain de temps en production et des \u00e9conomies de batteries durant un tournage\u00a0!<\/p>\n<p class=\"ed__a-p ed__bdy__l\">Les images peuvent \u00eatre trait\u00e9es directement dans l&rsquo;application Mimo (iOS, Android), adapt\u00e9e pour l\u2019occasion au format d\u2019image \u00e0 360\u00b0, ou dans le logiciel DJI Studio (macOS, Windows). Ce dernier permet de traiter les images enregistr\u00e9es en D-Log\u00a0M et d\u2019appliquer ses propres LUT pour ajuster les rendus colorim\u00e9triques. En mode Auto, les images sont plut\u00f4t flashy et l\u2019adoption du D-Log\u00a0M 10\u00a0bits permet assur\u00e9ment de gagner en qualit\u00e9 de traitement pour obtenir une image parfaite. DJI Studio propose d\u2019ajuster tous les param\u00e8tres de l\u2019image (exposition, contraste, luminance, temp\u00e9rature des couleurs, teinte, saturation\u2026) et poss\u00e8de quelques filtres basiques pour ajouter des musiques en fond.<\/p>\n<p class=\"ed__a-p ed__bdy__l\"><img loading=\"lazy\" decoding=\"async\" src=\"data:image\/svg+xml,%3Csvg xmlns='http:\/\/www.w3.org\/2000\/svg'%3E%3C\/svg%3E\" draggable=\"false\" width=\"1476\" height=\"830\" class=\"ed__title-xxs\" alt=\"DJI Studio (Mac).\" style=\"background-color: #f2f2f2; aspect-ratio:1476\/830;\"\/><\/p>\n<p>DJI Studio (Mac).<\/p>\n<p>\u00a9 Romane Riesse \/ Les Num\u00e9riques<\/p>\n<\/p>\n<p class=\"ed__a-p ed__bdy__l\"><img loading=\"lazy\" decoding=\"async\" src=\"data:image\/svg+xml,%3Csvg xmlns='http:\/\/www.w3.org\/2000\/svg'%3E%3C\/svg%3E\" draggable=\"false\" width=\"1476\" height=\"683\" class=\"ed__title-xxs\" alt=\"DJI Mimo (iOS).\" style=\"background-color: #f2f2f2; aspect-ratio:1476\/683;\"\/><\/p>\n<p>DJI Mimo (iOS).<\/p>\n<p>\u00a9 Romane Riesse \/ Les Num\u00e9riques<\/p>\n<\/p>\n<p class=\"ed__a-p ed__bdy__l\">Avec l\u2019Osmo\u00a0360, on peut aussi filmer comme une cam\u00e9ra classique en optant pour le format Objectif Unique qui, comme son nom l&rsquo;indique, n\u2019utilise qu\u2019un seul objectif (avant ou arri\u00e8re). La cam\u00e9ra filme alors au format\u00a05K \u00e0 30\u00a0i\/s et b\u00e9n\u00e9ficie de la stabilisation en temps r\u00e9el RockSteady\u00a03.0 ou HorizonSteady.<\/p>\n<p class=\"ed__a-p ed__bdy__l\">L\u2019observation de l\u2019ensemble de nos rushs r\u00e9v\u00e8le une tr\u00e8s belle qualit\u00e9 d\u2019image avec une bonne gestion du bruit en basse lumi\u00e8re, bien ma\u00eetris\u00e9e quand la cam\u00e9ra monte en sensibilit\u00e9 ISO avec des noirs profonds sans trop de bruit de chrominance.<\/p>\n<p>Photo<\/p>\n<p class=\"ed__a-p ed__bdy__l\">La DJI Osmo\u00a0360 photographie en panoramique au format 15\u00a0520\u00a0x\u00a07760\u00a0pixels au ratio\u00a02:1, soit des images 360\u00b0 en 120\u00a0Mpx. La prise de vue avec un seul objectif produit des images au format 6400\u00a0x\u00a04800\u00a0pixels au ratio\u00a04:3 de 30,72\u00a0Mpx en JPG ou en DNG. Comme en vid\u00e9o, l\u2019observation de nos images de test confirme la bonne tenue du double capteur carr\u00e9 HDR de 1\/1,1\u00a0pouce avec des rendus plut\u00f4t color\u00e9s en utilisation Automatique.<\/p>\n<ul data-gt-img-container=\"\">\n<li class=\"is--current has--lightbox\" data-gt-lightbox-id=\"17591\" data-gt-index=\"0\" data-gt-img-item=\"\">\n<p>            <img loading=\"lazy\" decoding=\"async\" src=\"https:\/\/www.europesays.com\/fr\/wp-content\/uploads\/2025\/08\/35084675-galerie-dji-osmo-360__452_254_wtmk.jpg\" draggable=\"false\" width=\"452\" height=\"254\" class=\"ed__title-xxs\" data-img-src-defaultstyle=\"background-color: #f2f2f2; aspect-ratio:452\/254;&#10;                 user-select: none;\"\/><\/p>\n<p>                                            Export panoramique depuis l&rsquo;appplication DJI Mimo | \u00a9 Romane Riesse\n                                    <\/li>\n<\/ul>\n<p>7\u00a0images<\/p>\n<p class=\"ed__a-fgr-gllr__l\">DJI Osmo 360<\/p>\n<p class=\"ed__a-p ed__bdy__l\">L\u2019utilisation du format DNG autorise l\u00e0 encore l\u2019optimisation du traitement de l\u2019image dans les applications Mimo ou DJI Studio, sous r\u00e9serve des m\u00eames remarques que nous avons formul\u00e9es pour les vid\u00e9os. L\u2019Osmo\u00a0360 est assur\u00e9ment une excellente cam\u00e9ra d\u2019action \u201cclassique\u201d.<\/p>\n<p>Son<\/p>\n<p class=\"ed__a-p ed__bdy__l\">Le son produit par la cam\u00e9ra de DJI est tr\u00e8s correct, assez clair et sans saturation. Il est enregistr\u00e9 en 48\u00a0kHz au format AAC. La comparaison avec la petite X5 met toutefois en \u00e9vidence la qualit\u00e9 du traitement du son de cette derni\u00e8re, qui dispose d&rsquo;une bien meilleure gestion des bruits du vent et isole mieux le sujet. Bon \u00e0 savoir, la cam\u00e9ra d&rsquo;action Osmo\u00a0360 est compatible avec les micros de DJI.<\/p>\n<p>\u00c9tanch\u00e9it\u00e9<\/p>\n<p class=\"ed__a-p ed__bdy__l\">L\u2019Osmo\u00a0360 seule est \u00e9tanche jusqu\u2019\u00e0 une profondeur de 10\u00a0m et jouit d&rsquo;une classification d\u2019\u00e9tanch\u00e9it\u00e9\u00a0IP68. Le constructeur pr\u00e9cise toutefois qu\u2019en raison du design convexe de l\u2019objectif fish-eye, la r\u00e9fraction de la lumi\u00e8re sous l\u2019eau peut provoquer des distorsions d\u2019image et des erreurs de montage. Il conseille donc de ne pas utiliser uniquement le bo\u00eetier de la cam\u00e9ra pour les prises de vue sous-marines. Les plongeurs aguerris opteront d\u00e8s lors pour le caisson \u00e9tanche con\u00e7u pour rester invisible dans les vid\u00e9os 360\u00b0 et compatible avec le selfie stick invisible de DJI.<\/p>\n<p class=\"ed__a-p ed__bdy__l\">L\u2019Osmo\u00a0360 est con\u00e7ue pour \u00e9voluer dans des conditions extr\u00eames, capable d\u2019enregistrer pendant plus de 1,5\u00a0h jusqu\u2019\u00e0 -20\u00a0\u00b0C. La batterie est une version Li-ion de 1950\u00a0mAh semblable \u00e0 celles de l\u2019Action\u00a05 Pro (elles sont compatibles entre elles). Endurante, elle devrait enregistrer en continu pendant 100\u00a0min\u00a0\u00e0 une r\u00e9solution de 8K\/30\u00a0i\/s, \u00e0 en croire DJI. Durant nos tests, l\u2019Osmo\u00a0360 a plut\u00f4t bien tenu la charge avec une autonomie qui n\u2019est jamais descendue en de\u00e7\u00e0 de 90\u00a0min. Attention, en cas d\u2019utilisation soutenue, la cam\u00e9ra pr\u00e9sente une grosse tendance \u00e0 la chauffe.<\/p>\n<p class=\"ed__a-p ed__bdy__l\"><img loading=\"lazy\" decoding=\"async\" src=\"data:image\/svg+xml,%3Csvg xmlns='http:\/\/www.w3.org\/2000\/svg'%3E%3C\/svg%3E\" draggable=\"false\" width=\"1476\" height=\"1107\" class=\"ed__title-xxs\" alt=\"Batterie Li-ion de 1950\u00a0mAh.\" style=\"background-color: #f2f2f2; aspect-ratio:1476\/1107;\"\/><\/p>\n<p>Batterie Li-ion de 1950\u00a0mAh.<\/p>\n<p>\u00a9 Romane Riesse<\/p>\n<\/p>\n<p class=\"ed__a-p ed__bdy__l\">Test\u00e9 cet \u00e9t\u00e9 pendant les p\u00e9riodes de canicule, notre mod\u00e8le de test s\u2019est mis en pause, voire \u00e9teint en cours d\u2019utilisation afin de pr\u00e9server ses composants. C\u2019est rassurant pour l\u2019int\u00e9grit\u00e9 de la cam\u00e9ra, mais perturbant pour l\u2019utilisateur. Un changement de batterie n&rsquo;a pas r\u00e9solu le probl\u00e8me et il nous a fallu attendre le refroidissement de la cam\u00e9ra, allant de quelques secondes \u00e0 une poign\u00e9e de minutes, une fois la cam\u00e9ra mise au frais. La charge est rapide avec 50\u00a0% de puissance au bout de 12\u00a0min, mais la cam\u00e9ra pourra aussi \u00eatre aliment\u00e9e via la prise USB-C pendant qu\u2019elle filme. Notre mod\u00e8le de test \u00e9tait fourni avec trois batteries et le module de charge multifonction.<\/p>\n<p>            Points forts<\/p>\n<ul class=\"is--plus\">\n<li>Prise en main agr\u00e9able.&#13;<\/li>\n<li>Photo 120\u00a0Mpx \u00e0 360\u00b0 (15\u00a0520\u00a0x\u00a07760\u00a0pixels), 36\u00a0Mpx 2D (5888\u00a0x\u00a02944\u00a0pixels).&#13;<\/li>\n<li>Format\u00a08K 24\/25\/30\/50\u00a0i\/s.&#13;<\/li>\n<li>Format\u00a04K de 24 \u00e0 120\u00a0i\/s.&#13;<\/li>\n<li>\u00c9cran tactile\u00a02\u00a0pouces 800\u00a0cd\/m\u00b2.&#13;<\/li>\n<li>\u00c9tanche sans caisson jusqu\u2019\u00e0 10\u00a0m.&#13;<\/li>\n<li>Fixation magn\u00e9tique.&#13;<\/li>\n<li>Qualit\u00e9 de la stabilisation num\u00e9rique.<\/li>\n<\/ul>\n<p>            Points faibles<\/p>\n<ul class=\"is--minus\">\n<li>Tarif \u00e9lev\u00e9.&#13;<\/li>\n<li>Optique non rempla\u00e7able par l&rsquo;utilisateur.&#13;<\/li>\n<li>HDR muscl\u00e9 en photo.<\/li>\n<\/ul>\n","protected":false},"excerpt":{"rendered":"Pr\u00e9sentation Absent jusqu&rsquo;ici du march\u00e9 de l\u2019image \u00e0 360\u00b0, DJI lance l\u2019Osmo\u00a0360 \u00e0 l\u2019assaut d\u2019Insta360 et de GoPro&hellip;\n","protected":false},"author":2,"featured_media":352049,"comment_status":"","ping_status":"","sticky":false,"template":"","format":"standard","meta":{"footnotes":""},"categories":[7],"tags":[1011,27,43,40,41,39,42,44],"class_list":{"0":"post-352048","1":"post","2":"type-post","3":"status-publish","4":"format-standard","5":"has-post-thumbnail","7":"category-sciences-et-technologies","8":"tag-fr","9":"tag-france","10":"tag-science","11":"tag-science-and-technology","12":"tag-sciences","13":"tag-sciences-et-technologies","14":"tag-technologies","15":"tag-technology"},"share_on_mastodon":{"url":"https:\/\/pubeurope.com\/@fr\/115111998966656132","error":""},"_links":{"self":[{"href":"https:\/\/www.europesays.com\/fr\/wp-json\/wp\/v2\/posts\/352048","targetHints":{"allow":["GET"]}}],"collection":[{"href":"https:\/\/www.europesays.com\/fr\/wp-json\/wp\/v2\/posts"}],"about":[{"href":"https:\/\/www.europesays.com\/fr\/wp-json\/wp\/v2\/types\/post"}],"author":[{"embeddable":true,"href":"https:\/\/www.europesays.com\/fr\/wp-json\/wp\/v2\/users\/2"}],"replies":[{"embeddable":true,"href":"https:\/\/www.europesays.com\/fr\/wp-json\/wp\/v2\/comments?post=352048"}],"version-history":[{"count":0,"href":"https:\/\/www.europesays.com\/fr\/wp-json\/wp\/v2\/posts\/352048\/revisions"}],"wp:featuredmedia":[{"embeddable":true,"href":"https:\/\/www.europesays.com\/fr\/wp-json\/wp\/v2\/media\/352049"}],"wp:attachment":[{"href":"https:\/\/www.europesays.com\/fr\/wp-json\/wp\/v2\/media?parent=352048"}],"wp:term":[{"taxonomy":"category","embeddable":true,"href":"https:\/\/www.europesays.com\/fr\/wp-json\/wp\/v2\/categories?post=352048"},{"taxonomy":"post_tag","embeddable":true,"href":"https:\/\/www.europesays.com\/fr\/wp-json\/wp\/v2\/tags?post=352048"}],"curies":[{"name":"wp","href":"https:\/\/api.w.org\/{rel}","templated":true}]}}