{"id":352050,"date":"2025-08-29T12:14:13","date_gmt":"2025-08-29T12:14:13","guid":{"rendered":"https:\/\/www.europesays.com\/fr\/352050\/"},"modified":"2025-08-29T12:14:13","modified_gmt":"2025-08-29T12:14:13","slug":"la-panique-enfle-de-plus-en-plus-de-francais-vident-leur-livret-a","status":"publish","type":"post","link":"https:\/\/www.europesays.com\/fr\/352050\/","title":{"rendered":"la panique enfle, de plus en plus de Fran\u00e7ais vident leur Livret A"},"content":{"rendered":"<p>Les Fran\u00e7ais se m\u00e9fient. Depuis plusieurs jours, ils sont de<br \/>\nplus en plus nombreux \u00e0 vouloir <a href=\"https:\/\/www.mariefrance.fr\/actualite\/societe\/livret-a-fini-voici-placer-economies-selon-banque-france-1185540.html\" rel=\"nofollow noopener\" target=\"_blank\"><br \/>\nvider leur livret A<\/a> et ainsi prot\u00e9ger leur \u00e9pargne face \u00e0<br \/>\nl\u2019instabilit\u00e9 \u00e9conomique et politique. En effet, depuis<br \/>\n<strong>l\u2019annonce du vote de confiance<\/strong> propos\u00e9 par<br \/>\n<a href=\"https:\/\/www.mariefrance.fr\/actualite\/societe\/francois-bayrou-millionnaire-impressionnante-fortune-acquise-au-fil-des-annees-premier-ministre-1108424.html\" rel=\"nofollow noopener\" target=\"_blank\"><br \/>\nFran\u00e7ois Bayrou<\/a>, pr\u00e9vu le 8 septembre prochain, les \u00e9pargnants<br \/>\nappellent \u00e0 retirer leur argent avant que l\u2019\u00c9tat ne s&rsquo;en<br \/>\nempare.<\/p>\n<p>Sur les r\u00e9seaux sociaux, la panique gagne les Fran\u00e7ais.<br \/>\n\u201cJ\u2019ai 3 500 euros, je dois les reprendre ?\u201d, s\u2019interroge<br \/>\nun internaute quand une autre conseille directement \u00e0 ses followers<br \/>\n: \u201c<strong>Enlevez l\u2019argent de votre Livret A avant que Macron<br \/>\net Bayrou prennent tout<\/strong>, ils vont financer les dettes<br \/>\navec\u201d. Une peur palpable qui prend pourtant naissance d\u2019une<br \/>\nrumeur persistante\u2026 Et fausse.<\/p>\n<p>Livret A : les fran\u00e7ais vident leur compte<\/p>\n<p>Inqui\u00e8te face \u00e0 la guerre en Ukraine, aux mesures d\u2019aust\u00e9rit\u00e9 du<br \/>\nbudget 2026 et \u00e0 la dette de la France, une partie de la population<br \/>\nse m\u00e9fie du gouvernement. \u00c0 Toulouse, \u00c9lo\u00efse, 26 ans, explique \u00eatre<br \/>\npr\u00eate \u00e0 retirer ses <a href=\"https:\/\/www.mariefrance.fr\/actualite\/societe\/chute-brutale-livret-a-avec-placement-5000-euros-voici-combien-allez-perdre-2026-1185183.html\" rel=\"nofollow noopener\" target=\"_blank\"><br \/>\n4 000 euros de son livret A<\/a> : \u201cJe refuse que le<br \/>\ngouvernement se serve dedans\u201d. Un choix salu\u00e9 par d\u2019autres<br \/>\ninternautes : \u201c<strong>Macron, il ne va pas financer ses<br \/>\nguerres et les retraites<\/strong> avec mon argent\u201d.<\/p>\n<p>Or, en enlevant l\u2019argent de son livret A, ces Fran\u00e7ais prennent<br \/>\nune d\u00e9cision contraire \u00e0 leurs int\u00e9r\u00eats financiers. En effet, ni<br \/>\nEmmanuel Macron, ni son gouvernement, ne peut prendre l\u2019argent<br \/>\nplac\u00e9 sur cette \u00e9pargne. \u201cLes d\u00e9p\u00f4ts des Fran\u00e7ais (sur le livret A)<br \/>\nsont garantis par l\u2019\u00c9tat, et <strong>personne ne peut l\u00e9galement<br \/>\nles saisir ou les confisquer<\/strong>. Les sommes plac\u00e9es sont<br \/>\ncentralis\u00e9es par la Caisse des d\u00e9p\u00f4ts, puis utilis\u00e9es<br \/>\nprincipalement pour financer le logement social ou pr\u00eater aux<br \/>\ncollectivit\u00e9s locales\u201d, rappelle <a href=\"https:\/\/www.midilibre.fr\/2025\/08\/27\/macron-ne-va-pas-financer-ses-guerres-et-les-retraites-avec-mon-argent-ces-francais-qui-vident-leurs-livrets-a-et-le-font-savoir-12896410.php\" target=\"_blank\" rel=\"nofollow noopener\">Midi Libre<\/a>. En<br \/>\naucun cas, la somme vers\u00e9e dessus ne peut servir \u00e0 la dette ou \u00e0 la<br \/>\nguerre.<\/p>\n<p><img loading=\"lazy\" decoding=\"async\" aria-describedby=\"caption-attachment-1173395\" itemprop=\"thumbnailUrl\" class=\"size-full wp-image-1173395 img-responsive\" src=\"https:\/\/www.europesays.com\/fr\/wp-content\/uploads\/2025\/08\/livret-a.jpg\" alt=\"Livret A\" width=\"1280\" height=\"720\"\/> \u00a9<br \/>\nShutterstock<\/p>\n<p id=\"caption-attachment-1173395\" class=\"wp-caption-text\">Les<br \/>\nFran\u00e7ais ont peur pour leur \u00e9pargne et ils sont de plus en plus<br \/>\nnombreux \u00e0 vider leur livret A esp\u00e9rant ainsi prot\u00e9ger leur<br \/>\nargent.\u00a0<\/p>\n<p>Livret A : un placement s\u00fbr, mais dont<br \/>\nle taux baisse inexorablement<\/p>\n<p>Une garantie qui n\u2019emp\u00eache pas certains Fran\u00e7ais de vider leur<br \/>\nlivret A pour placer leur argent sur leur compte courant.<br \/>\n\u201c<strong>J\u2019ai vid\u00e9 les Livret A de mes enfants<\/strong>, cet<br \/>\nargent est pour eux. J\u2019ai trop peur que Macron nous le<br \/>\nprenne\u201d, explique Jenny, 43 ans. L\u00e0 encore, l\u2019op\u00e9ration n\u2019est<br \/>\npas des plus int\u00e9ressantes financi\u00e8rement.<\/p>\n<p>\u201cRetirer son \u00e9pargne du Livret A n\u2019offre pas de protection<br \/>\nsuppl\u00e9mentaire contre les fluctuations financi\u00e8res. Depuis le 1er<br \/>\nao\u00fbt 2025, <strong>le taux a baiss\u00e9 \u00e0 1,7 %<\/strong>, mais ce<br \/>\nplacement reste garanti, contrairement aux comptes courants o\u00f9<br \/>\nl\u2019argent ne rapporte rien et reste plus expos\u00e9\u201d, d\u00e9taillent nos<br \/>\nconfr\u00e8res. S\u2019il est certain que le pr\u00e9sident de la R\u00e9publique ne<br \/>\npeut pas piocher dans l\u2019\u00e9pargne des Fran\u00e7ais, certains peuvent se<br \/>\nrassurer en transf\u00e9rant leur argent de leur livret A \u00e0 un autre<br \/>\nproduit d\u2019\u00e9pargne comme <a href=\"https:\/\/www.mariefrance.fr\/actualite\/societe\/assurance-vie-placant-10000-euros-pendant-10-ans-combien-epargne-rapporter-1185253.html\" rel=\"nofollow noopener\" target=\"_blank\"><br \/>\nl\u2019assurance vie<\/a> ou le PEL. Bien que dans ces 2 cas, l\u2019\u00e9pargnant<br \/>\nne puisse pas retirer une somme avant un certain laps de temps.<\/p>\n<p><img loading=\"lazy\" decoding=\"async\" aria-describedby=\"caption-attachment-1149995\" class=\"size-full wp-image-1149995 img-responsive\" src=\"https:\/\/www.europesays.com\/fr\/wp-content\/uploads\/2025\/08\/mf-7-1.jpg\" alt=\"billets\" width=\"1280\" height=\"720\"\/> \u00a9<br \/>\nshutterstock<\/p>\n<p id=\"caption-attachment-1149995\" class=\"wp-caption-text\">Depuis<br \/>\nle 1er ao\u00fbt 2025, le taux a baiss\u00e9 \u00e0 1,7 %, mais ce placement reste<br \/>\ngaranti, contrairement aux comptes courants.<\/p>\n","protected":false},"excerpt":{"rendered":"Les Fran\u00e7ais se m\u00e9fient. Depuis plusieurs jours, ils sont de plus en plus nombreux \u00e0 vouloir vider leur&hellip;\n","protected":false},"author":2,"featured_media":352051,"comment_status":"","ping_status":"","sticky":false,"template":"","format":"standard","meta":{"footnotes":""},"categories":[6],"tags":[35,21303,33,34,1011,27],"class_list":{"0":"post-352050","1":"post","2":"type-post","3":"status-publish","4":"format-standard","5":"has-post-thumbnail","7":"category-economie","8":"tag-business","9":"tag-buzz_nonli","10":"tag-economie","11":"tag-economy","12":"tag-fr","13":"tag-france"},"share_on_mastodon":{"url":"https:\/\/pubeurope.com\/@fr\/115112002475519313","error":""},"_links":{"self":[{"href":"https:\/\/www.europesays.com\/fr\/wp-json\/wp\/v2\/posts\/352050","targetHints":{"allow":["GET"]}}],"collection":[{"href":"https:\/\/www.europesays.com\/fr\/wp-json\/wp\/v2\/posts"}],"about":[{"href":"https:\/\/www.europesays.com\/fr\/wp-json\/wp\/v2\/types\/post"}],"author":[{"embeddable":true,"href":"https:\/\/www.europesays.com\/fr\/wp-json\/wp\/v2\/users\/2"}],"replies":[{"embeddable":true,"href":"https:\/\/www.europesays.com\/fr\/wp-json\/wp\/v2\/comments?post=352050"}],"version-history":[{"count":0,"href":"https:\/\/www.europesays.com\/fr\/wp-json\/wp\/v2\/posts\/352050\/revisions"}],"wp:featuredmedia":[{"embeddable":true,"href":"https:\/\/www.europesays.com\/fr\/wp-json\/wp\/v2\/media\/352051"}],"wp:attachment":[{"href":"https:\/\/www.europesays.com\/fr\/wp-json\/wp\/v2\/media?parent=352050"}],"wp:term":[{"taxonomy":"category","embeddable":true,"href":"https:\/\/www.europesays.com\/fr\/wp-json\/wp\/v2\/categories?post=352050"},{"taxonomy":"post_tag","embeddable":true,"href":"https:\/\/www.europesays.com\/fr\/wp-json\/wp\/v2\/tags?post=352050"}],"curies":[{"name":"wp","href":"https:\/\/api.w.org\/{rel}","templated":true}]}}