{"id":352052,"date":"2025-08-29T12:15:12","date_gmt":"2025-08-29T12:15:12","guid":{"rendered":"https:\/\/www.europesays.com\/fr\/352052\/"},"modified":"2025-08-29T12:15:12","modified_gmt":"2025-08-29T12:15:12","slug":"la-russie-a-revu-ses-exigences-territoriales-affirme-le-chef-de-la-diplomatie-turque","status":"publish","type":"post","link":"https:\/\/www.europesays.com\/fr\/352052\/","title":{"rendered":"la Russie a revu ses exigences territoriales, affirme le chef de la diplomatie turque"},"content":{"rendered":"<p>L\u2019arm\u00e9e russe occupe un cinqui\u00e8me environ du territoire ukrainien et Moscou revendique l\u2019annexion de cinq r\u00e9gions\u00a0: celles dans l\u2019est de Donetsk et de Lougansk, qui forment le Donbass, celles dans le sud de Kherson et de Zaporijjia, ainsi que la Crim\u00e9e conquise en 2014.<\/p>\n<p class=\"fig-paragraph\">La\u00a0<a href=\"http:\/\/www.lefigaro.fr\/international\/ca-ne-fera-qu-empirer-en-russie-la-crainte-de-penuries-de-carburant-a-cause-des-drones-ukrainiens-20250828\" target=\"_blank\" data-fig-type=\"Article\" rel=\"noopener\" data-gtm-custom-categorie=\"navigation\" data-gtm-custom-action=\"crossclick\" data-gtm-custom-label=\"Contextuel\" data-gtm-event=\"customEventSPE\" data-fig-domain=\"LEFIGARO\">Russie\u00a0<\/a>continue d&rsquo;exiger de l&rsquo;Ukraine la cession du\u00a0<a href=\"http:\/\/www.lefigaro.fr\/international\/dans-le-donbass-l-armee-ukrainienne-s-accroche-a-ses-dernieres-forteresses-urbaines-le-recit-de-l-envoyee-speciale-du-figaro-20250819\" target=\"_blank\" data-fig-type=\"Article\" rel=\"noopener\" data-gtm-custom-categorie=\"navigation\" data-gtm-custom-action=\"crossclick\" data-gtm-custom-label=\"Contextuel\" data-gtm-event=\"customEventSPE\" data-fig-domain=\"LEFIGARO\">Donbass\u00a0<\/a>(est), qu&rsquo;elle ne contr\u00f4le pas int\u00e9gralement, mais est dispos\u00e9e \u00e0 geler le conflit dans le sud de ce pays le long des lignes de front actuelles, a affirm\u00e9 ce jeudi soir le chef de la diplomatie turque.<\/p>\n<p class=\"fig-paragraph\">L&rsquo;arm\u00e9e russe occupe un cinqui\u00e8me environ du territoire ukrainien et Moscou revendique l&rsquo;annexion de cinq r\u00e9gions\u00a0: celles dans l&rsquo;est de Donetsk et de Lougansk, qui forment le Donbass, celles dans le sud de Kherson et de Zaporijjia, ainsi que la Crim\u00e9e conquise en 2014.<\/p>\n<p>                                    <a class=\"fig-a11y-skip a11y-hidden\" href=\"#fig-a11y-skip-main-inarticle\"><br \/>\n        Passer la publicit\u00e9<br \/>\n    <\/a><\/p>\n<p class=\"fig-paragraph\">Au cours de\u00a0<a href=\"http:\/\/www.lefigaro.fr\/flash-actu\/pourparlers-russo-ukrainiens-la-delegation-russe-est-arrivee-a-istanbul-20250723\" target=\"_blank\" data-fig-type=\"NewsFlash\" rel=\"noopener\" data-gtm-custom-categorie=\"navigation\" data-gtm-custom-action=\"crossclick\" data-gtm-custom-label=\"Contextuel\" data-gtm-event=\"customEventSPE\" data-fig-domain=\"LEFIGARO\">pourparlers \u00e0 Istanbul<\/a>\u00a0plus t\u00f4t cette ann\u00e9e, les n\u00e9gociateurs russes avaient, en tant que condition pr\u00e9alable \u00e0 l&rsquo;arr\u00eat du conflit, exig\u00e9 que l&rsquo;Ukraine se retire totalement de ces cinq r\u00e9gions. Selon Ankara, Moscou a toutefois infl\u00e9chi sa position \u00e0 la suite du r\u00e9cent\u00a0<a href=\"http:\/\/www.lefigaro.fr\/international\/sommet-trump-poutine-des-documents-confidentiels-oublies-par-les-americains-dans-une-imprimante-en-alaska-20250817\" target=\"_blank\" data-fig-type=\"NewsFlash\" rel=\"noopener\" data-gtm-custom-categorie=\"navigation\" data-gtm-custom-action=\"crossclick\" data-gtm-custom-label=\"Contextuel\" data-gtm-event=\"customEventSPE\" data-fig-domain=\"LEFIGARO\">sommet en Alaska<\/a>\u00a0entre le pr\u00e9sident am\u00e9ricain Donald Trump et son homologue russe Vladimir Poutine.<\/p>\n<p>\u00abDifficile\u00bb pour l\u2019Ukraine de c\u00e9der des territoires<\/p>\n<p class=\"fig-paragraph\">Les Russes ont ainsi \u00abrenonc\u00e9 \u00e0 cette exigence et restent sur les lignes de contact, \u00e0 l&rsquo;exception d&rsquo;une r\u00e9gion (&#8230;). Il existe actuellement un accord pr\u00e9liminaire concernant la restitution (cession \u00e0 la Russie, NDLR) de 25 \u00e0 30% de (la r\u00e9gion de) Donetsk et le maintien des lignes de contact (dans celles de) Zaporijjia et Kherson\u00bb, a d\u00e9clar\u00e9 le ministre turc des Affaires \u00e9trang\u00e8res, Hakan Fidan, dans un entretien avec la cha\u00eene de t\u00e9l\u00e9vision TGRT Haber.<\/p>\n<p class=\"fig-paragraph\">Celui-ci n&rsquo;a pas pr\u00e9cis\u00e9 si cet \u00abaccord pr\u00e9liminaire\u00bb avait \u00e9t\u00e9 conclu entre Moscou et Washington ou entre Moscou et Kiev, qui a jusqu&rsquo;ici cat\u00e9goriquement rejet\u00e9 toute concession territoriale, ni de quand il datait. Sous couvert d&rsquo;anonymat, des responsables avaient d\u00e9j\u00e0 fait \u00e9tat de cette apparente inflexion russe. En d\u00e9pit d&rsquo;une<a href=\"http:\/\/www.lefigaro.fr\/international\/guerre-en-ukraine-huit-morts-a-kiev-apres-des-frappes-russes-annonce-zelensky-20250828\" target=\"_blank\" data-fig-type=\"NewsFlash\" rel=\"noopener\" data-gtm-custom-categorie=\"navigation\" data-gtm-custom-action=\"crossclick\" data-gtm-custom-label=\"Contextuel\" data-gtm-event=\"customEventSPE\" data-fig-domain=\"LEFIGARO\">\u00a0frappe meurtri\u00e8re sur la capitale ukrainienne jeudi<\/a>, qui a fait au moins 23 morts, Hakan Fidan a salu\u00e9 des avanc\u00e9es sur le front diplomatique.<\/p>\n<p class=\"fig-paragraph\">Le ministre turc a toutefois reconnu qu&rsquo;il serait \u00abdifficile\u00bb pour l&rsquo;Ukraine de c\u00e9der des territoires, notamment la vaste r\u00e9gion mini\u00e8re et industrielle du Donbass, la portion la mieux d\u00e9fendue du front compos\u00e9e de villes-forteresses et de centaines de kilom\u00e8tres de tranch\u00e9es et de champs de mines. \u00abUne fois ce territoire abandonn\u00e9, le territoire restant deviendra un peu difficile \u00e0 prot\u00e9ger\u00bb, a soulign\u00e9 Hukan Fidan.<\/p>\n","protected":false},"excerpt":{"rendered":"L\u2019arm\u00e9e russe occupe un cinqui\u00e8me environ du territoire ukrainien et Moscou revendique l\u2019annexion de cinq r\u00e9gions\u00a0: celles dans&hellip;\n","protected":false},"author":2,"featured_media":352053,"comment_status":"","ping_status":"","sticky":false,"template":"","format":"standard","meta":{"footnotes":""},"categories":[5],"tags":[11,1011,27,131,14,12,132,3496,28],"class_list":{"0":"post-352052","1":"post","2":"type-post","3":"status-publish","4":"format-standard","5":"has-post-thumbnail","7":"category-international","8":"tag-actualites","9":"tag-fr","10":"tag-france","11":"tag-guerre-en-ukraine","12":"tag-international","13":"tag-news","14":"tag-russie","15":"tag-turquie","16":"tag-world"},"share_on_mastodon":{"url":"https:\/\/pubeurope.com\/@fr\/115112006366329187","error":""},"_links":{"self":[{"href":"https:\/\/www.europesays.com\/fr\/wp-json\/wp\/v2\/posts\/352052","targetHints":{"allow":["GET"]}}],"collection":[{"href":"https:\/\/www.europesays.com\/fr\/wp-json\/wp\/v2\/posts"}],"about":[{"href":"https:\/\/www.europesays.com\/fr\/wp-json\/wp\/v2\/types\/post"}],"author":[{"embeddable":true,"href":"https:\/\/www.europesays.com\/fr\/wp-json\/wp\/v2\/users\/2"}],"replies":[{"embeddable":true,"href":"https:\/\/www.europesays.com\/fr\/wp-json\/wp\/v2\/comments?post=352052"}],"version-history":[{"count":0,"href":"https:\/\/www.europesays.com\/fr\/wp-json\/wp\/v2\/posts\/352052\/revisions"}],"wp:featuredmedia":[{"embeddable":true,"href":"https:\/\/www.europesays.com\/fr\/wp-json\/wp\/v2\/media\/352053"}],"wp:attachment":[{"href":"https:\/\/www.europesays.com\/fr\/wp-json\/wp\/v2\/media?parent=352052"}],"wp:term":[{"taxonomy":"category","embeddable":true,"href":"https:\/\/www.europesays.com\/fr\/wp-json\/wp\/v2\/categories?post=352052"},{"taxonomy":"post_tag","embeddable":true,"href":"https:\/\/www.europesays.com\/fr\/wp-json\/wp\/v2\/tags?post=352052"}],"curies":[{"name":"wp","href":"https:\/\/api.w.org\/{rel}","templated":true}]}}