{"id":352054,"date":"2025-08-29T12:16:09","date_gmt":"2025-08-29T12:16:09","guid":{"rendered":"https:\/\/www.europesays.com\/fr\/352054\/"},"modified":"2025-08-29T12:16:09","modified_gmt":"2025-08-29T12:16:09","slug":"une-statue-de-la-vierge-vandalisee-au-sud-de-nantes","status":"publish","type":"post","link":"https:\/\/www.europesays.com\/fr\/352054\/","title":{"rendered":"une statue de la Vierge vandalis\u00e9e au sud de Nantes"},"content":{"rendered":"<p>La repr\u00e9sentation d\u2019une Vierge \u00e0 l\u2019Enfant, install\u00e9e dans un espace public, \u00e0 Machecoul-Saint-M\u00eame, a \u00e9t\u00e9 couverte de symboles nazis ainsi que d\u2019\u00e9tranges inscriptions protestataires. Une plainte a \u00e9t\u00e9 d\u00e9pos\u00e9e.<\/p>\n<p class=\"fig-paragraph\">Une\u00a0<a href=\"http:\/\/www.lefigaro.fr\/culture\/la-vierge-a-l-enfant-theme-le-plus-represente-dans-la-peinture-et-la-sculpture-20220218\" target=\"_blank\" data-fig-type=\"Article\" rel=\"noopener nofollow\" data-gtm-custom-categorie=\"navigation\" data-gtm-custom-action=\"crossclick\" data-gtm-custom-label=\"Contextuel\" data-gtm-event=\"customEventSPE\" data-fig-domain=\"LEFIGARO\">Vierge \u00e0 l\u2019Enfant<\/a>\u00a0d\u00e9figur\u00e9e par des symboles nazis, trac\u00e9s au feutre noir. L\u2019incompr\u00e9hension r\u00e8gne, cette fin de semaine, sur la commune de Machecoul-Saint-M\u00eame, \u00e0 une vingtaine de kilom\u00e8tres au sud\u00a0<a href=\"https:\/\/www.lefigaro.fr\/nantes\" target=\"_blank\" data-fig-type=\"Section\" rel=\"sponsored noopener nofollow\" data-gtm-custom-categorie=\"navigation\" data-gtm-custom-action=\"crossclick\" data-gtm-custom-label=\"Contextuel\" data-gtm-event=\"customEventSPE\" data-fig-domain=\"LEFIGARO\">de Nantes<\/a>\u00a0(Loire-Atlantique), apr\u00e8s la d\u00e9couverte de l\u2019acte de vandalisme dont a \u00e9t\u00e9 victime une statue qui repr\u00e9sente la Vierge Marie, portant l\u2019Enfant J\u00e9sus dans ses bras, dans la nuit du mercredi 27 au jeudi 28 ao\u00fbt. La statue, install\u00e9e \u00e0 proximit\u00e9 du parc sportif de la Rabine, a \u00e9t\u00e9 orn\u00e9e d\u2019une croix gamm\u00e9e. Une moustache courte, semblable \u00e0 celle\u00a0<a href=\"http:\/\/www.lefigaro.fr\/histoire\/hitler-a-bout-de-souffle-la-lente-chute-d-un-dictateur-entre-cynisme-et-folie-20250405\" target=\"_blank\" data-fig-type=\"Article\" rel=\"noopener nofollow\" data-gtm-custom-categorie=\"navigation\" data-gtm-custom-action=\"crossclick\" data-gtm-custom-label=\"Contextuel\" data-gtm-event=\"customEventSPE\" data-fig-domain=\"LEFIGARO\">d\u2019Adolf Hitler<\/a>, a \u00e9t\u00e9 dessin\u00e9e sur le visage de la Sainte Vierge et de son fils. Ce dernier a \u00e9galement \u00e9t\u00e9 affubl\u00e9 d\u2019une frange et d\u2019un brassard nazi.<\/p>\n<p class=\"fig-paragraph\">Des inscriptions \u00abRedonnez notre argent\u00bb et \u00abR\u00e9pondez aux mails\u00bb, r\u00e9dig\u00e9es dans le bas de la statue, compl\u00e8tent les d\u00e9gradations. Le monument a \u00e9t\u00e9 b\u00e2ch\u00e9, jeudi, par la mairie de Machecoul, qui a annonc\u00e9 porter plainte. La gendarmerie nationale confirme avoir \u00e9t\u00e9 saisie d\u2019une enqu\u00eate. \u00abCes messages sont contraires aux valeurs de respect et de vivre-ensemble\u00bb, a fait savoir la collectivit\u00e9 dans un communiqu\u00e9, en pr\u00e9cisant condamner \u00abfortement\u00bb ces actes.<\/p>\n<p>                                    <a class=\"fig-a11y-skip a11y-hidden\" href=\"#fig-a11y-skip-main-inarticle\"><br \/>\n        Passer la publicit\u00e9<br \/>\n    <\/a><\/p>\n<p>\u00abB\u00eatise\u00bb<\/p>\n<p class=\"fig-paragraph\">\u00abIl est inacceptable que des croix gamm\u00e9es viennent s\u2019ajouter aux d\u00e9gradations et aux actes de vandalisme qui rythment d\u00e9j\u00e0, h\u00e9las, le quotidien de nos communes rurales\u00bb, s\u2019est \u00e9mu aupr\u00e8s du Figaro le maire de Machecoul, Laurent Robin, qui soup\u00e7onne le ou les auteurs d\u2019avoir agi sans trop savoir ce qu\u2019ils faisaient. L\u2019\u00e9lu reste, en outre, interdit face aux inscriptions protestataires pour le moins vagues. \u00abC\u2019est tout \u00e0 fait d\u00e9courageant d\u2019\u00eatre confront\u00e9 \u00e0 un tel niveau de b\u00eatise\u00bb, a ajout\u00e9 l\u2019\u00e9dile.<\/p>\n<p class=\"fig-paragraph\">En mairie, peu de choses sont connues de ce monument dont on ignore l\u2019origine et le sculpteur. La statue semble avoir toujours \u00e9t\u00e9 pr\u00e9sente \u00e0 cet endroit, \u00e9voque le maire de Machecoul. Bien que de nature religieuse, elle ne semble pas avoir appartenu \u00e0 une \u00e9glise locale et n\u2019appara\u00eet pas sur la liste du patrimoine de la paroisse, ont r\u00e9v\u00e9l\u00e9 nos confr\u00e8res de\u00a0<a href=\"https:\/\/www.ouest-france.fr\/societe\/faits-divers\/ce-genre-dincivilite-est-inquietant-une-statue-de-la-vierge-vandalisee-en-loire-atlantique-5644fdaa-841e-11f0-b7f6-35541b8d2287?\" target=\"_blank\" rel=\"noopener nofollow\" data-gtm-custom-categorie=\"navigation\" data-gtm-custom-action=\"crossclick\" data-gtm-custom-label=\"Contextuel\" data-gtm-event=\"customEventSPE\">Ouest France<\/a> . Des investigations pourraient \u00eatre prochainement men\u00e9es au sein des soci\u00e9t\u00e9s savantes du pays de Retz pour tenter d\u2019y voir plus clair. Le monument sera nettoy\u00e9 au cours des prochains jours, apr\u00e8s le passage des enqu\u00eateurs.<\/p>\n","protected":false},"excerpt":{"rendered":"La repr\u00e9sentation d\u2019une Vierge \u00e0 l\u2019Enfant, install\u00e9e dans un espace public, \u00e0 Machecoul-Saint-M\u00eame, a \u00e9t\u00e9 couverte de symboles&hellip;\n","protected":false},"author":2,"featured_media":352055,"comment_status":"","ping_status":"","sticky":false,"template":"","format":"standard","meta":{"footnotes":""},"categories":[4],"tags":[11,1011,27,12,25,11942,20273],"class_list":{"0":"post-352054","1":"post","2":"type-post","3":"status-publish","4":"format-standard","5":"has-post-thumbnail","7":"category-france","8":"tag-actualites","9":"tag-fr","10":"tag-france","11":"tag-news","12":"tag-republique-francaise","13":"tag-vandalisme","14":"tag-vierge-marie"},"share_on_mastodon":{"url":"https:\/\/pubeurope.com\/@fr\/115112010423964240","error":""},"_links":{"self":[{"href":"https:\/\/www.europesays.com\/fr\/wp-json\/wp\/v2\/posts\/352054","targetHints":{"allow":["GET"]}}],"collection":[{"href":"https:\/\/www.europesays.com\/fr\/wp-json\/wp\/v2\/posts"}],"about":[{"href":"https:\/\/www.europesays.com\/fr\/wp-json\/wp\/v2\/types\/post"}],"author":[{"embeddable":true,"href":"https:\/\/www.europesays.com\/fr\/wp-json\/wp\/v2\/users\/2"}],"replies":[{"embeddable":true,"href":"https:\/\/www.europesays.com\/fr\/wp-json\/wp\/v2\/comments?post=352054"}],"version-history":[{"count":0,"href":"https:\/\/www.europesays.com\/fr\/wp-json\/wp\/v2\/posts\/352054\/revisions"}],"wp:featuredmedia":[{"embeddable":true,"href":"https:\/\/www.europesays.com\/fr\/wp-json\/wp\/v2\/media\/352055"}],"wp:attachment":[{"href":"https:\/\/www.europesays.com\/fr\/wp-json\/wp\/v2\/media?parent=352054"}],"wp:term":[{"taxonomy":"category","embeddable":true,"href":"https:\/\/www.europesays.com\/fr\/wp-json\/wp\/v2\/categories?post=352054"},{"taxonomy":"post_tag","embeddable":true,"href":"https:\/\/www.europesays.com\/fr\/wp-json\/wp\/v2\/tags?post=352054"}],"curies":[{"name":"wp","href":"https:\/\/api.w.org\/{rel}","templated":true}]}}