{"id":352056,"date":"2025-08-29T12:17:12","date_gmt":"2025-08-29T12:17:12","guid":{"rendered":"https:\/\/www.europesays.com\/fr\/352056\/"},"modified":"2025-08-29T12:17:12","modified_gmt":"2025-08-29T12:17:12","slug":"ligue-2-gf38-une-premiere-pour-une-recrue-un-mercato-pas-termine-les-dernieres-infos-avant-le-choc-contre-lasse","status":"publish","type":"post","link":"https:\/\/www.europesays.com\/fr\/352056\/","title":{"rendered":"Ligue 2. GF38 : une premi\u00e8re pour une recrue, un mercato pas termin\u00e9&#8230; les derni\u00e8res infos avant le choc contre l&rsquo;ASSE"},"content":{"rendered":"<p>  L\u2019adversaire\u00a0: ne pas se laisser impressionner<\/p>\n<p>Ce week-end, Grenoble se d\u00e9place ni plus ni moins que chez le plus gros budget de Ligue 2 (35\u00a0millions d\u2019euros, contre 11,5\u00a0M au GF38), et <a title=\"foot L2 classement apr\u00e8s J3\" href=\"https:\/\/www.ledauphine.com\/sport\/classement\/football\/national-ligue-2\" target=\"_blank\" rel=\"noopener\">le leader du championnat apr\u00e8s trois journ\u00e9es<\/a>.<\/p>\n<p><a title=\"foot L2 ASSE - GF38 mag adversaire\" href=\"https:\/\/www.ledauphine.com\/sport\/2025\/08\/29\/stassin-davitashvili-boakye-les-verts-a-surveiller-de-pres-pour-le-gf38%20\" target=\"_blank\" rel=\"noopener\">Face \u00e0 la force de frappe offensive des Verts<\/a>, les Dauphinois seront-ils tent\u00e9s par la strat\u00e9gie du repli\u00a0? \u00ab\u00a0Si on doit \u201cmettre le bus\u201d (devant la cage), on le mettra. Mais c\u2019est eux qui nous pousseront \u00e0 le mettre. Ils (les St\u00e9phanois) l\u2019ont fait avec les \u00e9quipes avant\u00a0\u00bb, a d\u00e9clar\u00e9 Franck Rizzetto. L\u2019entra\u00eeneur grenoblois attend de ses joueurs qu\u2019ils ne soient pas timor\u00e9s. \u00ab\u00a0J\u2019ai un groupe tr\u00e8s jeune, beaucoup ne connaissent pas l\u2019environnement, le contexte (le Chaudron) et je ne voudrais pas que \u00e7a les inhibe. Au contraire, il faut qu\u2019ils s\u2019en servent pour se galvaniser, tout en restant dans le projet d\u2019\u00e9quipe.\u00a0\u00bb<\/p>\n<p>  Le chiffre\u00a0: 5<\/p>\n<p>Le nombre de bus de supporters grenoblois qui prendront samedi apr\u00e8s-midi la direction de la Loire. Deux affr\u00e9t\u00e9s par le club, deux autres par le groupe d\u2019ultras des Red Kaos 94 et un dernier par les Diables Bleus (deuxi\u00e8me groupe de supporters du GF38). Vendredi, veille de match, il ne restait qu\u2019une poign\u00e9e de places disponibles sur les 450 allou\u00e9es au club is\u00e9rois par l\u2019ASSE.<\/p>\n<p>  La d\u00e9claration<\/p>\n<p>\u00ab\u00a0Il n\u2019y a pas de peur ou de sentiment n\u00e9gatif. Non, non, bien au contraire\u00a0: le groupe vit bien. On esp\u00e8re qu\u2019il y aura une victoire (\u00e0 Saint-\u00c9tienne) parce que les victoires apportent du positif. On va jouer \u00e0 20 heures, devant 35\u00a0000 personnes, avec des supporters, sur beIN Sports\u2026 c\u2019est la vie, faut kiffer\u00a0! On va aller l\u00e0-bas pour prendre du plaisir et prendre les 3 points.\u00a0\u00bb De Mamady Bangr\u00e9, attaquant du Grenoble Foot 38.<\/p>\n<p class=\"insetTitle\">Mercato : \u00e7a va encore bouger \u00e0 Grenoble<\/p>\n<p>\u00c0 quatre jours de la fin du mercato d\u2019\u00e9t\u00e9 2025 (lundi 1er\u00a0septembre \u00e0 20 heures), le Grenoble Foot 38 n\u2019en a pas fini avec les transferts\u00a0? Ce, <a title=\"football mercato 2025 GF38 Maurin\" href=\"https:\/\/www.ledauphine.com\/sport\/2025\/08\/27\/le-gf38-recrute-un-attaquant-en-provenance-de-suisse\" target=\"_blank\" rel=\"noopener\">m\u00eame s\u2019il a accueilli cette semaine le joueur offensif suisse Evans Maurin<\/a> (ex-Grasshoppers Z\u00fcrich).<\/p>\n<p>\u00ab\u00a0On aimerait encore un ou deux joueurs\u00a0\u00bb, reconna\u00eet son entra\u00eeneur Franck Rizzetto. Un attaquant et, en fonction des d\u00e9parts (Allan Tchaptchet\u00a0? Eddy Sylvestre\u00a0?), un d\u00e9fenseur ou un milieu pourrait encore d\u00e9barquer au complexe sportif de la Poterne.<\/p>\n","protected":false},"excerpt":{"rendered":"L\u2019adversaire\u00a0: ne pas se laisser impressionner Ce week-end, Grenoble se d\u00e9place ni plus ni moins que chez le&hellip;\n","protected":false},"author":2,"featured_media":352057,"comment_status":"","ping_status":"","sticky":false,"template":"","format":"standard","meta":{"footnotes":""},"categories":[2],"tags":[11,9443,112,113,114,1701,63,1011,27,12637,2731,2732,108,12636,12,517],"class_list":{"0":"post-352056","1":"post","2":"type-post","3":"status-publish","4":"format-standard","5":"has-post-thumbnail","7":"category-actualites","8":"tag-actualites","9":"tag-asse-as-saint-etienne","10":"tag-edition-grenoble-agglomeration","11":"tag-edition-gresivaudan-oisans","12":"tag-edition-voiron-saint-marcellin","13":"tag-fil-info-sport","14":"tag-football","15":"tag-fr","16":"tag-france","17":"tag-gf38-grenoble-foot-38","18":"tag-grenoble","19":"tag-grenoble-bassin","20":"tag-isere","21":"tag-ligue-2-football","22":"tag-news","23":"tag-sport"},"share_on_mastodon":{"url":"https:\/\/pubeurope.com\/@fr\/115112014195534570","error":""},"_links":{"self":[{"href":"https:\/\/www.europesays.com\/fr\/wp-json\/wp\/v2\/posts\/352056","targetHints":{"allow":["GET"]}}],"collection":[{"href":"https:\/\/www.europesays.com\/fr\/wp-json\/wp\/v2\/posts"}],"about":[{"href":"https:\/\/www.europesays.com\/fr\/wp-json\/wp\/v2\/types\/post"}],"author":[{"embeddable":true,"href":"https:\/\/www.europesays.com\/fr\/wp-json\/wp\/v2\/users\/2"}],"replies":[{"embeddable":true,"href":"https:\/\/www.europesays.com\/fr\/wp-json\/wp\/v2\/comments?post=352056"}],"version-history":[{"count":0,"href":"https:\/\/www.europesays.com\/fr\/wp-json\/wp\/v2\/posts\/352056\/revisions"}],"wp:featuredmedia":[{"embeddable":true,"href":"https:\/\/www.europesays.com\/fr\/wp-json\/wp\/v2\/media\/352057"}],"wp:attachment":[{"href":"https:\/\/www.europesays.com\/fr\/wp-json\/wp\/v2\/media?parent=352056"}],"wp:term":[{"taxonomy":"category","embeddable":true,"href":"https:\/\/www.europesays.com\/fr\/wp-json\/wp\/v2\/categories?post=352056"},{"taxonomy":"post_tag","embeddable":true,"href":"https:\/\/www.europesays.com\/fr\/wp-json\/wp\/v2\/tags?post=352056"}],"curies":[{"name":"wp","href":"https:\/\/api.w.org\/{rel}","templated":true}]}}