{"id":352073,"date":"2025-08-29T12:26:25","date_gmt":"2025-08-29T12:26:25","guid":{"rendered":"https:\/\/www.europesays.com\/fr\/352073\/"},"modified":"2025-08-29T12:26:25","modified_gmt":"2025-08-29T12:26:25","slug":"solitaire-du-figaro-friperie-festival-que-faire-a-rouen-ce-weekend","status":"publish","type":"post","link":"https:\/\/www.europesays.com\/fr\/352073\/","title":{"rendered":"Solitaire du Figaro, friperie, festival&#8230; Que faire \u00e0 Rouen ce weekend\u00a0?"},"content":{"rendered":"<p>            Par<br \/>\n        <strong><br \/>\n            <a href=\"https:\/\/actu.fr\/auteur\/adrien-filoche\" title=\"Consulter tous les articles de Adrien Filoche\" rel=\"nofollow noopener\" target=\"_blank\">Adrien Filoche<\/a><br \/>\n        <\/strong><\/p>\n<p>        Publi\u00e9 le<\/p>\n<p>            29 ao\u00fbt 2025 \u00e0 9h59        <\/p>\n<p>D\u00e9j\u00e0 les derniers jours avant le mois de septembre ! Malgr\u00e9 <strong>une m\u00e9t\u00e9o en dent de scie<\/strong>, alternant entre nuages, l\u00e9g\u00e8res averses et \u00e9claircies, on a trouv\u00e9 de quoi vous occuper \u00e0 <a href=\"https:\/\/actu.fr\/normandie\/rouen_76540\" rel=\"nofollow noopener\" target=\"_blank\">Rouen (Seine-Maritime)<\/a> pendant le week-end du 30 et 31\u00a0ao\u00fbt 2025. Voici le programme.<\/p>\n<p>Un \u00e9v\u00e8nement familial et artistique gratuit<\/p>\n<p class=\" wall-content\">Le dimanche 31\u00a0ao\u00fbt de 14h \u00e0 18h, le parc du Centre d\u2019art de Saint-Pierre-de-Varengeville se transforme pour donner lieu \u00e0 un \u00e9v\u00e9nement gratuit familial, artistique et inclusif. L\u2019\u00e9v\u00e8nement \u00ab\u2009M\u00f4mes au ch\u00e2teau\u2026 des songes\u2009\u00bb, organis\u00e9 par la Matmut, propose \u00ab\u2009une immersion au c\u0153ur de l\u2019imaginaire\u2009\u00bb.\u00a0Des ateliers cr\u00e9atifs seront \u00e0 disposition pour les familles.\u00a0Plus d\u2019informations <a href=\"https:\/\/www.matmutpourlesarts.fr\/centre-art-contemporain\/evenements\/148\/momes-au-chateau-des-songes\" rel=\"nofollow noopener\" target=\"_blank\">ici.<\/a><\/p>\n<p>Des activit\u00e9s gratuites sur la Solitaire du Figaro<\/p>\n<p class=\" wall-content\">Cette ann\u00e9e, les quais de Rouen accueillent une nouvelle fois le d\u00e9part de la Solitaire du Figaro Paprec. Pour l\u2019occasion, il y aura de nombreuses animations gratuites \u00e0 partir du 30\u00a0ao\u00fbt 2025. On vous fait le programme dans <a href=\"https:\/\/actu.fr\/normandie\/rouen_76540\/zumba-bapteme-de-voile-cours-de-cuisine-ces-activites-gratuites-sur-la-solitaire-du-figaro-a-rouen_63078011.html\" rel=\"nofollow noopener\" target=\"_blank\">notre article.<\/a><\/p>\n<p>Une friperie \u00e0 l\u2019Entrep\u00f4t Food Hall<\/p>\n<p class=\" wall-content\">Une friperie est organis\u00e9e les samedi\u00a030 et dimanche 31\u00a0ao\u00fbt 2025, \u00e0 l\u2019Entrep\u00f4t Food Hall, sur les quais.\u00a0L\u2019\u00e9v\u00e9nement <a href=\"https:\/\/actu.fr\/normandie\/rouen_76540\/deux-bons-plans-a-rouen-pour-s-habiller-pour-la-rentree_63074494.html\" rel=\"nofollow noopener\" target=\"_blank\">Piou Piou Market<\/a> revient avec \u00ab\u2009une tonne de p\u00e9pites \u00e0 2-5-10\u00a0euros\u2009\u00bb. Au programme, des pi\u00e8ces moderne ou vintage, \u00ab\u2009une grosse s\u00e9lection ann\u00e9es 2000\u2009\u00bb, mais aussi une \u00ab\u2009s\u00e9lection de pi\u00e8ces rares et de marques\u2009\u00bb.<\/p>\n<p>Un festival au Jardin des plantes<\/p>\n<p class=\" wall-content\">Un cadre pour le moins enchanteur, celui du Jardin des Plantes. Voici ce qui vous attend pour le festival Vibrations, qui d\u00e9marre ce samedi. L\u2019\u00e9v\u00e8nement se termine le samedi 30 ao\u00fbt. <a href=\"https:\/\/actu.fr\/normandie\/rouen_76540\/expo-shopping-festival-nos-idees-sorties-du-weekend-a-rouen_63061589.html\" rel=\"nofollow noopener\" target=\"_blank\">Le programme complet est ici.<\/a>.\u00a0<\/p>\n<p>Suivez l\u2019actualit\u00e9 de Rouen sur <a href=\"https:\/\/www.whatsapp.com\/channel\/0029VaKfnf99hXF2ddApFB1D\" rel=\"nofollow noopener\" target=\"_blank\">notre cha\u00eene WhatsApp<\/a> et sur <a href=\"https:\/\/www.tiktok.com\/@76actu.fr?lang=fr\" rel=\"nofollow noopener\" target=\"_blank\">notre compte TikTok<\/a><\/p>\n<p class=\" wall-content\">Personnalisez votre actualit\u00e9 en ajoutant vos villes et m\u00e9dias en favori avec <a href=\"https:\/\/moncompte.actu.fr\" title=\"D\u00e9couvez Mon Actu\" rel=\"nofollow noopener\" data-trk=\"{&quot;cta&quot;:{&quot;action&quot;:&quot;https:\\\/\\\/moncompte.actu.fr&quot;,&quot;category&quot;:&quot;mon compte&quot;,&quot;from&quot;:&quot;article footer&quot;,&quot;name&quot;:&quot;Mon actu&quot;,&quot;type&quot;:&quot;cta&quot;}}\" target=\"_blank\">Mon Actu<\/a>.<\/p>\n<p>                    <script async src=\"\/\/www.tiktok.com\/embed.js\"><\/script><\/p>\n","protected":false},"excerpt":{"rendered":"Par Adrien Filoche Publi\u00e9 le 29 ao\u00fbt 2025 \u00e0 9h59 D\u00e9j\u00e0 les derniers jours avant le mois de&hellip;\n","protected":false},"author":2,"featured_media":319142,"comment_status":"","ping_status":"","sticky":false,"template":"","format":"standard","meta":{"footnotes":""},"categories":[9587],"tags":[1111,11,9086,1777,674,1011,27,1652,12,5161,25,9590],"class_list":{"0":"post-352073","1":"post","2":"type-post","3":"status-publish","4":"format-standard","5":"has-post-thumbnail","7":"category-rouen","8":"tag-actu","9":"tag-actualites","10":"tag-bon-plan-a-rouen","11":"tag-eu","12":"tag-europe","13":"tag-fr","14":"tag-france","15":"tag-loisirs-culture","16":"tag-news","17":"tag-normandie","18":"tag-republique-francaise","19":"tag-rouen"},"share_on_mastodon":{"url":"https:\/\/pubeurope.com\/@fr\/115112049610737794","error":""},"_links":{"self":[{"href":"https:\/\/www.europesays.com\/fr\/wp-json\/wp\/v2\/posts\/352073","targetHints":{"allow":["GET"]}}],"collection":[{"href":"https:\/\/www.europesays.com\/fr\/wp-json\/wp\/v2\/posts"}],"about":[{"href":"https:\/\/www.europesays.com\/fr\/wp-json\/wp\/v2\/types\/post"}],"author":[{"embeddable":true,"href":"https:\/\/www.europesays.com\/fr\/wp-json\/wp\/v2\/users\/2"}],"replies":[{"embeddable":true,"href":"https:\/\/www.europesays.com\/fr\/wp-json\/wp\/v2\/comments?post=352073"}],"version-history":[{"count":0,"href":"https:\/\/www.europesays.com\/fr\/wp-json\/wp\/v2\/posts\/352073\/revisions"}],"wp:featuredmedia":[{"embeddable":true,"href":"https:\/\/www.europesays.com\/fr\/wp-json\/wp\/v2\/media\/319142"}],"wp:attachment":[{"href":"https:\/\/www.europesays.com\/fr\/wp-json\/wp\/v2\/media?parent=352073"}],"wp:term":[{"taxonomy":"category","embeddable":true,"href":"https:\/\/www.europesays.com\/fr\/wp-json\/wp\/v2\/categories?post=352073"},{"taxonomy":"post_tag","embeddable":true,"href":"https:\/\/www.europesays.com\/fr\/wp-json\/wp\/v2\/tags?post=352073"}],"curies":[{"name":"wp","href":"https:\/\/api.w.org\/{rel}","templated":true}]}}