{"id":352075,"date":"2025-08-29T12:27:24","date_gmt":"2025-08-29T12:27:24","guid":{"rendered":"https:\/\/www.europesays.com\/fr\/352075\/"},"modified":"2025-08-29T12:27:24","modified_gmt":"2025-08-29T12:27:24","slug":"plusieurs-fusils-de-chasse-voles-lors-dun-cambriolage-a-la-voiture-belier-pres-de-rouen","status":"publish","type":"post","link":"https:\/\/www.europesays.com\/fr\/352075\/","title":{"rendered":"Plusieurs fusils de chasse vol\u00e9s lors d&rsquo;un cambriolage \u00e0 la voiture b\u00e9lier, pr\u00e8s de Rouen"},"content":{"rendered":"\n<p class=\"c-chapo \">\n  Le propri\u00e9taire du magasin a assist\u00e9 au vol gr\u00e2ce \u00e0 une cam\u00e9ra connect\u00e9e, rapporte ICI Normandie. Les auteurs sont toujours en fuite, alors que le nombre de fusils vol\u00e9s est inconnu.\n<\/p>\n<p>            lire plus tard<\/p>\n<p id=\"dialog__title\" class=\"dialog__title\">Pour sauvegarder cet article, connectez-vous ou cr\u00e9ez un compte franceinfo<\/p>\n<p class=\"dialog__description\">Sans paiement. Sans abonnement.<\/p>\n<p>        Fermer la fen\u00eatre d\u2019activation des notifications France Info<\/p>\n<p>            cr\u00e9er votre compte<\/p>\n<p>            se connecter<\/p>\n<p>        Fermer la fen\u00eatre de pr\u00e9sentation<\/p>\n<p>    Publi\u00e9 le 29\/08\/2025 12:10<\/p>\n<p>      Mis \u00e0 jour le 29\/08\/2025 12:11<\/p>\n<p>        Temps de lecture : 1min<\/p>\n<p>    <img decoding=\"async\"  alt=\"Une voiture de police. Image d'illustration. (QUENTIN DE GROEVE \/ HANS LUCAS via AFP)\" width=\"432\" height=\"243\" src=\"https:\/\/www.europesays.com\/fr\/wp-content\/uploads\/2025\/08\/080-hl-quentindegroeve-2783346-6845932c4786e281368239.jpg\" fetchpriority=\"high\"\/><\/p>\n<p>      Une voiture de police. Image d&rsquo;illustration. (QUENTIN DE GROEVE \/ HANS LUCAS via AFP)<\/p>\n<p>D&rsquo;apr\u00e8s une source polici\u00e8re, plusieurs fusils de chasse ont \u00e9t\u00e9 vol\u00e9s dans un entrep\u00f4t de Darn\u00e9tal (Seine-Maritime), une banlieue proche de Rouen, jeudi 28 ao\u00fbt au matin, r\u00e9v\u00e8le <a href=\"https:\/\/www.francebleu.fr\/infos\/faits-divers-justice\/plusieurs-fusils-de-chasse-voles-a-darnetal-lors-d-un-braquage-a-la-voiture-belier-7379163\" target=\"_blank\" rel=\"noopener nofollow\">ICI Normandie (ex France Bleu)<\/a>. Les auteurs sont en fuite.<\/p>\n<p>C&rsquo;est le propri\u00e9taire du magasin, le distributeur Toro, vendeur d&rsquo;armes de chasse et de paintball, qui donne l&rsquo;alerte depuis l&rsquo;Espagne, o\u00f9 il s\u00e9journait. Il assiste en direct au vol, jeudi, autour de 5 heures du matin, gr\u00e2ce \u00e0 une cam\u00e9ra connect\u00e9e install\u00e9e dehors. Il voit donc une voiture b\u00e9lier d\u00e9foncer le grillage d&rsquo;entr\u00e9e puis le volet roulant de son entrep\u00f4t, situ\u00e9 dans une zone commerciale l\u00e9g\u00e8rement recul\u00e9e, proche de plusieurs garages et de la for\u00eat.<\/p>\n<p>Le nombre exact de fusils vol\u00e9s est pour l&rsquo;instant inconnu, mais plusieurs fusils de chasse sont vol\u00e9s ainsi que des munitions. Un inventaire doit \u00eatre r\u00e9alis\u00e9 pour conna\u00eetre le butin pr\u00e9cis des cambrioleurs. Ces derniers sont repartis \u00e0 bord de deux berlines. Sur place jeudi soir, les volets roulants sont ferm\u00e9s et le grillage a \u00e9t\u00e9 replac\u00e9. Les voleurs n&rsquo;ont pas \u00e9t\u00e9 interpell\u00e9s. Une enqu\u00eate de police est en cours.<\/p>\n","protected":false},"excerpt":{"rendered":"Le propri\u00e9taire du magasin a assist\u00e9 au vol gr\u00e2ce \u00e0 une cam\u00e9ra connect\u00e9e, rapporte ICI Normandie. Les auteurs&hellip;\n","protected":false},"author":2,"featured_media":352076,"comment_status":"","ping_status":"","sticky":false,"template":"","format":"standard","meta":{"footnotes":""},"categories":[9587],"tags":[1111,11,1777,674,1011,27,12,5161,25,9590],"class_list":{"0":"post-352075","1":"post","2":"type-post","3":"status-publish","4":"format-standard","5":"has-post-thumbnail","7":"category-rouen","8":"tag-actu","9":"tag-actualites","10":"tag-eu","11":"tag-europe","12":"tag-fr","13":"tag-france","14":"tag-news","15":"tag-normandie","16":"tag-republique-francaise","17":"tag-rouen"},"share_on_mastodon":{"url":"https:\/\/pubeurope.com\/@fr\/115112053856807948","error":""},"_links":{"self":[{"href":"https:\/\/www.europesays.com\/fr\/wp-json\/wp\/v2\/posts\/352075","targetHints":{"allow":["GET"]}}],"collection":[{"href":"https:\/\/www.europesays.com\/fr\/wp-json\/wp\/v2\/posts"}],"about":[{"href":"https:\/\/www.europesays.com\/fr\/wp-json\/wp\/v2\/types\/post"}],"author":[{"embeddable":true,"href":"https:\/\/www.europesays.com\/fr\/wp-json\/wp\/v2\/users\/2"}],"replies":[{"embeddable":true,"href":"https:\/\/www.europesays.com\/fr\/wp-json\/wp\/v2\/comments?post=352075"}],"version-history":[{"count":0,"href":"https:\/\/www.europesays.com\/fr\/wp-json\/wp\/v2\/posts\/352075\/revisions"}],"wp:featuredmedia":[{"embeddable":true,"href":"https:\/\/www.europesays.com\/fr\/wp-json\/wp\/v2\/media\/352076"}],"wp:attachment":[{"href":"https:\/\/www.europesays.com\/fr\/wp-json\/wp\/v2\/media?parent=352075"}],"wp:term":[{"taxonomy":"category","embeddable":true,"href":"https:\/\/www.europesays.com\/fr\/wp-json\/wp\/v2\/categories?post=352075"},{"taxonomy":"post_tag","embeddable":true,"href":"https:\/\/www.europesays.com\/fr\/wp-json\/wp\/v2\/tags?post=352075"}],"curies":[{"name":"wp","href":"https:\/\/api.w.org\/{rel}","templated":true}]}}