{"id":352077,"date":"2025-08-29T12:29:12","date_gmt":"2025-08-29T12:29:12","guid":{"rendered":"https:\/\/www.europesays.com\/fr\/352077\/"},"modified":"2025-08-29T12:29:12","modified_gmt":"2025-08-29T12:29:12","slug":"fc-grenoble-oyonnax-les-compositions-officielles","status":"publish","type":"post","link":"https:\/\/www.europesays.com\/fr\/352077\/","title":{"rendered":"FC Grenoble \u2013 Oyonnax : les compositions officielles"},"content":{"rendered":"<p>Pour cette premi\u00e8re journ\u00e9e de Pro D2, les Grenoblois se d\u00e9placent sur la pelouse d\u2019Oyonnax, ce vendredi \u00e0 21h00. Pour l\u2019occasion, le staff grenoblois a choisi d\u2019aligner une recrue ainsi que des \u00e9l\u00e9ments m\u00e9nag\u00e9s durant la pr\u00e9paration.<\/p>\n<p>Sur les cinq renforts qui ont pos\u00e9 leurs valises dans les Alpes durant l\u2019intersaison, un sera titulaire ce soir. Arriv\u00e9 en provenance de Bayonne, Aur\u00e9lien Callandret, qui avait d\u00e9j\u00e0 disput\u00e9 l\u2019int\u00e9gralit\u00e9 de la rencontre face \u00e0 Aurillac, sera de nouveau dans le XV de d\u00e9part. L\u2019ancien Palois, Romain Ruffenach, sera quant \u00e0 lui sur le banc de touche apr\u00e8s avoir \u00e9t\u00e9 m\u00e9nag\u00e9 en pr\u00e9paration.<\/p>\n<p>En ce qui concerne les autres recrues, Raffaele Costa-Storti et Josh Thompson sont toujours en convalescence tandis que Tristan Labouteley ne figure pas sur la feuille de match. Le deuxi\u00e8me ligne est tout de m\u00eame pr\u00e9sent dans le groupe \u00e9largi se d\u00e9pla\u00e7ant dans l\u2019Ain.<\/p>\n<p>Le staff is\u00e9rois pourra \u00e9galement compter sur des retours importants \u00e0 l\u2019image d\u2019Antonin Berruyer ou de Jos\u00e9 Madeira qui sont pr\u00e9sents dans le groupe du FCG.<\/p>\n<p><strong>La composition officielle du FC Grenoble\u00a0:<\/strong><\/p>\n<p><strong>XV de d\u00e9part :\u00a0<\/strong>H. Trouilloud \u2013 Callandret \u2013 R. Trouilloud \u2013 Lestrade \u2013 Rasaku \u2013 Palmier \u2013 Bar. Couilloud \u2013 A. Berruyer (cap) \u2013 Martel \u2013 Guillaumond \u2013 Nansen \u2013 Ployet \u2013 Jonker \u2013 Soury \u2013 Eglaine.<\/p>\n<p><strong>Rempla\u00e7ants\u00a0:<\/strong>\u00a0Ruffenach \u2013 Gauthier \u2013 C. Thomas \u2013 Javakhia \u2013 Madeira \u2013 Escande \u2013 Cl\u00e9ment \u2013 Mouton<\/p>\n<p><strong>La composition officielle d\u2019Oyonnax\u00a0:<\/strong><\/p>\n<p><strong>XV de d\u00e9part\u00a0: <\/strong>Bogado \u2013 Qadiri \u2013 Morland \u2013 Toala, Stark \u2013 Bouraux \u2013 Ruru \u2013 Miquel \u2013 Pacheco -Picault \u2013 Corso \u2013 Battye (cap) \u2013 Oz \u2013 Karkadze \u2013 Abraham.<\/p>\n<p><strong>Rempla\u00e7ants :\u00a0<\/strong>Lonchampt \u2013 Bordenave \u2013 Lebas \u2013 Lebreton \u2013 Lobzhanidze \u2013 Cassiem \u2013 Matkava \u2013 Tafili<\/p>\n<p><strong>Les arbitres de la rencontre\u00a0:<\/strong><\/p>\n<ul>\n<li><strong>Arbitre de champ\u00a0:<\/strong> Adrien Marbot<\/li>\n<li><strong>Arbitres de touche\u00a0:<\/strong> Damien Dauvissat et Flavien Hourquet<\/li>\n<li><strong>Arbitre vid\u00e9o\u00a0:<\/strong> Herv\u00e9 Lasausa<\/li>\n<\/ul>\n<p>\n\tArticles similaires<\/p>\n","protected":false},"excerpt":{"rendered":"Pour cette premi\u00e8re journ\u00e9e de Pro D2, les Grenoblois se d\u00e9placent sur la pelouse d\u2019Oyonnax, ce vendredi \u00e0&hellip;\n","protected":false},"author":2,"featured_media":352078,"comment_status":"","ping_status":"","sticky":false,"template":"","format":"standard","meta":{"footnotes":""},"categories":[9566],"tags":[1111,11,2430,1777,674,1011,27,2731,12,25],"class_list":{"0":"post-352077","1":"post","2":"type-post","3":"status-publish","4":"format-standard","5":"has-post-thumbnail","7":"category-grenoble","8":"tag-actu","9":"tag-actualites","10":"tag-auvergne-rhone-alpes","11":"tag-eu","12":"tag-europe","13":"tag-fr","14":"tag-france","15":"tag-grenoble","16":"tag-news","17":"tag-republique-francaise"},"share_on_mastodon":{"url":"https:\/\/pubeurope.com\/@fr\/115112061387710847","error":""},"_links":{"self":[{"href":"https:\/\/www.europesays.com\/fr\/wp-json\/wp\/v2\/posts\/352077","targetHints":{"allow":["GET"]}}],"collection":[{"href":"https:\/\/www.europesays.com\/fr\/wp-json\/wp\/v2\/posts"}],"about":[{"href":"https:\/\/www.europesays.com\/fr\/wp-json\/wp\/v2\/types\/post"}],"author":[{"embeddable":true,"href":"https:\/\/www.europesays.com\/fr\/wp-json\/wp\/v2\/users\/2"}],"replies":[{"embeddable":true,"href":"https:\/\/www.europesays.com\/fr\/wp-json\/wp\/v2\/comments?post=352077"}],"version-history":[{"count":0,"href":"https:\/\/www.europesays.com\/fr\/wp-json\/wp\/v2\/posts\/352077\/revisions"}],"wp:featuredmedia":[{"embeddable":true,"href":"https:\/\/www.europesays.com\/fr\/wp-json\/wp\/v2\/media\/352078"}],"wp:attachment":[{"href":"https:\/\/www.europesays.com\/fr\/wp-json\/wp\/v2\/media?parent=352077"}],"wp:term":[{"taxonomy":"category","embeddable":true,"href":"https:\/\/www.europesays.com\/fr\/wp-json\/wp\/v2\/categories?post=352077"},{"taxonomy":"post_tag","embeddable":true,"href":"https:\/\/www.europesays.com\/fr\/wp-json\/wp\/v2\/tags?post=352077"}],"curies":[{"name":"wp","href":"https:\/\/api.w.org\/{rel}","templated":true}]}}