{"id":35208,"date":"2025-04-19T00:30:23","date_gmt":"2025-04-19T00:30:23","guid":{"rendered":"https:\/\/www.europesays.com\/fr\/35208\/"},"modified":"2025-04-19T00:30:23","modified_gmt":"2025-04-19T00:30:23","slug":"toulon-les-5-rendez-vous-sportifs-de-2025","status":"publish","type":"post","link":"https:\/\/www.europesays.com\/fr\/35208\/","title":{"rendered":"Toulon : les 5 rendez-vous sportifs de 2025"},"content":{"rendered":"<p><img loading=\"lazy\" decoding=\"async\" alt=\"\u00a9 Jean Pahin de Mostu\u00e9jouls - Toulon Provence Regatta - Un \u00e9quipage de l'\u00e9dition 2024 de la r\u00e9gate mythique.\" data-zoom-src=\"https:\/\/www.europesays.com\/fr\/wp-content\/uploads\/2025\/04\/initial-toulon-provence-regatta.jpg\" data-zoomable=\"\" height=\"702\" src=\"https:\/\/www.europesays.com\/fr\/wp-content\/uploads\/2025\/04\/initial-toulon-provence-regatta.jpg\" width=\"1248\"\/>  <\/p>\n<p class=\"article-desc\">\u00a9 Jean Pahin de Mostu\u00e9jouls &#8211; Toulon Provence Regatta &#8211; Un \u00e9quipage de l&rsquo;\u00e9dition 2024 de la r\u00e9gate mythique. <\/p>\n<p>Toulon sur sable, Toulon sur l\u2019eau, Toulon terre de rugby, Toulon athl\u00e9tique. La ville se revendique comme \u00e9tant r\u00e9solument sportive. En octobre dernier, elle a d&rsquo;ailleurs d\u00e9croch\u00e9 le quatri\u00e8me laurier du label \u00ab\u00a0Ville active et sportive\u00a0\u00bb. Une dynamique qu&rsquo;elle compte bien poursuivre en 2025 avec <strong>l&rsquo;organisation de plusieurs rendez-vous sportifs tout au long de l&rsquo;ann\u00e9e<\/strong>.\u00a0 <\/p>\n<p>Jos\u00e9e Massi, maire de la ville, et Laurent Bonnet, adjoint au Sport, ont pr\u00e9sent\u00e9 mardi 25 mars les cinq principales rencontres. <\/p>\n<ul>\n<li>Le triathlon de Toulon : 19-20 avril <\/li>\n<\/ul>\n<p>Toute ville sportive a d\u00e9sormais son propre triathlon. C\u2019est le cas pour Toulon qui, pour<strong> la troisi\u00e8me \u00e9dition du TriTour<\/strong>, accueille <strong>deux formats de course<\/strong> : un S et un M. Les 19 et 20 avril, les coureurs s\u2019\u00e9lanceront depuis la <strong>quatri\u00e8me anse des plages du Mourillon.\u00a0<\/strong>Les inscriptions se font <a href=\"https:\/\/www.triathlondetoulon.com\/\" rel=\"noopener\" target=\"_blank\">ici<\/a>.\u00a0 <\/p>\n<ul>\n<li>Tournoi Sand Cup : 17 mai <\/li>\n<\/ul>\n<p>Le sandball est le d\u00e9riv\u00e9 du handball mais sur un terrain de sable. Au programme, <strong>28 matches organis\u00e9s au centre sportif des plages du Mourillon<\/strong>. Alors, pour participer \u00e0 cette premi\u00e8re \u00e9dition, rendez-vous le 17 mai.\u00a0 <\/p>\n<ul>\n<li class=\"color\">Le Toulon Provence Regatta : 22-25 mai <\/li>\n<\/ul>\n<p>Apr\u00e8s une premi\u00e8re \u00e9dition en mai 2024, la <strong>r\u00e9gate de plusieurs g\u00e9n\u00e9rations de 12 mJI<\/strong> fait son retour \u00e0 Toulon du 22 au 25 mai. Depuis la c\u00f4te, il sera possible d&rsquo;admirer des voiliers prestigieux ayant marqu\u00e9 les comp\u00e9titions des Jeux olympiques et de l&rsquo;America&rsquo;s Cup. Une <strong>vingtaine de bateaux demeureront \u00e0 quai et seront ouverts \u00e0 la visite<\/strong>.\u00a0<\/p>\n<ul>\n<li>Ar\u00e8ne Beach WateRugby : 27-29 juin <\/li>\n<\/ul>\n<p>Et comme \u00e0 Toulon, la mer et le rugby sont ins\u00e9parables, un tournoi r\u00e9unit pour la premi\u00e8re fois les deux. Du 27 au 29 juin, des matches auront lieu <strong>dans le port de Toulon, sur une plateforme flottante.<\/strong> Plus de <strong>1 000 candidats sont d\u00e9j\u00e0 inscrits<\/strong> pour ces rencontres un peu particuli\u00e8res.\u00a0 <\/p>\n<ul>\n<li>Le National de jeu proven\u00e7al : 13-15 septembre <\/li>\n<\/ul>\n<p>Qui a dit qu\u2019un bouliste n\u2019\u00e9tait pas un vrai sportif ? Pas un Sudiste de s\u00fbr. Depuis 20 ans, les \u00e9quipes de toute la France se rassemblent durant trois jours \u00e0 Toulon pour la <strong>comp\u00e9tition nationale du jeu proven\u00e7al.<\/strong> D\u00e9riv\u00e9e de la p\u00e9tanque, cette discipline se joue sur un terrain de 15 \u00e0 20 m\u00e8tres. Pour la premi\u00e8re fois, l\u2019\u00e9v\u00e9nement se tiendra <strong>sur les plages du Mourillon<\/strong> du 13 au 15 septembre.<\/p>\n","protected":false},"excerpt":{"rendered":"\u00a9 Jean Pahin de Mostu\u00e9jouls &#8211; Toulon Provence Regatta &#8211; Un \u00e9quipage de l&rsquo;\u00e9dition 2024 de la r\u00e9gate&hellip;\n","protected":false},"author":2,"featured_media":35209,"comment_status":"","ping_status":"","sticky":false,"template":"","format":"standard","meta":{"footnotes":""},"categories":[9619],"tags":[1111,11,1777,674,1011,27,11431,12,882,25,11432,2310,10997],"class_list":{"0":"post-35208","1":"post","2":"type-post","3":"status-publish","4":"format-standard","5":"has-post-thumbnail","7":"category-toulon","8":"tag-actu","9":"tag-actualites","10":"tag-eu","11":"tag-europe","12":"tag-fr","13":"tag-france","14":"tag-idu00e9es-de-sorties","15":"tag-news","16":"tag-provence-alpes-cote-dazur","17":"tag-republique-francaise","18":"tag-sandball","19":"tag-toulon","20":"tag-triathlon"},"share_on_mastodon":{"url":"https:\/\/pubeurope.com\/@fr\/114361809528817574","error":""},"_links":{"self":[{"href":"https:\/\/www.europesays.com\/fr\/wp-json\/wp\/v2\/posts\/35208","targetHints":{"allow":["GET"]}}],"collection":[{"href":"https:\/\/www.europesays.com\/fr\/wp-json\/wp\/v2\/posts"}],"about":[{"href":"https:\/\/www.europesays.com\/fr\/wp-json\/wp\/v2\/types\/post"}],"author":[{"embeddable":true,"href":"https:\/\/www.europesays.com\/fr\/wp-json\/wp\/v2\/users\/2"}],"replies":[{"embeddable":true,"href":"https:\/\/www.europesays.com\/fr\/wp-json\/wp\/v2\/comments?post=35208"}],"version-history":[{"count":0,"href":"https:\/\/www.europesays.com\/fr\/wp-json\/wp\/v2\/posts\/35208\/revisions"}],"wp:featuredmedia":[{"embeddable":true,"href":"https:\/\/www.europesays.com\/fr\/wp-json\/wp\/v2\/media\/35209"}],"wp:attachment":[{"href":"https:\/\/www.europesays.com\/fr\/wp-json\/wp\/v2\/media?parent=35208"}],"wp:term":[{"taxonomy":"category","embeddable":true,"href":"https:\/\/www.europesays.com\/fr\/wp-json\/wp\/v2\/categories?post=35208"},{"taxonomy":"post_tag","embeddable":true,"href":"https:\/\/www.europesays.com\/fr\/wp-json\/wp\/v2\/tags?post=35208"}],"curies":[{"name":"wp","href":"https:\/\/api.w.org\/{rel}","templated":true}]}}