{"id":352081,"date":"2025-08-29T12:31:12","date_gmt":"2025-08-29T12:31:12","guid":{"rendered":"https:\/\/www.europesays.com\/fr\/352081\/"},"modified":"2025-08-29T12:31:12","modified_gmt":"2025-08-29T12:31:12","slug":"esteban-lepaul-sengage-a-rennes-une-bonne-nouvelle-pour-le-sas-epinal","status":"publish","type":"post","link":"https:\/\/www.europesays.com\/fr\/352081\/","title":{"rendered":"Esteban Lepaul s\u2019engage \u00e0 Rennes : une bonne nouvelle pour le SAS \u00c9pinal !"},"content":{"rendered":"<p>Le 29 ao\u00fbt 2025 par Adel Saoud<\/p>\n<p><img width=\"500\" height=\"329\" src=\"https:\/\/www.europesays.com\/fr\/wp-content\/uploads\/2025\/08\/img-20231103-201754-500x329.jpg\" class=\"attachment-x500 size-x500 wp-post-image\" alt=\"\" decoding=\"async\" fetchpriority=\"high\"  \/>\t\t\t\t\t\t\t\t<\/p>\n<p>Avant d&rsquo;exploser en Ligue 1, Esteban Lepaul a fait les beaux jours du SAS \u00c9pinal <\/p>\n<p>\u00a9 Justine Touvenot<\/p>\n<p>Le Stade Rennais a officialis\u00e9 l\u2019arriv\u00e9e d\u2019Esteban Lepaul en provenance d\u2019Angers. L\u2019attaquant de 25 ans a sign\u00e9 un contrat de quatre ans avec le club breton. Le transfert est estim\u00e9 \u00e0 13,5 millions d\u2019euros, plus 1,5 million de bonus. Une op\u00e9ration qui profite aussi au SAS \u00c9pinal, gr\u00e2ce \u00e0 une clause de revente fix\u00e9e \u00e0 10 % lors de son d\u00e9part vers Angers en janvier 2024.<\/p>\n<p>N\u00e9 \u00e0 Auxerre et <a href=\"https:\/\/www.centpourcent-vosges.fr\/sport-vosges\/esteban-lepaul-meilleur-buteur-du-national-cetait-evident-de-revenir-a-epinal\/\" rel=\"nofollow noopener\" target=\"_blank\">form\u00e9 \u00e0 l\u2019Olympique Lyonnais<\/a>, Esteban Lepaul a connu un premier passage \u00e0 \u00c9pinal avant de rejoindre Orl\u00e9ans en National. C\u2019est cependant son retour au SAS, \u00e0 l\u2019\u00e9t\u00e9 2023, qui marque un tournant. Buteur prolifique, il termine la premi\u00e8re partie de saison en t\u00eate du classement des buteurs du championnat National avec 12 r\u00e9alisations en 16 matches. <a href=\"https:\/\/www.centpourcent-vosges.fr\/sport-vosges\/football-championnat-national-sans-son-buteur-esteban-lepaul-le-sas-epinal-recoit-las-nancy-lorraine-ce-vendredi-soir\/\" rel=\"nofollow noopener\" target=\"_blank\">Ses performances attirent logiquement les regards et lui ouvrent les portes d\u2019Angers lors du mercato d\u2019hiver.<\/a><br \/>En un an et demi au SCO, le buteur s\u2019est impos\u00e9 comme un attaquant efficace et r\u00e9gulier. Avec 17 buts en 50 rencontres toutes comp\u00e9titions confondues, il a contribu\u00e9 au retour du club angevin dans le haut du tableau de Ligue 1. De quoi convaincre Rennes de miser sur lui cet \u00e9t\u00e9 pour renforcer son secteur offensif.<\/p>\n<p>Le SAS \u00c9pinal double son budget et empoche plus d\u2019un million d\u2019euros<\/p>\n<p>Pour le SAS \u00c9pinal, la transaction est une excellente nouvelle. En vendant Esteban Lepaul \u00e0 Angers pour environ 150 000 \u20ac, les dirigeants avaient eu le flair de n\u00e9gocier un pourcentage \u00e0 la revente de 10 % sur la plus-value. Un choix strat\u00e9gique qui permet aujourd\u2019hui au club vosgien d\u2019empocher une somme cons\u00e9quente et de valoriser son r\u00f4le dans l\u2019ascension de l\u2019attaquant.<br \/>Avec cette signature, le n\u00e9o rennais change de dimension. Dans un club ambitieux, il aura l\u2019occasion de confirmer ses qualit\u00e9s et de franchir un nouveau cap. Dans les Vosges, on suivra avec attention la suite de son parcours, avec la fiert\u00e9 d\u2019avoir contribu\u00e9 \u00e0 son envol. Ironie du calendrier, Rennes affronte Angers ce week-end. Esteban Lepaul pourrait donc conna\u00eetre sa grande premi\u00e8re sous le maillot rennais face \u00e0 son ancien club.<\/p>\n<p><img loading=\"lazy\" decoding=\"async\" width=\"870\" height=\"455\" src=\"https:\/\/www.europesays.com\/fr\/wp-content\/uploads\/2025\/08\/esteban-lepaul-e1756411384344.png\" alt=\"\" class=\"wp-image-169376\"  \/>\u00a9\ufe0f Stade Rennais F.C.<\/p>\n","protected":false},"excerpt":{"rendered":"Le 29 ao\u00fbt 2025 par Adel Saoud Avant d&rsquo;exploser en Ligue 1, Esteban Lepaul a fait les beaux&hellip;\n","protected":false},"author":2,"featured_media":352082,"comment_status":"","ping_status":"","sticky":false,"template":"","format":"standard","meta":{"footnotes":""},"categories":[2821],"tags":[1111,11,460,829,48875,1777,674,1011,27,12,584,25,48874,3087],"class_list":{"0":"post-352081","1":"post","2":"type-post","3":"status-publish","4":"format-standard","5":"has-post-thumbnail","7":"category-rennes","8":"tag-actu","9":"tag-actualites","10":"tag-angers-sco","11":"tag-bretagne","12":"tag-esteban-lepaul","13":"tag-eu","14":"tag-europe","15":"tag-fr","16":"tag-france","17":"tag-news","18":"tag-rennes","19":"tag-republique-francaise","20":"tag-sas-u00c9pinal","21":"tag-stade-rennais"},"share_on_mastodon":{"url":"https:\/\/pubeurope.com\/@fr\/115112069481177161","error":""},"_links":{"self":[{"href":"https:\/\/www.europesays.com\/fr\/wp-json\/wp\/v2\/posts\/352081","targetHints":{"allow":["GET"]}}],"collection":[{"href":"https:\/\/www.europesays.com\/fr\/wp-json\/wp\/v2\/posts"}],"about":[{"href":"https:\/\/www.europesays.com\/fr\/wp-json\/wp\/v2\/types\/post"}],"author":[{"embeddable":true,"href":"https:\/\/www.europesays.com\/fr\/wp-json\/wp\/v2\/users\/2"}],"replies":[{"embeddable":true,"href":"https:\/\/www.europesays.com\/fr\/wp-json\/wp\/v2\/comments?post=352081"}],"version-history":[{"count":0,"href":"https:\/\/www.europesays.com\/fr\/wp-json\/wp\/v2\/posts\/352081\/revisions"}],"wp:featuredmedia":[{"embeddable":true,"href":"https:\/\/www.europesays.com\/fr\/wp-json\/wp\/v2\/media\/352082"}],"wp:attachment":[{"href":"https:\/\/www.europesays.com\/fr\/wp-json\/wp\/v2\/media?parent=352081"}],"wp:term":[{"taxonomy":"category","embeddable":true,"href":"https:\/\/www.europesays.com\/fr\/wp-json\/wp\/v2\/categories?post=352081"},{"taxonomy":"post_tag","embeddable":true,"href":"https:\/\/www.europesays.com\/fr\/wp-json\/wp\/v2\/tags?post=352081"}],"curies":[{"name":"wp","href":"https:\/\/api.w.org\/{rel}","templated":true}]}}