{"id":352085,"date":"2025-08-29T12:33:11","date_gmt":"2025-08-29T12:33:11","guid":{"rendered":"https:\/\/www.europesays.com\/fr\/352085\/"},"modified":"2025-08-29T12:33:11","modified_gmt":"2025-08-29T12:33:11","slug":"ligue-conference-crystal-palace-bratislava-le-tirage-de-strasbourg","status":"publish","type":"post","link":"https:\/\/www.europesays.com\/fr\/352085\/","title":{"rendered":"Ligue Conference : Crystal Palace, Bratislava\u2026 Le tirage de Strasbourg !"},"content":{"rendered":"<p>Cl\u00e9ment Doucetle 29 ao\u00fbt 2025<\/p>\n<p>Ligue Conference : Crystal Palace, Bratislava\u2026 Le tirage de Strasbourg !Ligue Conference : Crystal Palace, Bratislava\u2026 Le tirage de Strasbourg !<\/p>\n<p><strong>Le tirage au sort a d\u00e9sign\u00e9 le parcours de Strasbourg pour la Ligue Conference 2025\/2026, \u00e0 suivre en int\u00e9gralit\u00e9 et en exclusivit\u00e9 sur CANAL+. <\/strong><\/p>\n<p>Tout savoir sur la <a href=\"https:\/\/www.canalplus.com\/conference-league\" rel=\"nofollow noopener\" target=\"_blank\">Ligue Conference<\/a><\/p>\n<p>Strasbourg est pr\u00eat \u00e0 d\u00e9couvrir la coupe d\u2019Europe ! L\u2019UEFA a effectu\u00e9, ce vendredi 29 ao\u00fbt, le tirage au sort de la Ligue Conference. Et barragistes heureux de la C4, les Strasbourgeois vont vivre des soir\u00e9es europ\u00e9ennes. Au programme\u00a0:\u00a0six matches, soit un adversaire par chapeau comme le veut le format de la comp\u00e9tition.<\/p>\n<p>Et les supporters doivent \u00eatre rassur\u00e9s puisqu\u2019ils affronteront un nom bien connu du football anglais\u00a0: Crystal Palace. Un gros morceau certes, mais accompagn\u00e9 de cinq adversaires \u00e0 port\u00e9e du club alsacien\u00a0: Slovan Bratislava, Jagiellonia, Aberdeen, Breidablik et H\u00e4cken.<\/p>\n<p>Trois de ces affiches se d\u00e9rouleront \u00e0 la Meinau : Crystal Palace, Jagiellonia et Breidablik. Strasbourg devra donc se d\u00e9placer pour les trois autres matches, soit \u00e0 Bratislava (Slovaquie), \u00e0 Aberdeen (\u00c9cosse) et \u00e0 H\u00e4cken (Su\u00e8de).<\/p>\n<p>Lire aussi : <a href=\"https:\/\/www.canalplus.com\/articles\/sports\/ligue-des-champions-ce-qu-il-faut-retenir-du-tirage-au-sort\" rel=\"nofollow noopener\" target=\"_blank\">Ce qu\u2019il faut retenir du tirage au sort de la Ligue des champions<\/a><\/p>\n<p>Quand se d\u00e9rouleront les matches de Strasbourg\u00a0?<\/p>\n<p>Les adversaires connus, place aux premiers matches de Ligue Conference pour le Racing. La premi\u00e8re journ\u00e9e se d\u00e9roulera le 2 octobre, et sera \u00e0 suivre en int\u00e9gralit\u00e9 et en exclusivit\u00e9 sur CANAL+, comme tous les matches de la comp\u00e9tition.<\/p>\n<p>En revanche, les supporters devront encore attendre pour conna\u00eetre l\u2019ordre des rencontres. L\u2019UEFA devrait d\u00e9voiler le calendrier complet de la comp\u00e9tition, dates et adversaires, dans les prochains jours.<\/p>\n<p><strong>Le meilleur du football sur l&rsquo;application CANAL+ :<\/strong><\/p>\n","protected":false},"excerpt":{"rendered":"Cl\u00e9ment Doucetle 29 ao\u00fbt 2025 Ligue Conference : Crystal Palace, Bratislava\u2026 Le tirage de Strasbourg !Ligue Conference :&hellip;\n","protected":false},"author":2,"featured_media":352086,"comment_status":"","ping_status":"","sticky":false,"template":"","format":"standard","meta":{"footnotes":""},"categories":[2820],"tags":[1111,11,1777,674,1011,27,775,12,25,640],"class_list":{"0":"post-352085","1":"post","2":"type-post","3":"status-publish","4":"format-standard","5":"has-post-thumbnail","7":"category-strasbourg","8":"tag-actu","9":"tag-actualites","10":"tag-eu","11":"tag-europe","12":"tag-fr","13":"tag-france","14":"tag-grand-est","15":"tag-news","16":"tag-republique-francaise","17":"tag-strasbourg"},"share_on_mastodon":{"url":"https:\/\/pubeurope.com\/@fr\/115112077118194534","error":""},"_links":{"self":[{"href":"https:\/\/www.europesays.com\/fr\/wp-json\/wp\/v2\/posts\/352085","targetHints":{"allow":["GET"]}}],"collection":[{"href":"https:\/\/www.europesays.com\/fr\/wp-json\/wp\/v2\/posts"}],"about":[{"href":"https:\/\/www.europesays.com\/fr\/wp-json\/wp\/v2\/types\/post"}],"author":[{"embeddable":true,"href":"https:\/\/www.europesays.com\/fr\/wp-json\/wp\/v2\/users\/2"}],"replies":[{"embeddable":true,"href":"https:\/\/www.europesays.com\/fr\/wp-json\/wp\/v2\/comments?post=352085"}],"version-history":[{"count":0,"href":"https:\/\/www.europesays.com\/fr\/wp-json\/wp\/v2\/posts\/352085\/revisions"}],"wp:featuredmedia":[{"embeddable":true,"href":"https:\/\/www.europesays.com\/fr\/wp-json\/wp\/v2\/media\/352086"}],"wp:attachment":[{"href":"https:\/\/www.europesays.com\/fr\/wp-json\/wp\/v2\/media?parent=352085"}],"wp:term":[{"taxonomy":"category","embeddable":true,"href":"https:\/\/www.europesays.com\/fr\/wp-json\/wp\/v2\/categories?post=352085"},{"taxonomy":"post_tag","embeddable":true,"href":"https:\/\/www.europesays.com\/fr\/wp-json\/wp\/v2\/tags?post=352085"}],"curies":[{"name":"wp","href":"https:\/\/api.w.org\/{rel}","templated":true}]}}