{"id":352087,"date":"2025-08-29T12:34:12","date_gmt":"2025-08-29T12:34:12","guid":{"rendered":"https:\/\/www.europesays.com\/fr\/352087\/"},"modified":"2025-08-29T12:34:12","modified_gmt":"2025-08-29T12:34:12","slug":"lille-et-lyon-heritent-dun-tirage-abordable-ce-sera-plus-complique-pour-nice","status":"publish","type":"post","link":"https:\/\/www.europesays.com\/fr\/352087\/","title":{"rendered":"Lille et Lyon h\u00e9ritent d&rsquo;un tirage abordable, ce sera plus compliqu\u00e9 pour Nice"},"content":{"rendered":"<p>Les clubs fran\u00e7ais sont fix\u00e9s pour la phase de groupes de la Ligue Europa o\u00f9 la majorit\u00e9 d&rsquo;entre eux a h\u00e9rit\u00e9 d&rsquo;un tirage cl\u00e9ment ce vendredi \u00e0 Monaco, contrairement \u00e0 Nice. Le club de la C\u00f4te d&rsquo;Azur devra notamment affronter\u00a0l&rsquo;AS Rome et le FC Porto. Les Ni\u00e7ois seront \u00e9galement oppos\u00e9s \u00e0 Braga, Fenerbah\u00e7e, Fribourg, Ludogorets, Go Ahead Eagles et au Celta Vigo.<\/p>\n<p>Lyon et Lille ont \u00e9t\u00e9 un peu plus chanceux. Le LOSC a \u00e9galement h\u00e9rit\u00e9 d&rsquo;un d\u00e9placement dans la capitale romaine contre l&rsquo;AS Rome, mais a \u00e9t\u00e9 plut\u00f4t \u00e9pargn\u00e9 pour le reste avec un premier match\u00a0contre le Dynamo Kiev,\u00a0et tenteront de\u00a0se d\u00e9faire de Fribourg, \u00e0 domicile, du Celta Vigo \u00e0 l&rsquo;ext\u00e9rieur, ainsi que de l&rsquo;\u00c9toile rouge, \u00e0 Belgrade.<\/p>\n<p>  Le calendrier bient\u00f4t d\u00e9voil\u00e9<\/p>\n<p>Enfin, Lyon aura comme gros morceau le Betis S\u00e9ville.\u00a0L&rsquo;OL sera \u00e9galement oppos\u00e9 au Maccabi Tel Aviv, \u00e0 Salzbourg, au PAOK, au FC B\u00e2le, au Young Boys Berne, \u00e0 Go Ahead Eagles et \u00e0 Utrecht.<\/p>\n<p class=\"insetTitle\">C4 : des cadors pour Strasbourg<\/p>\n<p>Apr\u00e8s son succ\u00e8s contre Br\u00f8ndby jeudi soir, Strasbourg connait d\u00e9sormais ses adversaires pour la\u00a0phase de ligue de la Ligue Conf\u00e9rence. Le club alsacien affrontera notamment Crystal Palace \u00e0 domicile, selon le tirage au sort effectu\u00e9 vendredi \u00e0 Monaco.<\/p>\n<p>Les Alsaciens, de retour en Coupe d&rsquo;Europe pour la premi\u00e8re fois depuis 20 ans, seront \u00e9galement oppos\u00e9s \u00e0 Jagiellonia et Breidablik dans leur stade de la Meinau. Ils se d\u00e9placeront sur les terrains du Slovan Brastislava, d&rsquo;Aberdeen et de H\u00e4cken.<\/p>\n<p>La phase de ligue de la C4 d\u00e9butera le 2 octobre et se terminera le 18 d\u00e9cembre. La finale est pr\u00e9vue le 27 mai 2026 \u00e0 Leipzig.<\/p>\n<p>La phase de ligue de la C3 d\u00e9butera le 24 septembre et se terminera le 29 janvier 2026. La finale est pr\u00e9vue le 20 mai 2026 \u00e0 Istanbul. Le calendrier sera d\u00e9voil\u00e9 ce week-end.\u00a0<\/p>\n","protected":false},"excerpt":{"rendered":"Les clubs fran\u00e7ais sont fix\u00e9s pour la phase de groupes de la Ligue Europa o\u00f9 la majorit\u00e9 d&rsquo;entre&hellip;\n","protected":false},"author":2,"featured_media":352088,"comment_status":"","ping_status":"","sticky":false,"template":"","format":"standard","meta":{"footnotes":""},"categories":[2819],"tags":[1111,11,1777,674,107,63,1011,27,12,2401,882,25,517,1947],"class_list":{"0":"post-352087","1":"post","2":"type-post","3":"status-publish","4":"format-standard","5":"has-post-thumbnail","7":"category-nice","8":"tag-actu","9":"tag-actualites","10":"tag-eu","11":"tag-europe","12":"tag-fil-info","13":"tag-football","14":"tag-fr","15":"tag-france","16":"tag-news","17":"tag-nice","18":"tag-provence-alpes-cote-dazur","19":"tag-republique-francaise","20":"tag-sport","21":"tag-sport-national"},"share_on_mastodon":{"url":"https:\/\/pubeurope.com\/@fr\/115112081051500881","error":""},"_links":{"self":[{"href":"https:\/\/www.europesays.com\/fr\/wp-json\/wp\/v2\/posts\/352087","targetHints":{"allow":["GET"]}}],"collection":[{"href":"https:\/\/www.europesays.com\/fr\/wp-json\/wp\/v2\/posts"}],"about":[{"href":"https:\/\/www.europesays.com\/fr\/wp-json\/wp\/v2\/types\/post"}],"author":[{"embeddable":true,"href":"https:\/\/www.europesays.com\/fr\/wp-json\/wp\/v2\/users\/2"}],"replies":[{"embeddable":true,"href":"https:\/\/www.europesays.com\/fr\/wp-json\/wp\/v2\/comments?post=352087"}],"version-history":[{"count":0,"href":"https:\/\/www.europesays.com\/fr\/wp-json\/wp\/v2\/posts\/352087\/revisions"}],"wp:featuredmedia":[{"embeddable":true,"href":"https:\/\/www.europesays.com\/fr\/wp-json\/wp\/v2\/media\/352088"}],"wp:attachment":[{"href":"https:\/\/www.europesays.com\/fr\/wp-json\/wp\/v2\/media?parent=352087"}],"wp:term":[{"taxonomy":"category","embeddable":true,"href":"https:\/\/www.europesays.com\/fr\/wp-json\/wp\/v2\/categories?post=352087"},{"taxonomy":"post_tag","embeddable":true,"href":"https:\/\/www.europesays.com\/fr\/wp-json\/wp\/v2\/tags?post=352087"}],"curies":[{"name":"wp","href":"https:\/\/api.w.org\/{rel}","templated":true}]}}