{"id":352089,"date":"2025-08-29T12:35:11","date_gmt":"2025-08-29T12:35:11","guid":{"rendered":"https:\/\/www.europesays.com\/fr\/352089\/"},"modified":"2025-08-29T12:35:11","modified_gmt":"2025-08-29T12:35:11","slug":"coupe-deurope-revivez-le-tirage-au-sort-avec-les-adversaires-de-lille-lyon-nice-et-strasbourg","status":"publish","type":"post","link":"https:\/\/www.europesays.com\/fr\/352089\/","title":{"rendered":"Coupe d&rsquo;Europe : revivez le tirage au sort avec les adversaires de Lille, Lyon, Nice et Strasbourg"},"content":{"rendered":"<p>14:32<\/p>\n<p>Merci d&rsquo;avoir suivi ce direct comment\u00e9<\/p>\n<p>C&rsquo;est la fin de ce live ! Les \u00e9quipes fran\u00e7aises connaissent maintenant tous leurs adversaires pour les diff\u00e9rentes coupes d&rsquo;Europe 2025-2026. \u00a0Bonne journ\u00e9e \u00e0 tous !<\/p>\n<p>14:26<\/p>\n<p>Dante au micro de Canal+<\/p>\n<p>Le d\u00e9fenseur de l&rsquo;OGC Nice est heureux du tirage de Nice. \u00ab On a un tirage difficile, mais on va jouer de belles \u00e9quipes. La saison derni\u00e8re ne s&rsquo;est pas pass\u00e9e comme on le voudrait. Il va falloir tout donner et profiter d&rsquo;un esprit revanchard. On part avec beaucoup de confiance, de d\u00e9termination \u00bb.<\/p>\n<p>14:22<\/p>\n<p>Strasbourg de retour en Europe apr\u00e8s 20 ans<\/p>\n<p>Au micro de Canal+, on rappelle \u00e0 Mark Keller que le gardien strasbourgeois n&rsquo;avait que quelques jours et l&rsquo;attaquant star Emanuel Emegha n&rsquo;avait que deux ans.<\/p>\n<p>14:20<\/p>\n<p>Keller sur le choc entre Crystal Palace et Strasbourg<\/p>\n<p>\u00ab C&rsquo;est une \u00e9quipe qu&rsquo;on conna\u00eet bien, notre coach conna\u00eet bien la Premier League aussi, donc \u00e7a va \u00eatre un choc int\u00e9ressant \u00bb.<\/p>\n<p>14:18<\/p>\n<p>\u00ab Un moment important \u00bb pour Strasbourg, selon le pr\u00e9sident Mark Keller<\/p>\n<p>\u00ab C&rsquo;est une \u00e9tape importante pour notre club. On a gagn\u00e9 hier \u00e0 Brondby et je crois que c&rsquo;est un moment important pour notre club. Il y a 13 ans, on \u00e9tait en CFA. \u00bb<\/p>\n<p>14:16<\/p>\n<p>Fabrice Bocquet, pr\u00e9sident de l&rsquo;OGC Nice, \u00e0 propos du \u00ab parcours de la mort \u00bb de son club<\/p>\n<p>Fabrice Bocquet\u00ab C&rsquo;est un challenge relev\u00e9 pour nous. De toute fa\u00e7on on se qualifie en \u00a0Coupe d&rsquo;Europe pour vivre de belles \u00e9motions et jouer contre de belles \u00e9quipes. On a beaucoup de choses \u00e0 vivre durant cette ann\u00e9e, et on a envie de rebondir apr\u00e8s notre prestation l&rsquo;ann\u00e9e derni\u00e8re (aucune victoire en Conference League). \u00bb<\/p>\n<p>14:12<\/p>\n<p>L\u00e9tang \u00e9voque le cas Zhegrova\u00a0<\/p>\n<p>\u00ab Les r\u00e8gles sont tr\u00e8s claires, un club ne peut pas parler \u00e0 un joueur sans l&rsquo;accord de son club. Je n&rsquo;ai pas \u00e9t\u00e9 contact\u00e9 par l&rsquo;Olympique de Marseille avant aujourd&rsquo;hui. Donc on va se pencher sur les textes et voir ce qu&rsquo;on peut faire. \u00bb<\/p>\n<p>14:12<\/p>\n<p>La r\u00e9action d&rsquo;Olivier L\u00e9tang, \u00a0pr\u00e9sident du Losc<\/p>\n<p>\u00ab Le tirage au sort, on sait s&rsquo;il est bon apr\u00e8s les matchs, pas lors du tirage. On a perform\u00e9 sur les cinq derni\u00e8res ann\u00e9es, et on veut continuer. On veut aller loin dans cette comp\u00e9tition. \u00bb<\/p>\n<p>14:11<\/p>\n<p>Quelques mots de Louis-Jean sur le mercato de l&rsquo;OL<\/p>\n<p>\u00ab On avait objectiv\u00e9 des ventes qui n&rsquo;ont pas encore eu lieu. Donc on sait que \u00e7a peut encore bouger dans les prochains jours. On sait qu&rsquo;on va \u00eatre attaqu\u00e9 sur certains joueurs, George (Mikautadze) en fait partie. On va voir ce qu&rsquo;il se passe et on avisera. On est en contact avec Taremi, et on avait des contacts avec Azpilicueta, mais il vient de signer \u00e0 S\u00e9ville. Mais en tout cas on est confiant sur le fait d&rsquo;avoir un groupe comp\u00e9titif pour cette saison que ce soit en championnat ou en Europa League. \u00bb<\/p>\n<p>14:07<\/p>\n<p>La r\u00e9action de Mathieu Louis-Jean sur le tirage de l&rsquo;OL<\/p>\n<p>\u00ab C&rsquo;est un tirage plut\u00f4t ouvert. On sait que le Betis peut \u00eatre compliqu\u00e9. C&rsquo;est un grand mot de dire qu&rsquo;on veut gagner cette comp\u00e9tition, mais on veut au moins aller en huiti\u00e8mes. L&rsquo;ann\u00e9e derni\u00e8re c&rsquo;\u00e9tait un objectif de gagner, maintenant le but c&rsquo;est d&rsquo;abord de passer les phases de poule. Mais on va \u00eatre pr\u00eat \u00bb<\/p>\n<p>13:51<\/p>\n<p>Le tirage du pot 3 est fini\u00a0<\/p>\n<p>Les Strasbourgeois connaissent leurs adversaires, alors que les derniers pots s&rsquo;encha\u00eenent.<\/p>\n<p>13:50<\/p>\n<p>Les adversaires du Racing\u00a0<\/p>\n<p>Le tirage est abordable pour Strasbourg. Les Alsaciens affronteront Crystal Palace (domicile), Bratislava (ext\u00e9rieur), Jagiellonia (domicile), Aberdeen (ext\u00e9rieur), Breidalik (domicile), et H\u00e4cken (ext\u00e9rieur).<\/p>\n<p>13:47<\/p>\n<p>Crystal Palace \u00e0 la Meinau<\/p>\n<p>Les vainqueurs de la coupe d&rsquo;Angleterre se d\u00e9placeront \u00e0 Strasbourg, le choc de l&rsquo;ann\u00e9e pour les Alsaciens.<\/p>\n<p>13:46<\/p>\n<p>Le Slovan Bratislava pour Strasbourg<\/p>\n<p>Les Strasbourgeois se d\u00e9placeront dans la capitale slov\u00e8ne. Un tirage en leur faveur pour le moment.<\/p>\n<p>13:45<\/p>\n<p>Strasbourg \u00e9vite la Fiorentina et le Shaktar Donetsk<\/p>\n<p>Les Alsaciens \u00e9vitent deux des grosses \u00e9quipes du pot 1.<\/p>\n<p>13:43<\/p>\n<p>Seulement six rencontres en Conference League<\/p>\n<p>Pour cette comp\u00e9tition, les participants ne joueront que six matchs en phase de ligue.\u00a0<\/p>\n<p>Comme la Ligue Europa, le calendrier exact sortira dimanche au plus tard.<\/p>\n<p>13:40<\/p>\n<p>Eden Hazard proc\u00e9dera au tirage au sort<\/p>\n<p>L&rsquo;ancienne star de Chelsea et du Real Madrid est pr\u00e9sent \u00e0 Monaco pour r\u00e9v\u00e9ler le calendrier de la Conference League.<\/p>\n<p>13:35<\/p>\n<p>Place au tirage de la Conference League<\/p>\n<p>Cette ann\u00e9e, la C3 et la C4 se partagent le tirage au sort. Strasbourg conna\u00eetra bient\u00f4t ses adversaires en coupe d&rsquo;Europe.<\/p>\n<p>13:34<\/p>\n<p>Pas de tr\u00e8s gros poisson pour les Fran\u00e7ais<\/p>\n<p>Les \u00e9quipes fran\u00e7aises ont notamment r\u00e9ussi \u00e0 \u00e9viter les formations anglaises, Aston Villa et Nottingham Forrest.<\/p>\n<p>Mais Lille et Nice vont tout de m\u00eame devoir se d\u00e9faire de l&rsquo;AS Roma de Paulo Dybala, un d\u00e9fi pour les deux \u00e9quipes.<\/p>\n<p>13:31<\/p>\n<p>Les clubs fran\u00e7ais connaissent leurs adversaires<\/p>\n<p>Les pots 1, 2 et 3 ont \u00e9t\u00e9 tir\u00e9s, les clubs fran\u00e7ais connaissent donc leurs huit adversaires.<\/p>\n<p>13:30<\/p>\n<p>Le tirage de l&rsquo;OGC Nice<\/p>\n<p>Pas de chance pour Nice, qui h\u00e9rite d&rsquo;un tirage compliqu\u00e9 avec l&rsquo;AS Rome (domicile), le FC Porto (ext\u00e9rieur), Braga (domicile), le Fenerbah\u00e7e (ext\u00e9rieur), Fribourg (domicile), Ludogorets (ext\u00e9rieur), Go Ahead Eagles (domicile) et le Celta Vigo (ext\u00e9rieur).<\/p>\n<p>13:27<\/p>\n<p>Les adversaires de l&rsquo;Olympique lyonnais<\/p>\n<p>Les hommes de Paulo Fonseca affronteront Salzbourg (domicile), Betis S\u00e9ville (ext\u00e9rieur), PAOK Salonique (domicile), Maccabi Tel-Aviv (ext\u00e9rieur), B\u00e2le (domicile), Young Boys Berne (ext\u00e9rieur), Malm\u00f6 (domicile) et le Panathinaikos (ext\u00e9rieur).<\/p>\n<p>13:24<\/p>\n<p>Le Betis pour Lyon<\/p>\n<p>Les Lyonnais retrouveront le Betis Seville de Nabil Fekir lors de la phase de ligue. Ils recevront \u00e9galement Salzbourg.<\/p>\n<p>13:23<\/p>\n<p>Lille conna\u00eet ses adversaires<\/p>\n<p>Les Dogues d&rsquo;Olivier Giroud h\u00e9ritent d&rsquo;un tirage cl\u00e9ment ! Ils affronteront GNK Dinamo (domicile), AS Roma (ext\u00e9rieur), PAOK Salonique (domicile), l&rsquo;Etoile rouge de Belgrade (ext\u00e9rieur), Fribourg (domicile), Young Boys Berne (ext\u00e9rieur), Brann (domicile) et le Celta Vigo (ext\u00e9rieur).<\/p>\n<p>13:21<\/p>\n<p>Deux rencontres compliqu\u00e9es pour Nice<\/p>\n<p>L&rsquo;OGC affrontera \u00e9galement le FC Porto au Portugal, apr\u00e8s avoir \u00e9t\u00e9 \u00e9limin\u00e9 des qualifications de la Ligue des champions par leur grand rival, le Benfica Lisbonne.<\/p>\n<p>13:20<\/p>\n<p>Lille et Nice joueront Rome<\/p>\n<p>Lille et Nice h\u00e9ritent d&rsquo;un adversaire difficile avec l&rsquo;AS Roma. Nice ira \u00e0 Rome, et Nice jouera \u00e0 domicile.<\/p>\n<p>13:19<\/p>\n<p>Le calendrier pr\u00e9cis ne sera pas connu aujourd&rsquo;hui<\/p>\n<p>Le tirage r\u00e9v\u00e9lera les matchs \u00e0 jouer, mais leur ordre et les dates seront d\u00e9voil\u00e9s au plus tard dimanche.<\/p>\n<p>13:18<\/p>\n<p>Le tirage commence<\/p>\n<p>C&rsquo;est parti pour le tirage, en commen\u00e7ant avec les \u00e9quipes du chapeau 1, dans lequel figure le Losc.<\/p>\n<p>13:15<\/p>\n<p>Petit rappel du d\u00e9roul\u00e9 de la comp\u00e9tition<\/p>\n<p>Comme pour la <a href=\"https:\/\/www.leparisien.fr\/sports\/football\/ligue-des-champions\/\" target=\"_blank\" rel=\"nofollow noopener\">Ligue des champions<\/a>, la C3 d\u00e9butera par une phase dite de \u00ab ligue \u00bb, o\u00f9 les 36 \u00e9quipes affronteront chacune 8 adversaires : quatre \u00e0 domicile, et quatre autres \u00e0 l&rsquo;ext\u00e9rieur.<\/p>\n<p>13:14<\/p>\n<p>Un magicien entre sur sc\u00e8ne<\/p>\n<p>Avec la num\u00e9risation du tirage au sort, les traditionnelles boules n&rsquo;ont plus lieu d&rsquo;\u00eatre. Leur disparition est orchestr\u00e9e dans un tour de magie.<\/p>\n<p>13:12<\/p>\n<p>Un champion du monde \u00e0 l&rsquo;honneur<\/p>\n<p>J\u00fcrgen Klinsmann, vainqueur de la Coupe du monde avec l&rsquo;Allemagne en 1990, proc\u00e8dera au tirage au sort.<\/p>\n<p>13:08<\/p>\n<p>Comment se d\u00e9roule le tirage ?<\/p>\n<p>Les \u00e9quipes du chapeau num\u00e9ro 1 sont pioch\u00e9es tour \u00e0 tour. Un ordinateur r\u00e9v\u00e8le ensuite ses adversaires, et le lieu du match.<\/p>\n<p>On passe ensuite au lot num\u00e9ro 2, puis au 3, avant de finir avec les rencontres restantes.<\/p>\n<p>13:03<\/p>\n<p>C&rsquo;est parti \u00e0 Monaco<\/p>\n<p>La c\u00e9r\u00e9monie d\u00e9bute avec quelques explications techniques sur le tirage.\u00a0<\/p>\n<p>12:58<\/p>\n<p>Bonjour \u00e0 toutes et \u00e0 tous<\/p>\n<p>Bienvenue dans ce direct comment\u00e9 du tirage de la saison r\u00e9guli\u00e8re de Ligue Europa, qui r\u00e9v\u00e9lera \u00e0 13 heures les adversaires de Lyon, Lille et Nice pour cette campagne europ\u00e9enne.\u00a0<\/p>\n<p>Contexte<\/p>\n<p>Quel tirage pour les Fran\u00e7ais ?<\/p>\n<ul>\n<li>Lille, l&rsquo;<a href=\"https:\/\/www.leparisien.fr\/sports\/football\/football-crystal-palace-deboute-par-luefa-lol-jouera-bien-la-ligue-europa-11-08-2025-BGM3KMGL5FD27LRNRKILEP7QQU.php\" target=\"_blank\" rel=\"nofollow noopener\">Olympique lyonnais<\/a> et l&rsquo;OGC Nice vont conna\u00eetre ce vendredi (13 heures), leurs huit adversaires pour la phase de ligue de l&rsquo;\u00e9dition 2025-2026 de la C3.<\/li>\n<li>Comme pour la <a href=\"https:\/\/www.leparisien.fr\/sports\/football\/ligue-des-champions\/\" target=\"_blank\" rel=\"nofollow noopener\">Ligue des champions<\/a>, 36 \u00e9quipes s&rsquo;affronteront au cours de huit rencontres de saison r\u00e9guli\u00e8re. Les huit meilleures seront directement qualifi\u00e9es pour les huiti\u00e8mes de finale, et les 16 suivants devront jouer un match de barrage.<\/li>\n<li>Les \u00e9quipes sont partag\u00e9es dans quatre chapeaux diff\u00e9rents. Chacune d&rsquo;entre elles affrontera deux membres de chaque lot, un \u00e0 domicile, l&rsquo;autre \u00e0 l&rsquo;ext\u00e9rieur.<\/li>\n<\/ul>\n","protected":false},"excerpt":{"rendered":"14:32 Merci d&rsquo;avoir suivi ce direct comment\u00e9 C&rsquo;est la fin de ce live ! Les \u00e9quipes fran\u00e7aises connaissent&hellip;\n","protected":false},"author":2,"featured_media":352090,"comment_status":"","ping_status":"","sticky":false,"template":"","format":"standard","meta":{"footnotes":""},"categories":[2819],"tags":[1111,11,20095,1777,674,1011,27,11043,12,2401,882,25,517,48876],"class_list":{"0":"post-352089","1":"post","2":"type-post","3":"status-publish","4":"format-standard","5":"has-post-thumbnail","7":"category-nice","8":"tag-actu","9":"tag-actualites","10":"tag-attitude","11":"tag-eu","12":"tag-europe","13":"tag-fr","14":"tag-france","15":"tag-illustration","16":"tag-news","17":"tag-nice","18":"tag-provence-alpes-cote-dazur","19":"tag-republique-francaise","20":"tag-sport","21":"tag-vue-generale"},"share_on_mastodon":{"url":"https:\/\/pubeurope.com\/@fr\/115112085411400249","error":""},"_links":{"self":[{"href":"https:\/\/www.europesays.com\/fr\/wp-json\/wp\/v2\/posts\/352089","targetHints":{"allow":["GET"]}}],"collection":[{"href":"https:\/\/www.europesays.com\/fr\/wp-json\/wp\/v2\/posts"}],"about":[{"href":"https:\/\/www.europesays.com\/fr\/wp-json\/wp\/v2\/types\/post"}],"author":[{"embeddable":true,"href":"https:\/\/www.europesays.com\/fr\/wp-json\/wp\/v2\/users\/2"}],"replies":[{"embeddable":true,"href":"https:\/\/www.europesays.com\/fr\/wp-json\/wp\/v2\/comments?post=352089"}],"version-history":[{"count":0,"href":"https:\/\/www.europesays.com\/fr\/wp-json\/wp\/v2\/posts\/352089\/revisions"}],"wp:featuredmedia":[{"embeddable":true,"href":"https:\/\/www.europesays.com\/fr\/wp-json\/wp\/v2\/media\/352090"}],"wp:attachment":[{"href":"https:\/\/www.europesays.com\/fr\/wp-json\/wp\/v2\/media?parent=352089"}],"wp:term":[{"taxonomy":"category","embeddable":true,"href":"https:\/\/www.europesays.com\/fr\/wp-json\/wp\/v2\/categories?post=352089"},{"taxonomy":"post_tag","embeddable":true,"href":"https:\/\/www.europesays.com\/fr\/wp-json\/wp\/v2\/tags?post=352089"}],"curies":[{"name":"wp","href":"https:\/\/api.w.org\/{rel}","templated":true}]}}