{"id":352093,"date":"2025-08-29T12:37:17","date_gmt":"2025-08-29T12:37:17","guid":{"rendered":"https:\/\/www.europesays.com\/fr\/352093\/"},"modified":"2025-08-29T12:37:17","modified_gmt":"2025-08-29T12:37:17","slug":"fc-nantes-johann-lepenant-le-groupe-prend-plaisir-a-sentrainer-avec-luis-castro","status":"publish","type":"post","link":"https:\/\/www.europesays.com\/fr\/352093\/","title":{"rendered":"FC Nantes : Johann Lepenant : \u00ab Le groupe prend plaisir \u00e0 s\u2019entra\u00eener avec Luis Castro \u00bb"},"content":{"rendered":"<p class=\"MsoNormal\"><b>Le projet du nouveau coach cette saison, c\u2019est un style qui te convient ?<\/b>            <\/p>\n<p>                            <a href=\"https:\/\/cnj44.fr\/\" target=\"_blank\" aria-label=\"link-bn\" rel=\"nofollow noopener\"><img decoding=\"async\" src=\"https:\/\/www.europesays.com\/fr\/wp-content\/uploads\/2025\/05\/block_6819fe141e2c12-96519369.jpg\" width=\"100%\" alt=\"\" class=\"lazyload\"\/><\/a>                        <\/p>\n<p>                            <a href=\"https:\/\/cnj44.fr\/\" target=\"_blank\" aria-label=\"link-bn\" rel=\"nofollow noopener\"><img decoding=\"async\" src=\"https:\/\/www.europesays.com\/fr\/wp-content\/uploads\/2025\/05\/block_6819fe141e2c12-96519369.jpg\" width=\"100%\" alt=\"\" class=\"lazyload\"\/><\/a>                        <\/p>\n<p class=\"MsoNormal\">Oui, le coach a ses id\u00e9es. Elles sont bonnes. Chaque semaine, on travaille, on se perfectionne parce qu\u2019il a vraiment une id\u00e9e de son jeu. On apprend petit \u00e0 petit. C\u2019est plaisant. Le groupe prend plaisir \u00e0 s\u2019entrainer avec lui&#13;\n<\/p>\n<p class=\"MsoNormal\"><b>C\u2019est difficile de changer autant de style de jeu\u00a0par rapport \u00e0 la saison derni\u00e8re ?<\/b>&#13;\n<\/p>\n<p class=\"MsoNormal\">Je ne sais pas. Pendant la pr\u00e9paration, on l\u2019a beaucoup boss\u00e9. Contre Paris, c\u2019\u00e9tait plus compliqu\u00e9 mais contre Strasbourg, on a r\u00e9ussi sur quelques s\u00e9quences \u00e0 ressortir la balle, \u00e0 trouver des d\u00e9s\u00e9quilibres et se projeter.&#13;\n<\/p>\n<p class=\"MsoNormal\"><b>C\u2019est un syst\u00e8me assez \u00e9nergivore au milieu. \u00c7a peut expliquer le d\u00e9chet que vous avez eu sur les premi\u00e8res rencontres\u00a0?<\/b>&#13;\n<\/p>\n<p class=\"MsoNormal\">C\u2019est pour toute l\u2019\u00e9quipe, pas qu\u2019au milieu. Le coach demande un gros pressing. La plupart du temps quand on est en place, il demande des efforts. Forc\u00e9ment, \u00e7a demande du physique mais on est pr\u00e9par\u00e9 pour. Je ne pense pas que ce soit \u00e0 l\u2019origine des d\u00e9chets. Le PSG nous pressait tr\u00e8s vite apr\u00e8s la perte. C\u2019est compliqu\u00e9 de tout faire propre. Le coach nous l\u2019a dit. Toute l\u2019\u00e9quipe doit \u00eatre plus r\u00e9aliste. Faut que \u00e7a prenne et que tout le monde soit bien concentr\u00e9 pendant les matchs.&#13;\n<\/p>\n<p class=\"MsoNormal\"><b>Vous essayez d\u2019aller vite vers l\u2019avant en quelques passes. Il faut plus de justesse technique, de l\u2019automatisme par rapport aux co\u00e9quipiers\u00a0?<\/b>&#13;\n<\/p>\n<p class=\"MsoNormal\">C\u2019est le coup \u00e0 prendre. D\u00e8s qu\u2019on r\u00e9cup\u00e8re, il faut savoir ce que nos co\u00e9quipiers vont faire\u00a0: quelles courses, quels appels. On travaille beaucoup ces phases de r\u00e9cup\u00e9ration et de transition offensives \u00e0 l\u2019entrainement. Pour faire les bons appels, les bonnes passes au bon moment. \u00c7a nous a mis en difficult\u00e9 sur les premiers matchs. On n\u2019a pas fait les meilleurs choix.&#13;\n<\/p>\n<p class=\"MsoNormal\"><b>C\u2019est ta deuxi\u00e8me saison ici mais tu fais presque partie des anciens avec toutes les arriv\u00e9es cet \u00e9t\u00e9. Est-ce que \u00e7a te pousse \u00e0 changer ton comportement, \u00e0 \u00eatre plus leader\u00a0?<\/b>&#13;\n<\/p>\n<p class=\"MsoNormal\">Le coach m\u2019a dit que j\u2019\u00e9tais jeune mais que j\u2019avais d\u00e9j\u00e0 de l\u2019exp\u00e9rience. Il m\u2019a dit que c\u2019\u00e9tait \u00e0 moi de parler, de guider les attaquants. J\u2019essaie de le faire. A la base, je ne parle pas beaucoup. Depuis le d\u00e9but de la saison, je me force. Je guide mes partenaires dans le pressing. C\u2019est quelque chose que je travaille.&#13;\n<\/p>\n<p class=\"MsoNormal\"><b>Tu n\u2019es plus \u00e9ligible pour \u00eatre s\u00e9lectionn\u00e9 en Equipe de France Espoirs alors que tu n\u2019as rat\u00e9 qu\u2019un rassemblement depuis pr\u00e8s de 2 ans. Comment tu appr\u00e9hendes ce changement\u00a0?<\/b>&#13;\n<\/p>\n<p class=\"MsoNormal\">Depuis les U16, j\u2019ai quasiment \u00e9t\u00e9 appel\u00e9 \u00e0 chaque tr\u00eave. \u00c7a va faire bizarre de rester au club. C\u2019est un cycle qui se termine pour moi en \u00e9quipe de France jeune. Je vais travailler avec le club pendant les tr\u00eaves.&#13;\n<\/p>\n<p class=\"MsoNormal\"><b>Louis Leroux, lui, a \u00e9t\u00e9 appel\u00e9 pour la premi\u00e8re fois\u2026<\/b>&#13;\n<\/p>\n<p class=\"MsoNormal\">Je suis content pour lui. Il bosse bien. Il va aider cette \u00e9quipe Espoirs. J\u2019esp\u00e8re qu\u2019il va prendre du plaisir. On a des bons matchs quand on joue dans cette cat\u00e9gorie, de bonnes comp\u00e9titions. C\u2019est un plaisir de jouer avec d\u2019autres joueurs de grande qualit\u00e9. Ce sont toujours des grands moments.                        <\/p>\n","protected":false},"excerpt":{"rendered":"Le projet du nouveau coach cette saison, c\u2019est un style qui te convient ? Oui, le coach a&hellip;\n","protected":false},"author":2,"featured_media":352094,"comment_status":"","ping_status":"","sticky":false,"template":"","format":"standard","meta":{"footnotes":""},"categories":[2818],"tags":[1111,11,1777,674,48878,1011,27,766,12,2636,25],"class_list":{"0":"post-352093","1":"post","2":"type-post","3":"status-publish","4":"format-standard","5":"has-post-thumbnail","7":"category-nantes","8":"tag-actu","9":"tag-actualites","10":"tag-eu","11":"tag-europe","12":"tag-fcn-fc-nantes-ligue-1-johann-lepenant","13":"tag-fr","14":"tag-france","15":"tag-nantes","16":"tag-news","17":"tag-pays-de-la-loire","18":"tag-republique-francaise"},"share_on_mastodon":{"url":"https:\/\/pubeurope.com\/@fr\/115112093056285999","error":""},"_links":{"self":[{"href":"https:\/\/www.europesays.com\/fr\/wp-json\/wp\/v2\/posts\/352093","targetHints":{"allow":["GET"]}}],"collection":[{"href":"https:\/\/www.europesays.com\/fr\/wp-json\/wp\/v2\/posts"}],"about":[{"href":"https:\/\/www.europesays.com\/fr\/wp-json\/wp\/v2\/types\/post"}],"author":[{"embeddable":true,"href":"https:\/\/www.europesays.com\/fr\/wp-json\/wp\/v2\/users\/2"}],"replies":[{"embeddable":true,"href":"https:\/\/www.europesays.com\/fr\/wp-json\/wp\/v2\/comments?post=352093"}],"version-history":[{"count":0,"href":"https:\/\/www.europesays.com\/fr\/wp-json\/wp\/v2\/posts\/352093\/revisions"}],"wp:featuredmedia":[{"embeddable":true,"href":"https:\/\/www.europesays.com\/fr\/wp-json\/wp\/v2\/media\/352094"}],"wp:attachment":[{"href":"https:\/\/www.europesays.com\/fr\/wp-json\/wp\/v2\/media?parent=352093"}],"wp:term":[{"taxonomy":"category","embeddable":true,"href":"https:\/\/www.europesays.com\/fr\/wp-json\/wp\/v2\/categories?post=352093"},{"taxonomy":"post_tag","embeddable":true,"href":"https:\/\/www.europesays.com\/fr\/wp-json\/wp\/v2\/tags?post=352093"}],"curies":[{"name":"wp","href":"https:\/\/api.w.org\/{rel}","templated":true}]}}