{"id":352099,"date":"2025-08-29T12:40:16","date_gmt":"2025-08-29T12:40:16","guid":{"rendered":"https:\/\/www.europesays.com\/fr\/352099\/"},"modified":"2025-08-29T12:40:16","modified_gmt":"2025-08-29T12:40:16","slug":"toutes-les-infos-pratiques-a-connaitre-pour-les-trois-jours-de-festivites","status":"publish","type":"post","link":"https:\/\/www.europesays.com\/fr\/352099\/","title":{"rendered":"toutes les infos pratiques \u00e0 conna\u00eetre pour les trois jours de festivit\u00e9s"},"content":{"rendered":"<p>            Par<br \/>\n        <strong><br \/>\n            <a href=\"https:\/\/actu.fr\/auteur\/lea-afonso\" title=\"Consulter tous les articles de L\u00e9a Afonso\" target=\"_blank\" rel=\"noopener\">L\u00e9a Afonso<\/a><br \/>\n        <\/strong><\/p>\n<p>        Publi\u00e9 le<\/p>\n<p>            29 ao\u00fbt 2025 \u00e0 11h28        <\/p>\n<p>Le Rose Festival, c\u2019est l\u2019\u00e9v\u00e8nement de la fin de l\u2019\u00e9t\u00e9 \u00e0 <a href=\"https:\/\/actu.fr\/toulouse\/\" target=\"_blank\" rel=\"noopener\">Toulouse<\/a> cr\u00e9e par les deux fr\u00e8res et artistes Toulousains <a href=\"https:\/\/actu.fr\/tag\/bigflo-et-oli\" target=\"_blank\" rel=\"noopener\">Bigflo et Oli.<\/a> Pour la quatri\u00e8me ann\u00e9e cons\u00e9cutive, le festival revient et il ouvre ses portes d\u00e8s ce vendredi 29\u00a0ao\u00fbt 2025. Voici toutes les infos \u00e0 conna\u00eetre.<\/p>\n<p>Ouverture des portes et d\u00e9but des concerts<\/p>\n<p class=\" wall-content\">Le Rose Festival, c\u2019est trois jours de concerts, de f\u00eate et de bonne ambiance. Et pour le d\u00e9couvrir, rendez-vous d\u00e8s<strong> 14h ce vendredi et ce samedi<\/strong>, heure d\u2019ouverture des portes. Elles fermeront<strong> le soir \u00e0 2h du matin.<\/strong> Dimanche, rendez-vous de 13h \u00e0 1h du matin.<\/p>\n<p class=\" wall-content\">Le premier concert commencera ce vendredi \u00e0 15\u2009h\u200930, sc\u00e8ne Aussonne avec Ekiz\u2009; samedi \u00e0 14h, sc\u00e8ne Aussonne avec Jaja\u2009; et dimanche \u00e0 13\u2009h\u200930, sc\u00e8ne Aussonne avec Veekee.<\/p>\n<p>Sc\u00e8nes et artistes<\/p>\n<p class=\" wall-content\">Ce festival avec une programmation autant rap que pop, avec des artistes aussi bien Toulousains, qu\u2019internationaux se tient sur deux grandes sc\u00e8nes (Aussonne et Beauzelle).<\/p>\n<p class=\" wall-content\">Cette ann\u00e9e, une toute nouvelle fait son apparition dans le hall 6 du MEETT. Il s\u2019agit de la sc\u00e8ne Visionnaire qui mettra en avant des artistes locaux, avec une programmation riche en rebondissement.<\/p>\n<p>Vid\u00e9os : en ce moment sur Actu<\/p>\n<p class=\" wall-content\">Quant aux t\u00eates d\u2019affiches, sont \u00e0 retrouver la star internationale <strong>Jorja Smith<\/strong>, les rappeurs <strong>Ninho et Niska,<\/strong> les biens connus<strong> Magic System,<\/strong> Vald, Lost Frequencies, Ludji, Helena, le gagnant de la star academy 2023,<strong> Pierre Garnier<\/strong> et bien \u00e9videment les h\u00f4tes des soir\u00e9es, <strong>Bigflo et Oli.<\/strong><\/p>\n<p class=\" wall-content\"><a href=\"https:\/\/www.instagram.com\/p\/DNi1dO0oowj\/embed\" title=\"Ouvrir le lien sur Instagram\" target=\"_blank\" rel=\"noopener\">Visualiser le contenu sur Instagram<\/a><\/p>\n<p>Venir au Rose Festival<\/p>\n<p class=\" wall-content\"><a href=\"https:\/\/actu.fr\/occitanie\/toulouse_31555\/toulouse-rose-festival-2025-comment-s-y-rendre-facilement-en-transports-en-commun_63082267.html\" target=\"_blank\" rel=\"noopener\">Pour se rendre au Rose Festival<\/a>, le <strong>tramway<\/strong> est \u00e0 privil\u00e9gier avec une adaptation des horaires de la part de Tiss\u00e9o\u2009: une fr\u00e9quence de passage toutes les 6\u00a0minutes, le dernier d\u00e9part\u00a0depuis le MEETT\u2009est pr\u00e9vu \u00e0 2h30 les vendredi et samedi, 1h30 le dimanche, en direction des Ar\u00e8nes.<\/p>\n<p>Votre r\u00e9gion, votre actu !<\/p>\n<p>Recevez chaque jour les infos qui comptent pour vous.<\/p>\n<p>\t<a href=\"https:\/\/actu.fr\/newsletter\" class=\"ac-btn ac-btn--corner ac-btn--medium ac-btn--blue800\" target=\"_blank\" rel=\"noopener\">S&rsquo;incrire<\/a><\/p>\n<p class=\" wall-content\">Une <strong>navette<\/strong> est aussi affr\u00e9t\u00e9e par Tiss\u00e9o assurant la liaison entre la station Ar\u00e8nes (correspondance avec le m\u00e9tro A) et le MEETT\u2009: \u2013 au d\u00e9part de la station Ar\u00e8nes vers MEETT\u2009: de 12h30 \u00e0 18h20 (vendredi et samedi)\u2009; de 11h30 \u00e0 17h20 (dimanche)<br \/>\u2013 au d\u00e9part de MEETT vers la station Ar\u00e8nes\u2009: de 22h30 \u00e0 2h30 (vendredi et samedi)\u2009; de 21h30 \u00e0 01h30 (dimanche)<\/p>\n<p class=\" wall-content\">\n<p class=\" wall-content\">Pour les plus t\u00e9m\u00e9raires, venir \u00e0 <strong>v\u00e9lo<\/strong> est aussi possible avec 400 supports situ\u00e9s \u00e0 proximit\u00e9 du MEETT. Et pour ceux qui viendraient en voiture, neuf <strong>parkings<\/strong> sont pr\u00e9vus, tenus par des b\u00e9n\u00e9voles.<\/p>\n<p>Sur le site\u2026<\/p>\n<p class=\" wall-content\">Sur le site, les festivaliers ne manqueront de rien\u2009! C\u00f4t\u00e9 nourriture, des food-trucks, bars, food court les attendront pour se restaurer.\u00a0Des WC et fontaines \u00e0 eaux sont aussi pr\u00e9sents un peu partout.<\/p>\n<p class=\" wall-content\">Entre les concerts, pour se divertir, de nombreux stands d\u2019associations (CFA acad\u00e9mie de Toulouse, Bleu citron, le secours populaire\u2026) attendent les festivaliers avec des activit\u00e9s pour se sensibiliser \u00e0 diverses causes.<\/p>\n<p class=\" wall-content\">Sont autoris\u00e9s sur le site\u2009: gourde 50\u00a0cl (\u00e0 vider \u00e0 l\u2019entr\u00e9e), batterie externe, appareil photo jetable, tote bag\/banane\/sac \u00e0 dos \u2264 15L\u2026 Les objets interdits de type couteau, a\u00e9rosol, gros sacs\u2026 seront \u00e0 d\u00e9poser \u00e0 la consigne et \u00e0 r\u00e9cup\u00e9rer \u00e0 la sortie du festival.<\/p>\n<p>A noter :<\/p>\n<p>Le festival est complet le vendredi 29 et samedi 30 ao\u00fbt 2025. Les pass trois jours sont aussi sold out. Il ne reste plus que le pass 1 jour pour le dimanche \u00e0 64\u20ac et les pass culture \u00e0 partir de 59\u20ac.<\/p>\n<p class=\" wall-content\">Personnalisez votre actualit\u00e9 en ajoutant vos villes et m\u00e9dias en favori avec <a href=\"https:\/\/moncompte.actu.fr\" title=\"D\u00e9couvez Mon Actu\" rel=\"nofollow noopener\" data-trk=\"{&quot;cta&quot;:{&quot;action&quot;:&quot;https:\\\/\\\/moncompte.actu.fr&quot;,&quot;category&quot;:&quot;mon compte&quot;,&quot;from&quot;:&quot;article footer&quot;,&quot;name&quot;:&quot;Mon actu&quot;,&quot;type&quot;:&quot;cta&quot;}}\" target=\"_blank\">Mon Actu<\/a>.<\/p>\n<p>                    <script async src=\"\/\/www.instagram.com\/embed.js\"><\/script><\/p>\n","protected":false},"excerpt":{"rendered":"Par L\u00e9a Afonso Publi\u00e9 le 29 ao\u00fbt 2025 \u00e0 11h28 Le Rose Festival, c\u2019est l\u2019\u00e9v\u00e8nement de la fin&hellip;\n","protected":false},"author":2,"featured_media":352100,"comment_status":"","ping_status":"","sticky":false,"template":"","format":"standard","meta":{"footnotes":""},"categories":[2816],"tags":[1111,11,1777,674,1011,27,1652,12,2680,25,1341,2312],"class_list":{"0":"post-352099","1":"post","2":"type-post","3":"status-publish","4":"format-standard","5":"has-post-thumbnail","7":"category-toulouse","8":"tag-actu","9":"tag-actualites","10":"tag-eu","11":"tag-europe","12":"tag-fr","13":"tag-france","14":"tag-loisirs-culture","15":"tag-news","16":"tag-occitanie","17":"tag-republique-francaise","18":"tag-sortir-a-toulouse","19":"tag-toulouse"},"share_on_mastodon":{"url":"https:\/\/pubeurope.com\/@fr\/115112104795170572","error":""},"_links":{"self":[{"href":"https:\/\/www.europesays.com\/fr\/wp-json\/wp\/v2\/posts\/352099","targetHints":{"allow":["GET"]}}],"collection":[{"href":"https:\/\/www.europesays.com\/fr\/wp-json\/wp\/v2\/posts"}],"about":[{"href":"https:\/\/www.europesays.com\/fr\/wp-json\/wp\/v2\/types\/post"}],"author":[{"embeddable":true,"href":"https:\/\/www.europesays.com\/fr\/wp-json\/wp\/v2\/users\/2"}],"replies":[{"embeddable":true,"href":"https:\/\/www.europesays.com\/fr\/wp-json\/wp\/v2\/comments?post=352099"}],"version-history":[{"count":0,"href":"https:\/\/www.europesays.com\/fr\/wp-json\/wp\/v2\/posts\/352099\/revisions"}],"wp:featuredmedia":[{"embeddable":true,"href":"https:\/\/www.europesays.com\/fr\/wp-json\/wp\/v2\/media\/352100"}],"wp:attachment":[{"href":"https:\/\/www.europesays.com\/fr\/wp-json\/wp\/v2\/media?parent=352099"}],"wp:term":[{"taxonomy":"category","embeddable":true,"href":"https:\/\/www.europesays.com\/fr\/wp-json\/wp\/v2\/categories?post=352099"},{"taxonomy":"post_tag","embeddable":true,"href":"https:\/\/www.europesays.com\/fr\/wp-json\/wp\/v2\/tags?post=352099"}],"curies":[{"name":"wp","href":"https:\/\/api.w.org\/{rel}","templated":true}]}}