{"id":352141,"date":"2025-08-29T13:03:10","date_gmt":"2025-08-29T13:03:10","guid":{"rendered":"https:\/\/www.europesays.com\/fr\/352141\/"},"modified":"2025-08-29T13:03:10","modified_gmt":"2025-08-29T13:03:10","slug":"le-principal-probleme-de-la-france-est-lirresponsabilite-de-sa-classe-politique","status":"publish","type":"post","link":"https:\/\/www.europesays.com\/fr\/352141\/","title":{"rendered":"Le principal probl\u00e8me de la France est \u201cl\u2019irresponsabilit\u00e9 de sa classe politique\u201d"},"content":{"rendered":"\n<p>En se soumettant \u00e0 un vote de confiance que les oppositions sont incapables de lui accorder, Fran\u00e7ois Bayrou plonge l\u2019Hexagone dans l\u2019inconnu et les march\u00e9s ne s\u2019y trompent pas. La menace d\u2019un choc comparable \u00e0 la crise grecque n\u2019est pas d\u2019actualit\u00e9, mais la mise \u00e0 l\u2019arr\u00eat d\u2019une \u00e9conomie qui ne sait pas o\u00f9 elle va menace bien de pousser la France encore plus loin dans le cercle vicieux qui s\u2019est empar\u00e9 d\u2019elle. Et le pays ne pourra s\u2019en prendre qu\u2019\u00e0 lui-m\u00eame, car les conditions \u00e9conomiques de base sont loin d\u2019expliquer \u00e0 elles seules ces errances.<\/p>\n<p>Les voyants ne sont s\u00fbrement pas tous au vert, mais l\u2019\u00e9conomie fran\u00e7aise et la capacit\u00e9 du pays \u00e0 rembourser ses dettes ne se portent pas si mal. Le choc supr\u00eame ne devrait pas se profiler \u00e0 court terme. Les Fran\u00e7ais et surtout leurs \u00e9lus semblent cependant vouloir tout faire pour que le pays finisse par toucher le fond. Et si choc il doit y avoir, ce sera davantage l\u2019inaptitude \u00e0 se mettre d\u2019accord et \u00e0 prendre en main l\u2019int\u00e9r\u00eat commun qui aura fait tomber la France.<\/p>\n<p>Plus encore que sa d\u00e9pendance \u00e0 la d\u00e9pense publique ou son incapacit\u00e9 \u00e0 cr\u00e9er de la croissance, notamment par le travail et la productivit\u00e9, le principal probl\u00e8me de la France repose en effet sur l\u2019irresponsabilit\u00e9 de sa classe politique.<\/p>\n<p> La menace de \u201cl\u2019inconstance politi                                     <strong class=\"paywall-title\">Cet article est r\u00e9serv\u00e9 aux\u00a0abonn\u00e9s.<\/strong>   <\/p>\n<p class=\"paywall-text\">Profitez de\u00a0l\u2019offre sp\u00e9ciale num\u00e9rique pour acc\u00e9der \u00e0\u00a0l\u2019int\u00e9gralit\u00e9 de\u00a0nos contenus en\u00a0illimit\u00e9.<\/p>\n<p class=\"article-authors\">                         <a href=\"https:\/\/www.courrierinternational.com\/auteur\/paul-ackermann\" target=\"_blank\" rel=\"noopener\">Paul Ackermann<\/a>    <\/p>\n<p class=\"article-vo\"><a href=\"https:\/\/www.letemps.ch\/opinions\/editoriaux\/quand-la-france-cree-les-conditions-de-sa-propre-chute\" rel=\"noopener\" target=\"_blank\">Lire l\u2019article original<\/a><\/p>\n<p>Source de l\u2019article<\/p>\n<p>   <img decoding=\"async\" class=\"source-logo\" src=\"https:\/\/www.europesays.com\/fr\/wp-content\/uploads\/2025\/08\/ac72b59_1643653404494-le-temps.jpg\"  alt=\"Logo\" loading=\"lazy\" width=\"32\" height=\"32\"\/>  Le Temps  (Gen\u00e8ve)       <\/p>\n<p>Fond\u00e9 en mars 1998, Le Temps est un quotidien g\u00e9n\u00e9raliste francophone de dimension nationale en Suisse. Il r\u00e9sulte du regroupement du Journal de Gen\u00e8ve &amp; Gazette de Lausanne et du Nouveau Quotidien.<\/p>\n<p>Depuis janvier 2021, Le Temps appartient \u00e0 la Fondation Aventinus, fondation suisse \u00e0 but non lucratif fond\u00e9e en octobre 2019 qui a pour but principal de soutenir et stimuler l\u2019existence de \u201cm\u00e9dias autonomes, diversifi\u00e9s et de qualit\u00e9\u201d.<\/p>\n<p>Il emploie environ 150 collaboratrices et collaborateurs, dont des correspondants \u00e0 Miami, Paris et Bruxelles et s\u2019appuie sur un solide r\u00e9seau de pigistes dans le monde entier.<\/p>\n<p>      <a href=\"https:\/\/www.courrierinternational.com\/notule-source\/le-temps-1\" class=\"source-link\" target=\"_blank\" rel=\"noopener\">Lire la suite<\/a>                 <\/p>\n<p>Nos services<\/p>\n","protected":false},"excerpt":{"rendered":"En se soumettant \u00e0 un vote de confiance que les oppositions sont incapables de lui accorder, Fran\u00e7ois Bayrou&hellip;\n","protected":false},"author":2,"featured_media":352142,"comment_status":"","ping_status":"","sticky":false,"template":"","format":"standard","meta":{"footnotes":""},"categories":[4],"tags":[11,674,1011,27,15763,3821,12,316,25],"class_list":{"0":"post-352141","1":"post","2":"type-post","3":"status-publish","4":"format-standard","5":"has-post-thumbnail","7":"category-france","8":"tag-actualites","9":"tag-europe","10":"tag-fr","11":"tag-france","12":"tag-franu00e7ois-bayrou","13":"tag-la-france-vue-de-lu2019u00e9tranger","14":"tag-news","15":"tag-politique","16":"tag-republique-francaise"},"share_on_mastodon":{"url":"https:\/\/pubeurope.com\/@fr\/115112195561513034","error":""},"_links":{"self":[{"href":"https:\/\/www.europesays.com\/fr\/wp-json\/wp\/v2\/posts\/352141","targetHints":{"allow":["GET"]}}],"collection":[{"href":"https:\/\/www.europesays.com\/fr\/wp-json\/wp\/v2\/posts"}],"about":[{"href":"https:\/\/www.europesays.com\/fr\/wp-json\/wp\/v2\/types\/post"}],"author":[{"embeddable":true,"href":"https:\/\/www.europesays.com\/fr\/wp-json\/wp\/v2\/users\/2"}],"replies":[{"embeddable":true,"href":"https:\/\/www.europesays.com\/fr\/wp-json\/wp\/v2\/comments?post=352141"}],"version-history":[{"count":0,"href":"https:\/\/www.europesays.com\/fr\/wp-json\/wp\/v2\/posts\/352141\/revisions"}],"wp:featuredmedia":[{"embeddable":true,"href":"https:\/\/www.europesays.com\/fr\/wp-json\/wp\/v2\/media\/352142"}],"wp:attachment":[{"href":"https:\/\/www.europesays.com\/fr\/wp-json\/wp\/v2\/media?parent=352141"}],"wp:term":[{"taxonomy":"category","embeddable":true,"href":"https:\/\/www.europesays.com\/fr\/wp-json\/wp\/v2\/categories?post=352141"},{"taxonomy":"post_tag","embeddable":true,"href":"https:\/\/www.europesays.com\/fr\/wp-json\/wp\/v2\/tags?post=352141"}],"curies":[{"name":"wp","href":"https:\/\/api.w.org\/{rel}","templated":true}]}}