{"id":352150,"date":"2025-08-29T13:10:16","date_gmt":"2025-08-29T13:10:16","guid":{"rendered":"https:\/\/www.europesays.com\/fr\/352150\/"},"modified":"2025-08-29T13:10:16","modified_gmt":"2025-08-29T13:10:16","slug":"ca-naurait-pas-du-arriver","status":"publish","type":"post","link":"https:\/\/www.europesays.com\/fr\/352150\/","title":{"rendered":"\u00c7a n&rsquo;aurait pas d\u00fb arriver"},"content":{"rendered":"<p>Alors que la r\u00e9glementation actuelle de la F1 touche \u00e0 sa fin, les gains sont de plus en plus difficiles \u00e0 trouver sans porter atteinte au fragile \u00e9quilibre a\u00e9rodynamique des monoplaces actuelles. Mais le processus d&rsquo;\u00e9volution est plus difficile pour certaines \u00e9quipes que pour d&rsquo;autres et, dans ce domaine, <a href=\"https:\/\/fr.motorsport.com\/team\/aston-martin\/806\/\" target=\"_blank\" rel=\"noopener\">Aston Martin<\/a> peine depuis deux ans \u00e0 am\u00e9liorer sensiblement le potentiel de ses monoplaces.<\/p>\n<p>Non pas que la structure de Silverstone n&rsquo;est pas capable de produire de nouvelle pi\u00e8ces, elle est au contraire l&rsquo;une des plus actives, mais celles-ci ont rarement apport\u00e9 ce qui \u00e9tait attendu d&rsquo;elles au vu des simulations. \u00ab\u00a0On apprend de nos erreurs et on apprend des choses qui n&rsquo;ont pas fonctionn\u00e9\u00a0\u00bb, a d\u00e9clar\u00e9 Alonso lorsque <strong>Motorsport.com<\/strong> lui a demand\u00e9 dans quelle mesure l&rsquo;exp\u00e9rience des am\u00e9liorations qui n&rsquo;en sont pas pouvait \u00eatre utile dans l&rsquo;\u00e9valuation de nouvelles pistes de d\u00e9veloppement.<\/p>\n<blockquote>\n<p>Il y a eu des erreurs dans le processus de conception, de production et dans la conviction que cela rendrait la voiture plus rapide.<\/p>\n<\/blockquote>\n<p>\u00ab\u00a0Mais je ne pense pas que ce soit une bonne chose d&rsquo;avoir apport\u00e9 des am\u00e9liorations qui n&rsquo;ont pas donn\u00e9 les r\u00e9sultats escompt\u00e9s. Il y a donc eu des erreurs dans le processus de conception, de production et dans la conviction que cela rendrait la voiture plus rapide. Et lorsque ces pi\u00e8ces ne rendent pas la voiture plus rapide, il faut revenir en arri\u00e8re et d\u00e9terminer o\u00f9 l&rsquo;erreur a \u00e9t\u00e9 commise. Et comme je l&rsquo;ai dit, m\u00eame si nous en tirons des le\u00e7ons, cela n&rsquo;aurait jamais d\u00fb se produire. Parce que c&rsquo;est la Formule 1, pas une acad\u00e9mie o\u00f9 on teste des choses. Ici, il faut avoir des r\u00e9sultats.\u00a0\u00bb<\/p>\n<p>   <img decoding=\"async\" draggable=\"false\" src=\"https:\/\/www.europesays.com\/fr\/wp-content\/uploads\/2025\/08\/1754392095_865_fernando-alonso-aston-martin-r.jpg\" alt=\"Fernando Alonso (Aston Martin)\" width=\"1200\" height=\"800\" loading=\"lazy\"\/> <\/p>\n<p class=\"title\">Fernando Alonso (Aston Martin)<\/p>\n<p class=\"photographer\">Photo de: James Sutton \/ Formula 1 \/ Formula Motorsport Ltd via Getty Images<\/p>\n<p>L&rsquo;an pass\u00e9, l&rsquo;introduction spectaculaire d&rsquo;un nouvel aileron avant, d&rsquo;une nouvelle carrosserie et d&rsquo;un nouveau plancher au GP des \u00c9tats-Unis s&rsquo;\u00e9tait tout aussi spectaculairement sold\u00e9e par un retour en arri\u00e8re cuisant au GP de Mexico. Une situation qui avait alors justifi\u00e9 <a href=\"https:\/\/fr.motorsport.com\/f1\/news\/aston-martin-directeur-technique-quitter-poste\/10672402\/\" target=\"_self\" rel=\"noopener\">une nouvelle restructuration interne avec l&rsquo;\u00e9viction de Dan Fallows<\/a> de son poste de directeur technique et la nomination d&rsquo;Andy Cowell au poste de team principal.<\/p>\n<p>Les probl\u00e8mes des saisons pr\u00e9c\u00e9dentes n&rsquo;ont pas aid\u00e9 l&rsquo;AMR25 \u00e0 \u00eatre comp\u00e9titive d&rsquo;entr\u00e9e, mais les \u00e9volutions n&rsquo;ont pas v\u00e9ritablement permis de faire une immense diff\u00e9rence. Aston Martin a ainsi apport\u00e9 son premier gros package \u00e0 Imola, avec entre autres un nouveau plancher et un nouveau diffuseur. Une comparaison directe a d&rsquo;abord \u00e9t\u00e9 men\u00e9e en piste entre Alonso et <a href=\"https:\/\/fr.motorsport.com\/driver\/lance-stroll\/96414\/\" target=\"_blank\" rel=\"noopener\">Lance Stroll<\/a>, traduisant une approche prudente et pas forc\u00e9ment une immense confiance dans les donn\u00e9es issues des simulations.<\/p>\n<p>Si du mieux a d&rsquo;abord \u00e9t\u00e9 not\u00e9 en qualifications, avec un double passage en Q3, aucun point n&rsquo;a \u00e9t\u00e9 retir\u00e9 en course. Beaucoup de tra\u00een\u00e9e et un comportement erratique ont continu\u00e9 \u00e0 g\u00eaner le travail des pilotes, en d\u00e9pit d&rsquo;un nouveau gros package \u00e0 Silverstone qu&rsquo;Alonso a pourtant d\u00e9crit comme \u00ab\u00a0un petit progr\u00e8s\u00a0\u00bb en termes de performance. Des ailerons sp\u00e9cifiques \u00e0 certains circuits ont \u00e9t\u00e9 introduits depuis, et la structure n&rsquo;exclut pas de continuer \u00e0 apporter de nouvelles pi\u00e8ces d&rsquo;ici la fin de saison.<\/p>\n<blockquote>\n<p>Un pilote a \u00e9galement le droit de critiquer. Dans ce cas, je pense que c&rsquo;est justifi\u00e9.<\/p>\n<\/blockquote>\n<p>Face aux critiques de ce jeudi \u00e0 Zandvoort, Mike Krack &#8211; aujourd&rsquo;hui responsable des op\u00e9rations piste d&rsquo;Aston mais qui fut durant une grande partie de cette p\u00e9riode le directeur de l&rsquo;\u00e9curie -, n&rsquo;a pas manqu\u00e9 d&rsquo;acquiescer : \u00ab\u00a0Je pense que nous voyons les choses de la m\u00eame mani\u00e8re\u00a0\u00bb, a-t-il d\u00e9clar\u00e9 pour l&rsquo;ORF. \u00ab\u00a0Et un pilote a \u00e9galement le droit de critiquer.\u00a0\u00bb <\/p>\n<p>\u00ab\u00a0Dans ce cas, je pense que c&rsquo;est justifi\u00e9. Au cours des deux ou trois derni\u00e8res ann\u00e9es, nous avons connu des difficult\u00e9s dans la course au d\u00e9veloppement et nous avons parfois \u00e9chou\u00e9 \u00e0 mettre en place des am\u00e9liorations efficaces. La critique est donc justifi\u00e9e. Mais nous nous critiquons \u00e9galement nous-m\u00eames ; nous n&rsquo;avons pas besoin que cela vienne de l&rsquo;ext\u00e9rieur. N\u00e9anmoins, il a tout \u00e0 fait le droit de s&rsquo;exprimer.\u00a0\u00bb<\/p>\n<p>Cowell optimiste malgr\u00e9 tout<br \/>\n   <img decoding=\"async\" draggable=\"false\" src=\"https:\/\/www.europesays.com\/fr\/wp-content\/uploads\/2025\/08\/andy-cowell-team-principal-and.jpg\" alt=\"Andy Cowell, PDG et directeur d'Aston Martin F1.\" width=\"1200\" height=\"800\" loading=\"lazy\"\/> <\/p>\n<p class=\"title\">Andy Cowell, PDG et directeur d&rsquo;Aston Martin F1.<\/p>\n<p class=\"photographer\">Photo de: Zak Mauger \/ LAT Images via Getty Images<\/p>\n<p>En Hongrie, Cowell a d\u00e9clar\u00e9 en exclusivit\u00e9 \u00e0 <strong>Motorsport.com<\/strong> que ce processus jug\u00e9 malgr\u00e9 tout positif \u00e9tait le r\u00e9sultat des essais r\u00e9alis\u00e9s dans la nouvelle soufflerie du \u00ab\u00a0campus technologique\u00a0\u00bb d&rsquo;Aston Martin \u00e0 Silverstone, apr\u00e8s des recherches men\u00e9es d&rsquo;abord dans la soufflerie <a href=\"https:\/\/fr.motorsport.com\/team\/mercedes\/611\/\" target=\"_blank\" rel=\"noopener\">Mercedes<\/a>, puis dans ses nouvelles installations. L&rsquo;\u00e9volution d&rsquo;Imola devait \u00eatre la derni\u00e8re de la saison, mais elle s&rsquo;est av\u00e9r\u00e9e suffisamment encourageante pour que Cowell autorise la poursuite du d\u00e9veloppement, bien que de mani\u00e8re limit\u00e9e.<\/p>\n<p>\u00ab\u00a0Nous savons que l&rsquo;ann\u00e9e derni\u00e8re, nous avons remport\u00e9 le championnat du nombre d&rsquo;\u00e9volutions\u00a0\u00bb, a-t-il d\u00e9clar\u00e9. \u00ab\u00a0Cela signifie que tout le monde a fourni des efforts consid\u00e9rables, des a\u00e9rodynamiciens aux designers, en passant par les concepteurs de composites, la cha\u00eene d&rsquo;approvisionnement, la fabrication interne, les \u00e9quipes charg\u00e9es de pr\u00e9parer tout le mat\u00e9riel pour les circuits et les m\u00e9caniciens sur place pour installer les nouvelles pi\u00e8ces. Et si vous n&rsquo;obtenez pas en retour la r\u00e9compense d&rsquo;une am\u00e9lioration du temps au tour, ce n&rsquo;est pas une situation tr\u00e8s agr\u00e9able. Ce n&rsquo;est pas bon pour la confiance d&rsquo;une organisation ou pour son moral.\u00a0\u00bb<\/p>\n<p>\u00ab\u00a0Il \u00e9tait donc important d&rsquo;attendre Imola pour s&rsquo;assurer que tout \u00e9tait en place. Nous \u00e9tions pr\u00eats, nous avons dit que nous lancerions les am\u00e9liorations lorsqu&rsquo;elles seraient pr\u00eates. Et c&rsquo;est pourquoi la joie que nous avons ressentie lors du d\u00e9briefing que nous avons fait apr\u00e8s Imola \u00e9tait formidable. Et maintenant, nous devons simplement nous appuyer l\u00e0-dessus. Nous devons approfondir notre compr\u00e9hension du monde de la physique des fluides et de l&rsquo;a\u00e9rodynamique, jusqu&rsquo;\u00e0 nos outils d&rsquo;analyse, afin d&rsquo;avoir encore plus confiance dans le travail que nous accomplissons pour 2026 et au-del\u00e0.\u00a0\u00bb<\/p>\n<p>Si cela donne une image rassurante de l&rsquo;avenir, Alonso et Stroll devront encore passer le cap de 2025. Et dans ce domaine, course apr\u00e8s course, ils se retrouveront face \u00e0 une voiture qui s&rsquo;est qualifi\u00e9e en fond de grille en Belgique, avant de n&rsquo;\u00eatre qu&rsquo;\u00e0 un dixi\u00e8me de la pole en Hongrie une semaine plus tard. Et ils se demanderont sans doute quelle facette de sa \u00ab\u00a0personnalit\u00e9\u00a0\u00bb vont-ils encore d\u00e9couvrir.<\/p>\n<p style=\"text-align: right;\">Avec Filip Cleeren<\/p>\n<p>Lire aussi :<\/p>\n<p>Dans cet article<\/p>\n<p>Soyez le premier inform\u00e9 et souscrivez aux alertes mails pour recevoir les infos en temps r\u00e9el<\/p>\n<p>    S&rsquo;abonner aux alertes de news<\/p>\n","protected":false},"excerpt":{"rendered":"Alors que la r\u00e9glementation actuelle de la F1 touche \u00e0 sa fin, les gains sont de plus en&hellip;\n","protected":false},"author":2,"featured_media":352151,"comment_status":"","ping_status":"","sticky":false,"template":"","format":"standard","meta":{"footnotes":""},"categories":[1412],"tags":[48880,1709,1451,1710,1452,1453,1454,1455,1011,27,33818,60,42781],"class_list":{"0":"post-352150","1":"post","2":"type-post","3":"status-publish","4":"format-standard","5":"has-post-thumbnail","7":"category-f1","8":"tag-alonso-et-lu00e9chec-des-u00e9volutions-astonu00a0-u00c7a-naurait-pas-du00fb-arriver","9":"tag-aston-martin","10":"tag-f1","11":"tag-fernando-alonso","12":"tag-formula-1","13":"tag-formula1","14":"tag-formule-1","15":"tag-formule1","16":"tag-fr","17":"tag-france","18":"tag-gp-des-pays-bas","19":"tag-sports","20":"tag-zandvoort"},"share_on_mastodon":{"url":"https:\/\/pubeurope.com\/@fr\/115112223291899959","error":""},"_links":{"self":[{"href":"https:\/\/www.europesays.com\/fr\/wp-json\/wp\/v2\/posts\/352150","targetHints":{"allow":["GET"]}}],"collection":[{"href":"https:\/\/www.europesays.com\/fr\/wp-json\/wp\/v2\/posts"}],"about":[{"href":"https:\/\/www.europesays.com\/fr\/wp-json\/wp\/v2\/types\/post"}],"author":[{"embeddable":true,"href":"https:\/\/www.europesays.com\/fr\/wp-json\/wp\/v2\/users\/2"}],"replies":[{"embeddable":true,"href":"https:\/\/www.europesays.com\/fr\/wp-json\/wp\/v2\/comments?post=352150"}],"version-history":[{"count":0,"href":"https:\/\/www.europesays.com\/fr\/wp-json\/wp\/v2\/posts\/352150\/revisions"}],"wp:featuredmedia":[{"embeddable":true,"href":"https:\/\/www.europesays.com\/fr\/wp-json\/wp\/v2\/media\/352151"}],"wp:attachment":[{"href":"https:\/\/www.europesays.com\/fr\/wp-json\/wp\/v2\/media?parent=352150"}],"wp:term":[{"taxonomy":"category","embeddable":true,"href":"https:\/\/www.europesays.com\/fr\/wp-json\/wp\/v2\/categories?post=352150"},{"taxonomy":"post_tag","embeddable":true,"href":"https:\/\/www.europesays.com\/fr\/wp-json\/wp\/v2\/tags?post=352150"}],"curies":[{"name":"wp","href":"https:\/\/api.w.org\/{rel}","templated":true}]}}