{"id":352161,"date":"2025-08-29T13:16:11","date_gmt":"2025-08-29T13:16:11","guid":{"rendered":"https:\/\/www.europesays.com\/fr\/352161\/"},"modified":"2025-08-29T13:16:11","modified_gmt":"2025-08-29T13:16:11","slug":"ca-bouge-sur-canal-voici-tous-les-changements-apportes-des-le-1er-septembre-2025","status":"publish","type":"post","link":"https:\/\/www.europesays.com\/fr\/352161\/","title":{"rendered":"\u00c7a bouge sur Canal+ ! Voici tous les changements apport\u00e9s d\u00e8s le 1er septembre 2025"},"content":{"rendered":"<p class=\"sc-29e2a271-0 jjhUrQ\">Canal+ pr\u00e9pare une rentr\u00e9e visiblement rythm\u00e9e, avec un plan de service qui modifie tout de m\u00eame pas mal son offre t\u00e9l\u00e9visuelle \u00e0 compter du 1er septembre 2025. Entre l&rsquo;arriv\u00e9e de Novo19, la nouvelle cha\u00eene g\u00e9n\u00e9raliste du groupe Ouest France ax\u00e9e sur \u00ab\u00a0La vie, en vrai\u00a0\u00bb, et la suppression d\u00e9finitive des cinq canaux DAZN d\u00e9j\u00e0 \u00e9teints depuis d\u00e9but ao\u00fbt, les t\u00e9l\u00e9spectateurs vont d\u00e9couvrir une grille remani\u00e9e. Les mordus de sport automobile b\u00e9n\u00e9ficient aussi de nouvelles fonctionnalit\u00e9s exclusives. On fait le tour !<\/p>\n","protected":false},"excerpt":{"rendered":"Canal+ pr\u00e9pare une rentr\u00e9e visiblement rythm\u00e9e, avec un plan de service qui modifie tout de m\u00eame pas mal&hellip;\n","protected":false},"author":2,"featured_media":352162,"comment_status":"","ping_status":"","sticky":false,"template":"","format":"standard","meta":{"footnotes":""},"categories":[1356],"tags":[58,59,1011,27,252,1364],"class_list":{"0":"post-352161","1":"post","2":"type-post","3":"status-publish","4":"format-standard","5":"has-post-thumbnail","7":"category-television","8":"tag-divertissement","9":"tag-entertainment","10":"tag-fr","11":"tag-france","12":"tag-television","13":"tag-tv"},"share_on_mastodon":{"url":"https:\/\/pubeurope.com\/@fr\/115112246305315490","error":""},"_links":{"self":[{"href":"https:\/\/www.europesays.com\/fr\/wp-json\/wp\/v2\/posts\/352161","targetHints":{"allow":["GET"]}}],"collection":[{"href":"https:\/\/www.europesays.com\/fr\/wp-json\/wp\/v2\/posts"}],"about":[{"href":"https:\/\/www.europesays.com\/fr\/wp-json\/wp\/v2\/types\/post"}],"author":[{"embeddable":true,"href":"https:\/\/www.europesays.com\/fr\/wp-json\/wp\/v2\/users\/2"}],"replies":[{"embeddable":true,"href":"https:\/\/www.europesays.com\/fr\/wp-json\/wp\/v2\/comments?post=352161"}],"version-history":[{"count":0,"href":"https:\/\/www.europesays.com\/fr\/wp-json\/wp\/v2\/posts\/352161\/revisions"}],"wp:featuredmedia":[{"embeddable":true,"href":"https:\/\/www.europesays.com\/fr\/wp-json\/wp\/v2\/media\/352162"}],"wp:attachment":[{"href":"https:\/\/www.europesays.com\/fr\/wp-json\/wp\/v2\/media?parent=352161"}],"wp:term":[{"taxonomy":"category","embeddable":true,"href":"https:\/\/www.europesays.com\/fr\/wp-json\/wp\/v2\/categories?post=352161"},{"taxonomy":"post_tag","embeddable":true,"href":"https:\/\/www.europesays.com\/fr\/wp-json\/wp\/v2\/tags?post=352161"}],"curies":[{"name":"wp","href":"https:\/\/api.w.org\/{rel}","templated":true}]}}