{"id":352163,"date":"2025-08-29T13:17:12","date_gmt":"2025-08-29T13:17:12","guid":{"rendered":"https:\/\/www.europesays.com\/fr\/352163\/"},"modified":"2025-08-29T13:17:12","modified_gmt":"2025-08-29T13:17:12","slug":"que-ce-soit-clair-apres-2-ans-dabsence-stromae-fait-enfin-son-grand-retour-son-annonce-inattendue","status":"publish","type":"post","link":"https:\/\/www.europesays.com\/fr\/352163\/","title":{"rendered":"\u00ab\u00a0Que ce soit clair\u00a0\u00bb : apr\u00e8s 2 ans d\u2019absence Stromae fait enfin son grand retour, son annonce inattendue"},"content":{"rendered":"<p>      R\u00e9sum\u00e9<\/p>\n<p>Stromae revient en musique avec un nouveau duo \u00e9lectro, accompagn\u00e9 d\u2019un clip in\u00e9dit, marquant un retour tr\u00e8s attendu apr\u00e8s une longue pause.<\/p>\n<p>        Sommaire<\/p>\n<p>Les fans <a href=\"https:\/\/www.public.fr\/stromae-gravement-malade-ce-medicament-qui-a-failli-le-detruire\" target=\"_blank\" rel=\"noopener\">s&rsquo;inqui\u00e8tent toujours de retrouver Stromae au top<\/a>, apr\u00e8s l&rsquo;annulation de sa tourn\u00e9e mondiale en 2023 pour raisons de sant\u00e9. Qu&rsquo;ils se rassurent, <strong>le chanteur de 40 ans publie du nouveau <\/strong>ce 29 ao\u00fbt 2025 !<\/p>\n<p>Apr\u00e8s la sortie fin 2024, de \u00ab\u00a0Ma meilleure ennemie\u00a0\u00bb en duo avec Pomme, bande originale de la s\u00e9rie \u00ab\u00a0Arcane\u00a0\u00bb, sur Netflix, <a href=\"https:\/\/www.public.fr\/stromae-absent-de-la-scene-le-chanteur-apercu-en-espagne\" target=\"_blank\" rel=\"noopener\">Stromae a un autre duo en stock<\/a>.<\/p>\n<p>Il a collabor\u00e9 avec un <strong>grand nom de l&rsquo;\u00e9lectro, le DJ allemand Paul Kalkbrenner<\/strong>. Ce dernier a diffus\u00e9 le fruit de leur travail tout l&rsquo;\u00e9t\u00e9, pendant des festivals. Et il va d\u00e9sormais pouvoir toucher le grand public. <\/p>\n<p>Une nouvelle chanson pour la rentr\u00e9e<\/p>\n<p>En effet, ce vendredi, sur Youtube, un clip de la chanson \u00ab\u00a0Que ce soit clair\u00a0\u00bb est sorti, en m\u00eame temps que sur les plateformes de streaming. Reprenant l&rsquo;esth\u00e9tique du clip \u00ab\u00a0Smack My Bitch Up\u00a0\u00bb du groupe Prodigy (la violence en moins), la vid\u00e9o est <strong>film\u00e9e depuis la perspective du narrateur.<\/strong> <\/p>\n<p>On suit ainsi <strong>Stromae alors qu&rsquo;il entre dans une soir\u00e9<\/strong>e. Puis, il int\u00e8gre le cosmos que dirige le DJ allemand. Le chanteur y d\u00e9clare : \u00ab\u00a0Que ce soit clair, oui, comme un fou, j&rsquo;l&rsquo;aime \/ Un peu comme un fou, j&rsquo;l&rsquo;aime \/ Soit trop belle ou pas assez \/ Oui, mais j&rsquo;m&rsquo;en fous, j&rsquo;l&rsquo;aime\u00a0\u00bb.<\/p>\n<p>Et d&rsquo;ajouter : \u00ab\u00a0Tel ou tel a dit ceci \/ Ouais, mais j&rsquo;m&rsquo;en fous, j&rsquo;l&rsquo;aime \/ Qu&rsquo;elle soit belge, am\u00e9ricaine ou qu&rsquo;elle soit roumaine \/ M\u00eame si notre amour g\u00eane \/ Un peu comme un fou, j&rsquo;l&rsquo;aime\u00a0\u00bb.<\/p>\n<p>Stromae pallie \u00e0 ses absences<\/p>\n<p>Il s&rsquo;agit de la deuxi\u00e8me collaboration du Belge avec Paul Kalkbrenner. En effet, le duo avait d\u00e9j\u00e0 produit un remix de \u00ab\u00a0Te quiero\u00a0\u00bb en 2009, ensemble.<\/p>\n<p>Et ce n&rsquo;est pas le seul cadeau de 2025 que propose Stromae \u00e0 ses fans, loin s&rsquo;en faut. Fin 2024, en effet, le mari de Coralie Barbier<strong> avait mis en ligne Multitude, le film sur YouTube. <\/strong><\/p>\n<p>Un cadeau de No\u00ebl un peu en avance. Il s&rsquo;agit de la captation du <a href=\"https:\/\/vsd.fr\/5527-retour-stromae-explique-les-raisons-de-sa-longue-absence\/\" target=\"_blank\" rel=\"noopener\">concert de sa tourn\u00e9e avort\u00e9e.<\/a> R\u00e9alis\u00e9 par Luc Van Haver et Cyprien Delire, il a \u00e9galement \u00e9t\u00e9 diffus\u00e9 sur TMC et TF1+.<\/p>\n<p>      Mentionn\u00e9s dans cet article<\/p>\n<p>      Sur le m\u00eame sujet<\/p>\n","protected":false},"excerpt":{"rendered":"R\u00e9sum\u00e9 Stromae revient en musique avec un nouveau duo \u00e9lectro, accompagn\u00e9 d\u2019un clip in\u00e9dit, marquant un retour tr\u00e8s&hellip;\n","protected":false},"author":2,"featured_media":352164,"comment_status":"","ping_status":"","sticky":false,"template":"","format":"standard","meta":{"footnotes":""},"categories":[1355],"tags":[58,59,1011,27,1361,873,6384,6441],"class_list":{"0":"post-352163","1":"post","2":"type-post","3":"status-publish","4":"format-standard","5":"has-post-thumbnail","7":"category-musique","8":"tag-divertissement","9":"tag-entertainment","10":"tag-fr","11":"tag-france","12":"tag-music","13":"tag-musique","14":"tag-musique-electronique","15":"tag-stromae"},"share_on_mastodon":{"url":"https:\/\/pubeurope.com\/@fr\/115112250268304019","error":""},"_links":{"self":[{"href":"https:\/\/www.europesays.com\/fr\/wp-json\/wp\/v2\/posts\/352163","targetHints":{"allow":["GET"]}}],"collection":[{"href":"https:\/\/www.europesays.com\/fr\/wp-json\/wp\/v2\/posts"}],"about":[{"href":"https:\/\/www.europesays.com\/fr\/wp-json\/wp\/v2\/types\/post"}],"author":[{"embeddable":true,"href":"https:\/\/www.europesays.com\/fr\/wp-json\/wp\/v2\/users\/2"}],"replies":[{"embeddable":true,"href":"https:\/\/www.europesays.com\/fr\/wp-json\/wp\/v2\/comments?post=352163"}],"version-history":[{"count":0,"href":"https:\/\/www.europesays.com\/fr\/wp-json\/wp\/v2\/posts\/352163\/revisions"}],"wp:featuredmedia":[{"embeddable":true,"href":"https:\/\/www.europesays.com\/fr\/wp-json\/wp\/v2\/media\/352164"}],"wp:attachment":[{"href":"https:\/\/www.europesays.com\/fr\/wp-json\/wp\/v2\/media?parent=352163"}],"wp:term":[{"taxonomy":"category","embeddable":true,"href":"https:\/\/www.europesays.com\/fr\/wp-json\/wp\/v2\/categories?post=352163"},{"taxonomy":"post_tag","embeddable":true,"href":"https:\/\/www.europesays.com\/fr\/wp-json\/wp\/v2\/tags?post=352163"}],"curies":[{"name":"wp","href":"https:\/\/api.w.org\/{rel}","templated":true}]}}