{"id":352165,"date":"2025-08-29T13:18:12","date_gmt":"2025-08-29T13:18:12","guid":{"rendered":"https:\/\/www.europesays.com\/fr\/352165\/"},"modified":"2025-08-29T13:18:12","modified_gmt":"2025-08-29T13:18:12","slug":"emma-stone-est-elle-une-alien-dans-la-bande-annonce-completement-barree-de-bugonia","status":"publish","type":"post","link":"https:\/\/www.europesays.com\/fr\/352165\/","title":{"rendered":"Emma Stone est-elle une alien dans la bande-annonce compl\u00e8tement barr\u00e9e de Bugonia ?"},"content":{"rendered":"<p><strong><a href=\"https:\/\/www.ecranlarge.com\/films\/bugonia\" data-type=\"films\" data-id=\"1284757\" rel=\"nofollow noopener\" target=\"_blank\">Bugonia<\/a>, la prochaine com\u00e9die noire de\u00a0<a href=\"https:\/\/www.ecranlarge.com\/personnalite\/965354-yorgos-lanthimos\" data-type=\"people\" data-id=\"473655\" rel=\"nofollow noopener\" target=\"_blank\">Y\u00f3rgos L\u00e1nthimos<\/a>\u00a0avec <a href=\"https:\/\/www.ecranlarge.com\/personnalite\/695821-emma-stone\" data-type=\"people\" data-id=\"343962\" rel=\"nofollow noopener\" target=\"_blank\">Emma Stone<\/a>, se dote d\u2019une nouvelle bande-annonce compl\u00e8tement barr\u00e9e.\u00a0<\/strong><\/p>\n<p>La premi\u00e8re bande-annonce de <strong>Bugonia<\/strong> avait donn\u00e9 le ton de cette histoire grotesque dans laquelle deux ouvriers (<a href=\"https:\/\/www.ecranlarge.com\/personnalite\/689048-jesse-plemons\" data-type=\"people\" data-id=\"337838\" rel=\"nofollow noopener\" target=\"_blank\">Jesse Plemmons<\/a> et <a href=\"https:\/\/www.ecranlarge.com\/personnalite\/aidan-delbis\" data-type=\"people\" data-id=\"1284763\" rel=\"nofollow noopener\" target=\"_blank\">Aidan Delbis<\/a>) kidnappent leur PDG, qu\u2019ils prennent pour une extra-terrestre. \u00c0 partir de l\u00e0, <strong>les situations toutes plus absurdes les unes que les autres<\/strong> semblent s\u2019encha\u00eener, pour le plus grand plaisir des fans du r\u00e9alisateur de <strong><a href=\"https:\/\/www.ecranlarge.com\/films\/938562-the-lobster\" data-type=\"films\" data-id=\"684663\" rel=\"nofollow noopener\" target=\"_blank\">The Lobster<\/a><\/strong> et <strong><a href=\"https:\/\/www.ecranlarge.com\/films\/965355-the-killing-of-a-sacred-deer\" data-type=\"films\" data-id=\"685436\" rel=\"nofollow noopener\" target=\"_blank\">Mise \u00e0 Mort du cerf sacr\u00e9<\/a><\/strong>.<\/p>\n<p>                    <img decoding=\"async\" alt=\"\" class=\"wp-image-518375\" style=\"object-fit:cover;width:25px;height:25px\" src=\"https:\/\/www.ecranlarge.com\/content\/uploads\/2023\/09\/arrow-right-circle.svg\"\/><\/p>\n<p>La deuxi\u00e8me et toute nouvelle bande-annonce en d\u00e9voile davantage sur cette histoire \u00e0 la fois absurde et \u00e9trangement cr\u00e9dible, remake du film sud-cor\u00e9en <strong><a href=\"https:\/\/www.ecranlarge.com\/films\/868724-save-the-green-planet\" data-type=\"films\" data-id=\"683858\" rel=\"nofollow noopener\" target=\"_blank\">Save the Green Planet!<\/a><\/strong> De <a href=\"https:\/\/www.ecranlarge.com\/personnalite\/831510-jang-joon-hwan\" data-type=\"people\" data-id=\"463704\" rel=\"nofollow noopener\" target=\"_blank\">Jang Joon-hwan<\/a>, qui marquera <strong>la quatri\u00e8me collaboration d\u2019Emma Stone et Y\u00f3rgos L\u00e1nthimos<\/strong> apr\u00e8s <strong><a href=\"https:\/\/www.ecranlarge.com\/films\/978459-the-favourite\" data-type=\"films\" data-id=\"685778\" rel=\"nofollow noopener\" target=\"_blank\">La Favorite<\/a><\/strong>, <strong><a href=\"https:\/\/www.ecranlarge.com\/films\/1370018-poor-things\" data-type=\"films\" data-id=\"690489\" rel=\"nofollow noopener\" target=\"_blank\">Pauvres cr\u00e9atures<\/a><\/strong> et <strong><a href=\"https:\/\/www.ecranlarge.com\/films\/1451213-and\" data-type=\"films\" data-id=\"693001\" rel=\"nofollow noopener\" target=\"_blank\">Kinds of Kindness<\/a><\/strong>. <strong>Nouvelles images, nouveau d\u00e9lire satirique<\/strong>, le tout battant au son de Good Luck, Babe!, le tube de Chappell Roan qui fait danser la Terre enti\u00e8re depuis 2024.<\/p>\n<p>Bugonia : complotistes et envahisseurs<\/p>\n<p>Si cette bande-annonce ne d\u00e9voile rien de radicalement diff\u00e9rent de ce qui avait \u00e9t\u00e9 vu dans la pr\u00e9c\u00e9dente (beaucoup d\u2019images en commun, utilisation d\u2019un tube pop, ambiance complotiste\u2026), <strong>elle pr\u00e9cise tout de m\u00eame pas mal de choses<\/strong>. Elle d\u00e9voile notamment ce qui sera sans doute le premier dialogue entre Emma Stone et Jesse Plemmons apr\u00e8s que le second a enlev\u00e9 la premi\u00e8re et lui a\u2026 ras\u00e9 les cheveux. Pour <strong>l\u2019emp\u00eacher de communiquer avec son vaisseau spatial<\/strong>, explique-t-il.<\/p>\n<p>Et pourquoi l\u2019a-t-il barbouill\u00e9e de blanc ? \u00c7a, il faudra attendre pour le savoir. Evidemment, dans un premier temps, ce qui transpara\u00eet, c\u2019est le c\u00f4t\u00e9 grotesque de voir deux hommes, s\u00fbrement un peu d\u00e9rang\u00e9s et d\u00e9vor\u00e9s par les th\u00e9ories du complot, kidnapper une femme au pr\u00e9texte qu\u2019elle serait une dangereuse extra-terrestre. Mais qui conna\u00eet un peu L\u00e1nthimos se doute qu\u2019<strong>il y aura bien plus, dans Bugonia, qu\u2019une lecture au premier degr\u00e9<\/strong> d\u2019\u00e9v\u00e9nements simplistes.<\/p>\n<p><a href=\"https:\/\/www.ecranlarge.com\/content\/uploads\/2025\/08\/image-16.png\" rel=\"nofollow noopener\" target=\"_blank\"><\/p>\n<p><img loading=\"lazy\" decoding=\"async\" alt=\"emma stone bugonia\" src=\"https:\/\/www.europesays.com\/fr\/wp-content\/uploads\/2025\/08\/image-16-1260x709.png\" width=\"1260\" height=\"709\"  \/><\/p>\n<p><\/a>Pauvre victime ou dangereuse alien ?<\/p>\n<p><strong>La satire politique et \u00e9cologique pointe d\u00e9j\u00e0 le bout de son nez<\/strong> dans ces quelques \u00e9changes qui soulignent l\u2019absurdit\u00e9 d\u2019un monde d\u00e9truit \u00e0 petit feu par des ultra-riches. Qui pourraient-ils \u00eatre, ces monstres, si ce n\u2019est des extra-terrestres ? Et si la th\u00e9orie des personnages de Jesse Plemmons et Aidan Delbis s\u2019av\u00e9rait vraie ? Et si Bugonia \u00e9tait une version comique de <strong>10 Cloverfield Lane<\/strong> ?<\/p>\n<p>\u00c0 moins que les spectateurs se rangent presque malgr\u00e9 eux du c\u00f4t\u00e9 de <strong>deux v\u00e9ritables psychopathes pr\u00eats \u00e0 s\u00e9questrer une femme<\/strong> pour r\u00e9pondre aux exigences de leur parano\u00efa ? Cette bande-annonce donne l\u2019impression que <strong>Bugonia<\/strong> sera aussi d\u00e9stabilisant que <strong>Kinds of Kindness<\/strong>, mais aussi mordant que <strong>La Favorite <\/strong>et surtout aussi pop que <strong>Pauvres Cr\u00e9atures<\/strong>. Vaste programme. On y croit ? Le film sera \u00e0 d\u00e9couvrir <strong>en salles d\u00e8s le 26 novembre 2025<\/strong>.\u00a0<\/p>\n","protected":false},"excerpt":{"rendered":"Bugonia, la prochaine com\u00e9die noire de\u00a0Y\u00f3rgos L\u00e1nthimos\u00a0avec Emma Stone, se dote d\u2019une nouvelle bande-annonce compl\u00e8tement barr\u00e9e.\u00a0 La premi\u00e8re&hellip;\n","protected":false},"author":2,"featured_media":352166,"comment_status":"","ping_status":"","sticky":false,"template":"","format":"standard","meta":{"footnotes":""},"categories":[1354],"tags":[58,59,1346,1011,27,1360],"class_list":{"0":"post-352165","1":"post","2":"type-post","3":"status-publish","4":"format-standard","5":"has-post-thumbnail","7":"category-films","8":"tag-divertissement","9":"tag-entertainment","10":"tag-films","11":"tag-fr","12":"tag-france","13":"tag-movies"},"share_on_mastodon":{"url":"https:\/\/pubeurope.com\/@fr\/115112254760329400","error":""},"_links":{"self":[{"href":"https:\/\/www.europesays.com\/fr\/wp-json\/wp\/v2\/posts\/352165","targetHints":{"allow":["GET"]}}],"collection":[{"href":"https:\/\/www.europesays.com\/fr\/wp-json\/wp\/v2\/posts"}],"about":[{"href":"https:\/\/www.europesays.com\/fr\/wp-json\/wp\/v2\/types\/post"}],"author":[{"embeddable":true,"href":"https:\/\/www.europesays.com\/fr\/wp-json\/wp\/v2\/users\/2"}],"replies":[{"embeddable":true,"href":"https:\/\/www.europesays.com\/fr\/wp-json\/wp\/v2\/comments?post=352165"}],"version-history":[{"count":0,"href":"https:\/\/www.europesays.com\/fr\/wp-json\/wp\/v2\/posts\/352165\/revisions"}],"wp:featuredmedia":[{"embeddable":true,"href":"https:\/\/www.europesays.com\/fr\/wp-json\/wp\/v2\/media\/352166"}],"wp:attachment":[{"href":"https:\/\/www.europesays.com\/fr\/wp-json\/wp\/v2\/media?parent=352165"}],"wp:term":[{"taxonomy":"category","embeddable":true,"href":"https:\/\/www.europesays.com\/fr\/wp-json\/wp\/v2\/categories?post=352165"},{"taxonomy":"post_tag","embeddable":true,"href":"https:\/\/www.europesays.com\/fr\/wp-json\/wp\/v2\/tags?post=352165"}],"curies":[{"name":"wp","href":"https:\/\/api.w.org\/{rel}","templated":true}]}}