{"id":352203,"date":"2025-08-29T13:38:18","date_gmt":"2025-08-29T13:38:18","guid":{"rendered":"https:\/\/www.europesays.com\/fr\/352203\/"},"modified":"2025-08-29T13:38:18","modified_gmt":"2025-08-29T13:38:18","slug":"tout-savoir-sur-le-fc-grenoble-avant-la-reprise-de-la-pro-d2","status":"publish","type":"post","link":"https:\/\/www.europesays.com\/fr\/352203\/","title":{"rendered":"Tout savoir sur le FC Grenoble avant la reprise de la Pro D2"},"content":{"rendered":"<p>Apr\u00e8s la terrible d\u00e9sillusion du mois de juin, les Grenoblois se doivent de relever la t\u00eate et repartir au combat pour conjurer la mal\u00e9diction. Recrues, pr\u00e9paration, Stade des Alpes, r\u00e9organisation sportive, budget \u2026 on fait le point sur l\u2019\u00e9quipe is\u00e9roise avant son retour \u00e0 la comp\u00e9tition.<\/p>\n<p><strong>Des d\u00e9parts importants, des arriv\u00e9es d\u2019exp\u00e9rience et des cadres renouvel\u00e9s\u00a0: le point sur l\u2019effectif du FCG<\/strong><\/p>\n<p>Avec huit d\u00e9parts pour cinq arriv\u00e9es, les Grenoblois vont pouvoir compter sur un effectif de qualit\u00e9 cette ann\u00e9e encore. Malgr\u00e9 les d\u00e9parts de joueurs ayant rejoint des clubs de Top 14 (Lainault, Hulleu, Muarua, Sarragallet \u2026), Nicolas Nadau et Patrick P\u00e9zery ont vu d\u00e9barquer des renforts d\u2019exp\u00e9rience. Avec un v\u00e9cu dans l\u2019\u00e9lite du rugby fran\u00e7ais ou \u00e0 l\u2019international, ces derniers devraient aider leurs nouveaux partenaires \u00e0 atteindre l\u2019objectif fix\u00e9 par la direction grenobloise\u00a0: la mont\u00e9e en Top 14.<\/p>\n<p>Le point complet sur l\u2019effectif du FCG\u00a0:<\/p>\n<p>Les arriv\u00e9es\u00a0:<\/p>\n<ul>\n<li>Romain RUFFENACH (talonneur, Pau)<\/li>\n<li>Josh THOMPSON (deuxi\u00e8me ligne, Western Force \u2013 AUS)<\/li>\n<li>Aur\u00e9lien CALLANDRET (ailier, Bayonne)<\/li>\n<li>Raffaele COSTA STORTI (ailier, Stade Fran\u00e7ais)<\/li>\n<li>Tristan LABOUTELEY (deuxi\u00e8me ligne, Perpignan)<\/li>\n<\/ul>\n<p>Les d\u00e9parts\u00a0:<\/p>\n<ul>\n<li>Mathis SARRAGALLET (talonneur, Lyon)<\/li>\n<li>Pierce PHILLIPS (deuxi\u00e8me ligne, Rouen)<\/li>\n<li>Thomas LAINAULT (deuxi\u00e8me ligne, Racing 92)<\/li>\n<li>Ryno PIETERSE (deuxi\u00e8me ligne, Kintetsu Liners \u2013 JAP)<\/li>\n<li>Pio MUARUA (troisi\u00e8me ligne, Clermont)<\/li>\n<li>Geoffrey CROS (ailier, Brive)<\/li>\n<li>Wilfried HULLEU (ailier, Racing 92)<\/li>\n<li>Bautista EZCURRA (centre, Mont-de-Marsan)<\/li>\n<\/ul>\n<p>Les prolongations\u00a0:<\/p>\n<ul>\n<li>Tommy RAYNAUD (pilier)<\/li>\n<li>Zack GAUTHIER (pilier)<\/li>\n<li>Eli EGLAINE (pilier)<\/li>\n<li>Th\u00e9o LAVOINE (pilier)<\/li>\n<li>Lilian ROSSI (talonneur)<\/li>\n<li>Brandon NANSEN (deuxi\u00e8me ligne)<\/li>\n<li>Cameron HOLT (deuxi\u00e8me ligne)<\/li>\n<li>Thomas PLOYET (deuxi\u00e8me ligne)<\/li>\n<li>Antonin BERRUYER (troisi\u00e8me ligne \u2013 capitaine)<\/li>\n<li>Victor GUILLAUMOND (troisi\u00e8me ligne)<\/li>\n<li>Mathis BARET (troisi\u00e8me ligne)<\/li>\n<li>Eric ESCANDE (demi de m\u00eal\u00e9e)<\/li>\n<li>Barnab\u00e9 COUILLOUD (demi de m\u00eal\u00e9e)<\/li>\n<li>Sam DAVIES (demi d\u2019ouverture)<\/li>\n<li>Max CLEMENT (demi d\u2019ouverture)<\/li>\n<li>Romain FUSIER (centre)<\/li>\n<li>Hugo TROUILLOUD (arri\u00e8re)<\/li>\n<\/ul>\n<p>Les joueurs encore sous contrat\u00a0:<\/p>\n<ul>\n<li>Johannes JONKER (pilier)<\/li>\n<li>Cody THOMAS (pilier)<\/li>\n<li>Giorgi PERTAIA (pilier)<\/li>\n<li>Giorgi JAVAKHIA (deuxi\u00e8me ligne)<\/li>\n<li>Jos\u00e9 MADEIRA (deuxi\u00e8me ligne)<\/li>\n<li>Julien HERITEAU (centre)<\/li>\n<li>Yan LESTRADE (centre)<\/li>\n<li>Giorgi KVESELADZE (centre)<\/li>\n<li>Gerswin MOUTON (centre)<\/li>\n<li>Romain TROUILLOUD (centre)<\/li>\n<li>Julien FARNOUX (centre)<\/li>\n<li>Lilian ROSSI (talonneur)<\/li>\n<li>Bastien SOURY (talonneur)<\/li>\n<li>Richard HARDWICK (troisi\u00e8me ligne)<\/li>\n<li>Hanru SIRGEL (troisi\u00e8me ligne)<\/li>\n<li>Thibaut MARETL (troisi\u00e8me ligne)<\/li>\n<li>Marc PALMIER (demi d\u2019ouverture)<\/li>\n<li>Kaminieli RASAKU (ailier)<\/li>\n<\/ul>\n<p><strong>Le XV type du FCG version 2025-2026<\/strong><\/p>\n<ol start=\"15\">\n<li>Farnoux\u00a0; 14. Mouton, 13. Fusier, 12. H\u00e9riteau, 11. Costa Storti\u00a0; 10. Davies, 9. Couilloud\u00a0; 7. Martel, 8. Hardwick, 6. Madeira\u00a0; 5. Javakhia, 4. Ployet\u00a0; 3. Jonker, 2. Ruffenach, 1. Raynaud.<\/li>\n<\/ol>\n<p><strong>Le FCG figure dans le Top 5 des budgets de Pro D2<\/strong><\/p>\n<p>Comme l\u2019an pass\u00e9, le FCG occupe la cinqui\u00e8me place du classement des budgets de Pro D2 avec une l\u00e9g\u00e8re hausse de celui-ci par rapport \u00e0 la saison pr\u00e9c\u00e9dente (13 451 000 euros contre 13 000 000 euros). Fond\u00e9 principalement sur le partenariat et la billetterie, ce budget est parvenu \u00e0 progresser l\u00e9g\u00e8rement malgr\u00e9 l\u2019augmentation du loyer du Stade des Alpes par la M\u00e9tro, sujet sur lequel nous reviendrons plus en d\u00e9tail dans cet article. A titre indicatif, Montauban disposait du septi\u00e8me budget l\u2019an pass\u00e9, comme quoi le sport n\u2019est pas qu\u2019une question d\u2019argent et c\u2019est d\u2019ailleurs ce qui fait sa beaut\u00e9. Retrouvez le classement complet \u00e9tabli par nos confr\u00e8res du Midi Olympique ci-dessous\u00a0:<\/p>\n<ul>\n<li>Brive (21,775 millions d\u2019euros)<\/li>\n<li>Vannes (18,906 millions d\u2019euros)<\/li>\n<li>Provence Rugby (17,143 millions d\u2019euros)<\/li>\n<li>Nevers (14,230 millions d\u2019euros)<\/li>\n<li><strong>Grenoble (13,451 millions d\u2019euros)<\/strong><\/li>\n<li>Oyonnax (12,784 millions d\u2019euros)<\/li>\n<li>Agen (12,784 millions d\u2019euros)<\/li>\n<li>Biarritz (10,693 millions d\u2019euros)<\/li>\n<li>B\u00e9ziers (9,489 millions d\u2019euros)<\/li>\n<li>Valence Romans (8,792 millions d\u2019euros)<\/li>\n<li>Colomiers (8,740 millions d\u2019euros)<\/li>\n<li>Mont-de-Marsan (8,406 millions d\u2019euros)<\/li>\n<li>Soyaux-Angoul\u00eame (8,198 millions d\u2019euros)<\/li>\n<li>Dax (6,731 millions d\u2019euros)<\/li>\n<li>Aurillac (5,852 millions d\u2019euros)<\/li>\n<li>Carcassonne (5,147 millions d\u2019euros)<\/li>\n<\/ul>\n<p><strong>Des nouveaut\u00e9s dans l\u2019organisation sportive<\/strong><\/p>\n<p>Pour rompre la mal\u00e9diction, Patrick Goffi a indiqu\u00e9 qu\u2019il fallait mettre en place \u00ab\u00a0des modifications, des remises en question\u00a0\u00bb. Cela passera tout d\u2019abord par l\u2019intervention d\u2019un pr\u00e9parateur mental aupr\u00e8s de l\u2019effectif professionnel. \u00ab\u00a0L\u2019objectif est que les joueurs puissent y avoir acc\u00e8s de mani\u00e8re collective ou individuelle selon les besoins\u00a0\u00bb soulignait le pr\u00e9sident du club alpin en conf\u00e9rence de presse d\u2019avant saison. L\u2019autre modification majeure qui devrait intervenir concerne les choix des 23 joueurs s\u00e9lectionn\u00e9s pour disputer les matchs. \u00ab\u00a0L\u2019\u00e9quipe \u00e9tait d\u00e9cid\u00e9e uniquement par les deux entra\u00eeneurs (Nicolas Nadau et Patrick P\u00e9zery, ndlr). D\u00e9sormais, ce sont 5 personnes qui vont d\u00e9cider ensemble\u00a0: Nicolas Nadau, Patrick P\u00e9zery, Aubin Hueber (directeur du rugby, ndlr), le responsable de la pr\u00e9paration physique et le pr\u00e9parateur de la d\u00e9fense\u00a0\u00bb. Cela devrait permettre davantage d\u2019\u00e9changes et de coll\u00e9gialit\u00e9 au sein du staff is\u00e9rois, c\u2019est en tout cas l\u2019objectif vis\u00e9 par cette nouvelle organisation sportive.<\/p>\n<p><strong>La fin du long feuilleton \u00ab\u00a0Stade des Alpes\u00a0\u00bb<\/strong><\/p>\n<p>C\u2019est d\u00e9sormais officiel depuis quelques semaines, le FCG \u00e9voluera bien au Stade des Alpes cette saison et cela d\u00e8s le premier match \u00e0 domicile face \u00e0 Aurillac, le 5 septembre. Une d\u00e9cision qui fait suite \u00e0 un bras de fer entre le club de rugby et la m\u00e9tropole de Grenoble portant sur l\u2019augmentation du prix du loyer. \u00ab\u00a0Le loyer \u00e9tait de 20 000\u20ac par match avec GAS (Grenoble Alpes Sports), il devrait \u00eatre autour des 40 000\u20ac dor\u00e9navant. C\u2019est dix fois plus que la somme vers\u00e9e par les autres clubs de rugby professionnels en moyenne\u00a0!\u00a0\u00bb fustigeait Patrick Goffi en conf\u00e9rence de presse. Cette hausse du loyer va se r\u00e9percuter directement sur le prix des places, une d\u00e9cision regrettable mais in\u00e9vitable pour le pr\u00e9sident du club is\u00e9rois\u00a0: \u00ab\u00a0je ne voulais pas en arriver l\u00e0 mais je n\u2019ai pas le choix. C\u2019est ce que j\u2019ai appelle la \u00ab\u00a0taxe M\u00e9tro-Ferrari\u00a0\u00bb. Une appellation qui a provoqu\u00e9 la col\u00e8re de Grenoble-Alpes-M\u00e9tropole sans pour autant emp\u00eacher le FCG de poser une pastille indiquant le montant de l\u2019augmentation d\u00fb \u00e0 cette \u00ab\u00a0taxe m\u00e9tro\u00a0\u00bb sur sa campagne d\u2019abonnement. Si la tension reste palpable entre les deux camps, les supporters du FCG pourront tout de m\u00eame venir encourager leur \u00e9quipe dans l\u2019enceinte alpine et battre ainsi l\u2019affluence moyenne de la saison pass\u00e9e (9540 supporters par match).<\/p>\n<p><strong>Un seul match de pr\u00e9paration dans les jambes<\/strong><\/p>\n<p>Entre les blessures et les retours tardifs de s\u00e9lection, le staff grenoblois a d\u00fb changer ses plans pour cette pr\u00e9paration estivale. Le stage de coh\u00e9sion initialement pr\u00e9vu en Corse a donc laiss\u00e9 place \u00e0 diff\u00e9rentes activit\u00e9s se d\u00e9roulant \u00e0 proximit\u00e9 de la Capitale des Alpes (luge d\u2019\u00e9t\u00e9, activit\u00e9s nautiques \u2026). En ce qui concerne les matchs amicaux, Nicolas Nadau et Patrick P\u00e9zery en avait programm\u00e9 qu\u2019un contre le Stade Aurillacois. Disput\u00e9 dans le Cantal, ce dernier a permis aux Grenoblois d\u2019affronter un adversaire qu\u2019ils recevront lors de la deuxi\u00e8me journ\u00e9e de Pro D2. Malgr\u00e9 les nombreuses absences et un groupe rajeuni, le FCG a domin\u00e9 la premi\u00e8re mi-temps (14-0) avant de craquer en fin de match (28-36). De quoi donner des motifs de satisfaction \u00e0 Patrick P\u00e9zery\u00a0: \u00ab\u00a0On savait ce qu\u2019on venait chercher ici et d\u2019o\u00f9 on vient, les contraintes qu\u2019on a aussi, li\u00e9es \u00e0 l\u2019effectif. Il fallait qu\u2019aujourd\u2019hui qu\u2019on mette des objectifs r\u00e9alisables notamment sur le combat et l\u2019organisation de jeu qu\u2019on veut voir. Et il y a pas mal de choses qui ont \u00e9t\u00e9 valid\u00e9es sur ces aspects-l\u00e0\u00a0\u00bb.<\/p>\n<p>Retrouvez le compte-rendu complet de cette rencontre ici\u00a0: <a href=\"https:\/\/metro-sports.fr\/preparation-le-fc-grenoble-sincline-sur-le-fil-a-aurillac\/\" rel=\"nofollow noopener\" target=\"_blank\">Pr\u00e9paration. Le FC Grenoble s\u2019incline sur le fil \u00e0 Aurillac \u2013 Metro-Sports<\/a><\/p>\n<p><strong>Un derby d\u2019entr\u00e9e<\/strong><\/p>\n<p>Les Grenoblois d\u00e9butent leur saison ce vendredi sur la pelouse d\u2019Oyonnax (21h00). Dirig\u00e9 par Adrien Marbot, ce derby sera l\u2019occasion pour le FCG de lancer sa saison de la meilleure mani\u00e8re possible. Apr\u00e8s une douzi\u00e8me place la saison pass\u00e9e, les joueurs de Fabien Cibray ont r\u00e9alis\u00e9 une bonne pr\u00e9paration avec deux succ\u00e8s contre des \u00e9curies de Pro D2 \u00e0 la cl\u00e9 (victoire 42-7 contre Valence Romans et 19-14 contre Nevers). Les Aindinois ont donc fait le plein de confiance avant d\u2019affronter leurs homologues is\u00e9rois dans un match qui s\u2019annonce palpitant\u00a0!<\/p>\n<p>\n\tArticles similaires<\/p>\n","protected":false},"excerpt":{"rendered":"Apr\u00e8s la terrible d\u00e9sillusion du mois de juin, les Grenoblois se doivent de relever la t\u00eate et repartir&hellip;\n","protected":false},"author":2,"featured_media":352204,"comment_status":"","ping_status":"","sticky":false,"template":"","format":"standard","meta":{"footnotes":""},"categories":[9566],"tags":[1111,11,2430,1777,674,1011,27,2731,12,25],"class_list":{"0":"post-352203","1":"post","2":"type-post","3":"status-publish","4":"format-standard","5":"has-post-thumbnail","7":"category-grenoble","8":"tag-actu","9":"tag-actualites","10":"tag-auvergne-rhone-alpes","11":"tag-eu","12":"tag-europe","13":"tag-fr","14":"tag-france","15":"tag-grenoble","16":"tag-news","17":"tag-republique-francaise"},"share_on_mastodon":{"url":"https:\/\/pubeurope.com\/@fr\/115112332806281483","error":""},"_links":{"self":[{"href":"https:\/\/www.europesays.com\/fr\/wp-json\/wp\/v2\/posts\/352203","targetHints":{"allow":["GET"]}}],"collection":[{"href":"https:\/\/www.europesays.com\/fr\/wp-json\/wp\/v2\/posts"}],"about":[{"href":"https:\/\/www.europesays.com\/fr\/wp-json\/wp\/v2\/types\/post"}],"author":[{"embeddable":true,"href":"https:\/\/www.europesays.com\/fr\/wp-json\/wp\/v2\/users\/2"}],"replies":[{"embeddable":true,"href":"https:\/\/www.europesays.com\/fr\/wp-json\/wp\/v2\/comments?post=352203"}],"version-history":[{"count":0,"href":"https:\/\/www.europesays.com\/fr\/wp-json\/wp\/v2\/posts\/352203\/revisions"}],"wp:featuredmedia":[{"embeddable":true,"href":"https:\/\/www.europesays.com\/fr\/wp-json\/wp\/v2\/media\/352204"}],"wp:attachment":[{"href":"https:\/\/www.europesays.com\/fr\/wp-json\/wp\/v2\/media?parent=352203"}],"wp:term":[{"taxonomy":"category","embeddable":true,"href":"https:\/\/www.europesays.com\/fr\/wp-json\/wp\/v2\/categories?post=352203"},{"taxonomy":"post_tag","embeddable":true,"href":"https:\/\/www.europesays.com\/fr\/wp-json\/wp\/v2\/tags?post=352203"}],"curies":[{"name":"wp","href":"https:\/\/api.w.org\/{rel}","templated":true}]}}