{"id":352205,"date":"2025-08-29T13:39:39","date_gmt":"2025-08-29T13:39:39","guid":{"rendered":"https:\/\/www.europesays.com\/fr\/352205\/"},"modified":"2025-08-29T13:39:39","modified_gmt":"2025-08-29T13:39:39","slug":"a-vannes-le-detenu-outrage-un-surveillant-et-lui-crache-dessus-dix-mois-de-prison-ferme-et-transfert-a-vezin-le-coquet","status":"publish","type":"post","link":"https:\/\/www.europesays.com\/fr\/352205\/","title":{"rendered":"\u00c0 Vannes, le d\u00e9tenu outrage un surveillant et lui crache dessus\u00a0: dix mois de prison ferme et transfert \u00e0 Vezin-le-Coquet"},"content":{"rendered":"<p>Mardi 26 ao\u00fbt 2025, un d\u00e9tenu de la prison de Vannes, \u00e2g\u00e9 de 19 ans, a outrag\u00e9 un gardien avant de lui cracher dessus. Plac\u00e9 en garde \u00e0 vue, le jeune homme, bien connu des services de police, a reconnu les faits.<\/p>\n<p>Jug\u00e9 selon la proc\u00e9dure du plaider coupable, il a \u00e9t\u00e9 \u00e9cop\u00e9 d\u2019une peine de dix mois de prison ferme, qu\u2019il purgera \u00e0 Vezin-le-Coquet, o\u00f9 il a \u00e9t\u00e9 transf\u00e9r\u00e9.<\/p>\n","protected":false},"excerpt":{"rendered":"Mardi 26 ao\u00fbt 2025, un d\u00e9tenu de la prison de Vannes, \u00e2g\u00e9 de 19 ans, a outrag\u00e9 un&hellip;\n","protected":false},"author":2,"featured_media":352206,"comment_status":"","ping_status":"","sticky":false,"template":"","format":"standard","meta":{"footnotes":""},"categories":[2821],"tags":[1111,11,829,765,1777,674,118,1011,27,12,584,25,3165],"class_list":{"0":"post-352205","1":"post","2":"type-post","3":"status-publish","4":"format-standard","5":"has-post-thumbnail","7":"category-rennes","8":"tag-actu","9":"tag-actualites","10":"tag-bretagne","11":"tag-en-continu","12":"tag-eu","13":"tag-europe","14":"tag-faits-divers","15":"tag-fr","16":"tag-france","17":"tag-news","18":"tag-rennes","19":"tag-republique-francaise","20":"tag-vannes"},"share_on_mastodon":{"url":"https:\/\/pubeurope.com\/@fr\/115112336707673568","error":""},"_links":{"self":[{"href":"https:\/\/www.europesays.com\/fr\/wp-json\/wp\/v2\/posts\/352205","targetHints":{"allow":["GET"]}}],"collection":[{"href":"https:\/\/www.europesays.com\/fr\/wp-json\/wp\/v2\/posts"}],"about":[{"href":"https:\/\/www.europesays.com\/fr\/wp-json\/wp\/v2\/types\/post"}],"author":[{"embeddable":true,"href":"https:\/\/www.europesays.com\/fr\/wp-json\/wp\/v2\/users\/2"}],"replies":[{"embeddable":true,"href":"https:\/\/www.europesays.com\/fr\/wp-json\/wp\/v2\/comments?post=352205"}],"version-history":[{"count":0,"href":"https:\/\/www.europesays.com\/fr\/wp-json\/wp\/v2\/posts\/352205\/revisions"}],"wp:featuredmedia":[{"embeddable":true,"href":"https:\/\/www.europesays.com\/fr\/wp-json\/wp\/v2\/media\/352206"}],"wp:attachment":[{"href":"https:\/\/www.europesays.com\/fr\/wp-json\/wp\/v2\/media?parent=352205"}],"wp:term":[{"taxonomy":"category","embeddable":true,"href":"https:\/\/www.europesays.com\/fr\/wp-json\/wp\/v2\/categories?post=352205"},{"taxonomy":"post_tag","embeddable":true,"href":"https:\/\/www.europesays.com\/fr\/wp-json\/wp\/v2\/tags?post=352205"}],"curies":[{"name":"wp","href":"https:\/\/api.w.org\/{rel}","templated":true}]}}