{"id":352211,"date":"2025-08-29T13:42:12","date_gmt":"2025-08-29T13:42:12","guid":{"rendered":"https:\/\/www.europesays.com\/fr\/352211\/"},"modified":"2025-08-29T13:42:12","modified_gmt":"2025-08-29T13:42:12","slug":"lol-lille-et-strasbourg-heureux-au-tirage-pas-nice","status":"publish","type":"post","link":"https:\/\/www.europesays.com\/fr\/352211\/","title":{"rendered":"l&rsquo;OL, Lille et Strasbourg heureux au tirage, pas Nice"},"content":{"rendered":"<p class=\"mb-4 text-lg md:leading-8 break-words\">Les tirages au sort de la Ligue Europa et de la Ligue Europa Conf\u00e9rence ont \u00e9t\u00e9 effectu\u00e9s vendredi \u00e0 Monaco. Alors que l&rsquo;OL, Lille et Strasbourg ont h\u00e9rit\u00e9 d&rsquo;un programme \u00e0 leur port\u00e9e, l&rsquo;OGC Nice devra notamment se frotter \u00e0 l&rsquo;AS Rome, au FC Porto ou encore \u00e0\u00a0Fenerbah\u00e7e.<\/p>\n<p class=\"mb-4 text-lg md:leading-8 break-words\">Au lendemain du tirage de la <a class=\"link \" href=\"https:\/\/www.france24.com\/fr\/tag\/ligue-des-champions\/\" rel=\"nofollow noopener\" target=\"_blank\" data-ylk=\"slk:Ligue des champions;elm:context_link;itc:0;sec:content-canvas\">Ligue des champions<\/a>, les clubs fran\u00e7ais ont connu des destins divers, vendredi 29 ao\u00fbt, \u00e0 Monaco lors du tirage de la <a class=\"link \" href=\"https:\/\/www.france24.com\/fr\/tag\/ligue-europa\/\" rel=\"nofollow noopener\" target=\"_blank\" data-ylk=\"slk:Ligue Europa;elm:context_link;itc:0;sec:content-canvas\">Ligue Europa<\/a> et de la <a class=\"link \" href=\"https:\/\/www.france24.com\/fr\/tag\/ligue-europa-conf\u00e9rence\/\" rel=\"nofollow noopener\" target=\"_blank\" data-ylk=\"slk:Ligue Europa Conf\u00e9rence;elm:context_link;itc:0;sec:content-canvas\">Ligue Europa Conf\u00e9rence<\/a>.<\/p>\n<p class=\"mb-4 text-lg md:leading-8 break-words\">Du c\u00f4t\u00e9 des affiches, l&rsquo;<a class=\"link \" href=\"https:\/\/www.france24.com\/fr\/tag\/olympique-lyonnais\/\" rel=\"nofollow noopener\" target=\"_blank\" data-ylk=\"slk:Olympique lyonnais;elm:context_link;itc:0;sec:content-canvas\">Olympique lyonnais<\/a> aura pour principal adversaire le B\u00e9tis S\u00e9ville et <a class=\"link \" href=\"https:\/\/www.france24.com\/fr\/tag\/lille\/\" rel=\"nofollow noopener\" target=\"_blank\" data-ylk=\"slk:Lille;elm:context_link;itc:0;sec:content-canvas\">Lille<\/a> jouera contre l&rsquo;AS Rome. En dehors de ces matches, ils ont h\u00e9rit\u00e9 d&rsquo;un programme \u00e0 leur port\u00e9e contrairement \u00e0 l&rsquo;<a class=\"link \" href=\"https:\/\/www.france24.com\/fr\/tag\/ogc-nice\/\" rel=\"nofollow noopener\" target=\"_blank\" data-ylk=\"slk:OGC Nice;elm:context_link;itc:0;sec:content-canvas\">OGC Nice<\/a> qui affrontera, entre autres, aussi le club romain, le FC Porto ainsi que Fenerbah\u00e7e.<\/p>\n<p class=\"mb-4 text-lg md:leading-8 break-words\">\u00c0 lire aussi<a class=\"link  yahoo-link\" href=\"https:\/\/fr.news.yahoo.com\/ligue-champions-direct-bayern-munich-163136160.html\" data-ylk=\"slk:Ligue des champions : Bayern-PSG, Real-OM, Monaco-City... retrouvez le tirage complet;elm:context_link;itc:0;sec:content-canvas;outcm:mb_qualified_link;_E:mb_qualified_link;ct:story;\" target=\"_blank\" rel=\"noopener\">Ligue des champions : Bayern-PSG, Real-OM, Monaco-City&#8230; retrouvez le tirage complet<\/a><\/p>\n<p class=\"mb-4 text-lg md:leading-8 break-words\">Le tirage au sort de la C3 a r\u00e9serv\u00e9 aux Lyonnais une phase de ligue abordable avec pour principaux dangers la r\u00e9ception de Salzbourg et un d\u00e9placement \u00e0 S\u00e9ville pour affronter le Betis. Par ailleurs, l&rsquo;OL va recevoir le Paok, B\u00e2le et Go Ahead Eagles. Il se d\u00e9placera \u00e0 Tel-Aviv pour affronter le Maccabi, \u00e0 Berne pour faire face aux Young Boys et \u00e0 Utrecht.<\/p>\n<p>Le LOSC \u00e9pargn\u00e9, programme cors\u00e9 pour l&rsquo;OGC Nice<\/p>\n<p class=\"mb-4 text-lg md:leading-8 break-words\">Le LOSC a \u00e9galement \u00e9t\u00e9 \u00e9pargn\u00e9 lors de ce tirage au sort, avec l&rsquo;AS Rome comme seul cador. Les joueurs de Bruno Genesio accueilleront le Dynamo Kiev, le Paok, Fribourg et le SK Brann, club norv\u00e9gien. Loin du Stade Pierre-Mauroy, ils iront \u00e0 Rome, donc, mais aussi \u00e0 Belgrade pour d\u00e9fier l&rsquo;\u00c9toile rouge, \u00e0 Berne pour jouer contre les Young Boys, et \u00e0 Vigo pour un match pi\u00e8ge contre le Celta.<\/p>\n<p class=\"mb-4 text-lg md:leading-8 break-words\">L&rsquo;OGC Nice aura, pour sa part, fort \u00e0 faire pour acc\u00e9der aux huiti\u00e8mes de finale ou \u00e0 leurs barrages. Il lui faudra se d\u00e9faire \u00e0 domicile de l&rsquo;AS Rome, Braga, Fribourg, et Go Ahead Eagles. Les joueurs de Franck Haise joueront, \u00e0 l&rsquo;ext\u00e9rieur, contre le FC Porto, Fenerbah\u00e7e, Ludogorets et le Celta Vigo.<\/p>\n<p class=\"mb-4 text-lg md:leading-8 break-words\">\u00c0 lire aussi<a class=\"link  yahoo-link\" href=\"https:\/\/fr.news.yahoo.com\/ligue-champions-pafos-fc-petit-150406461.html\" data-ylk=\"slk:Ligue des champions\u00a0: Pafos\u00a0FC, le Petit Poucet chypriote boost\u00e9 par les oligarques russes;elm:context_link;itc:0;sec:content-canvas;outcm:mb_qualified_link;_E:mb_qualified_link;ct:story;\" target=\"_blank\" rel=\"noopener\">Ligue des champions\u00a0: Pafos\u00a0FC, le Petit Poucet chypriote boost\u00e9 par les oligarques russes<\/a><\/p>\n<p class=\"mb-4 text-lg md:leading-8 break-words\">La phase de ligue de la Ligue Europa d\u00e9butera le 24 septembre et se terminera le 29 janvier 2026.<\/p>\n<p>Crystal Palace en t\u00eate d&rsquo;affiche pour Strasbourg<\/p>\n<p class=\"mb-4 text-lg md:leading-8 break-words\"><a class=\"link \" href=\"https:\/\/www.france24.com\/fr\/tag\/strasbourg\/\" rel=\"nofollow noopener\" target=\"_blank\" data-ylk=\"slk:Strasbourg;elm:context_link;itc:0;sec:content-canvas\">Strasbourg<\/a> affrontera notamment Crystal Palace \u00e0 domicile en phase de ligue de la Ligue Europa Conf\u00e9rence.<\/p>\n<p class=\"mb-4 text-lg md:leading-8 break-words\">Le club alsacien, qui rego\u00fbte \u00e0 une Coupe d&rsquo;Europe pour la premi\u00e8re fois depuis 20 ans, sera \u00e9galement oppos\u00e9 \u00e0 Jagiellonia et Breidablik dans leur stade de la Meinau. Ils se d\u00e9placeront sur les terrains du Slovan Brastislava, d&rsquo;Aberdeen et de H\u00e4cken.<\/p>\n<p class=\"mb-4 text-lg md:leading-8 break-words\">La phase de ligue de la C4 d\u00e9butera le 2 octobre et se terminera le 18 d\u00e9cembre.<\/p>\n<p class=\"mb-4 text-lg md:leading-8 break-words\">Avec AFP<\/p>\n","protected":false},"excerpt":{"rendered":"Les tirages au sort de la Ligue Europa et de la Ligue Europa Conf\u00e9rence ont \u00e9t\u00e9 effectu\u00e9s vendredi&hellip;\n","protected":false},"author":2,"featured_media":352212,"comment_status":"","ping_status":"","sticky":false,"template":"","format":"standard","meta":{"footnotes":""},"categories":[2820],"tags":[1111,11,48743,48320,1777,674,10552,27990,1011,27,775,447,5843,1307,2267,3127,12,25,3499,640,16207],"class_list":{"0":"post-352211","1":"post","2":"type-post","3":"status-publish","4":"format-standard","5":"has-post-thumbnail","7":"category-strasbourg","8":"tag-actu","9":"tag-actualites","10":"tag-betis-seville","11":"tag-celta-vigo","12":"tag-eu","13":"tag-europe","14":"tag-fc-porto","15":"tag-fenerbahce","16":"tag-fr","17":"tag-france","18":"tag-grand-est","19":"tag-ligue-des-champions","20":"tag-ligue-europa","21":"tag-lille","22":"tag-losc","23":"tag-monaco","24":"tag-news","25":"tag-republique-francaise","26":"tag-rome","27":"tag-strasbourg","28":"tag-tirage-au-sort"},"share_on_mastodon":{"url":"https:\/\/pubeurope.com\/@fr\/115112348423988221","error":""},"_links":{"self":[{"href":"https:\/\/www.europesays.com\/fr\/wp-json\/wp\/v2\/posts\/352211","targetHints":{"allow":["GET"]}}],"collection":[{"href":"https:\/\/www.europesays.com\/fr\/wp-json\/wp\/v2\/posts"}],"about":[{"href":"https:\/\/www.europesays.com\/fr\/wp-json\/wp\/v2\/types\/post"}],"author":[{"embeddable":true,"href":"https:\/\/www.europesays.com\/fr\/wp-json\/wp\/v2\/users\/2"}],"replies":[{"embeddable":true,"href":"https:\/\/www.europesays.com\/fr\/wp-json\/wp\/v2\/comments?post=352211"}],"version-history":[{"count":0,"href":"https:\/\/www.europesays.com\/fr\/wp-json\/wp\/v2\/posts\/352211\/revisions"}],"wp:featuredmedia":[{"embeddable":true,"href":"https:\/\/www.europesays.com\/fr\/wp-json\/wp\/v2\/media\/352212"}],"wp:attachment":[{"href":"https:\/\/www.europesays.com\/fr\/wp-json\/wp\/v2\/media?parent=352211"}],"wp:term":[{"taxonomy":"category","embeddable":true,"href":"https:\/\/www.europesays.com\/fr\/wp-json\/wp\/v2\/categories?post=352211"},{"taxonomy":"post_tag","embeddable":true,"href":"https:\/\/www.europesays.com\/fr\/wp-json\/wp\/v2\/tags?post=352211"}],"curies":[{"name":"wp","href":"https:\/\/api.w.org\/{rel}","templated":true}]}}