{"id":352213,"date":"2025-08-29T13:43:10","date_gmt":"2025-08-29T13:43:10","guid":{"rendered":"https:\/\/www.europesays.com\/fr\/352213\/"},"modified":"2025-08-29T13:43:10","modified_gmt":"2025-08-29T13:43:10","slug":"je-suis-chanceux-davoir-pu-enterrer-mon-enfant-des-peres-de-famille-dotages-israeliens-temoignent-a-nice-et-cannes","status":"publish","type":"post","link":"https:\/\/www.europesays.com\/fr\/352213\/","title":{"rendered":"\u00ab\u00a0Je suis chanceux d&rsquo;avoir pu enterrer mon enfant\u00a0\u00bb: des p\u00e8res de famille d&rsquo;otages isra\u00e9liens t\u00e9moignent \u00e0 Nice et Cannes"},"content":{"rendered":"<p>\u00ab\u00a0Un message \u00e0 transmettre au-del\u00e0 des fronti\u00e8res.\u00a0\u00bb C&rsquo;est la raison qui a pouss\u00e9 ces huit p\u00e8res de famille d&rsquo;otages isra\u00e9liens \u00e0 venir t\u00e9moigner \u00e0 Nice, aupr\u00e8s du maire Christian Estrosi puis du maire de Cannes David Lisnard, ce vendredi 29 ao\u00fbt.\u00a0Des histoires marquantes, qui ont \u00e9t\u00e9 racont\u00e9es tour \u00e0 tour, pr\u00e8s de 700 jours apr\u00e8s les attaques du 7 octobre 2023, \u00e0 l&rsquo;initiative de l&rsquo;association juive Netsah.<\/p>\n<p>Cochav partage l&rsquo;histoire de la mort de son fils le 7 octobre 2023, qui \u00e9tait commandant dans l&rsquo;arm\u00e9e isra\u00e9lienne. \u00ab\u00a0Je suis fier de mon fils qui a tu\u00e9 des dizaines de terroristes, assure-t-il. Pas parce qu&rsquo;il a tu\u00e9. Mais parce qu&rsquo;il a ainsi sauv\u00e9 des centaines d&rsquo;Isra\u00e9liens.\u00a0\u00bb Le corps de son fils a \u00e9t\u00e9 exfiltr\u00e9 de Gaza en juin dernier.\u00a0La voix faible, il se dit \u00ab\u00a0chanceux\u00a0d&rsquo;avoir pu enterrer [son] enfant\u00a0\u00bb. Avant d&rsquo;ajouter: \u00ab\u00a0On est pour la paix. Ce n&rsquo;est pas noir ou blanc. Mais la France a le choix de combattre avec nous.\u00a0\u00bb<\/p>\n<p>Des images pour remplacer les mots<\/p>\n<p>Un autre p\u00e8re de famille, Hagai, a choisi de montrer des images. Souhaitant rester discret, les vid\u00e9os ne sont montr\u00e9es qu&rsquo;au maire de Nice. Le son, lui, sortant de son t\u00e9l\u00e9phone, r\u00e9sonne dans la salle. Il explique: \u00ab\u00a0\u00c7a, c&rsquo;est le jour o\u00f9 mon fils s&rsquo;est fait prendre, le 7 octobre. Et \u00e7a, c&rsquo;est la derni\u00e8re que j&rsquo;ai re\u00e7ue. C&rsquo;\u00e9tait il y a 15 jours, il \u00e9tait toujours vivant.\u00a0\u00bb Il affirme que ces vid\u00e9os lui ont \u00e9t\u00e9 envoy\u00e9es par le Hamas.<\/p>\n<p>Aupr\u00e8s de Nice-Matin, il avoue que ce n&rsquo;est \u00ab\u00a0pas simple de tenir, mais on le fait pour soutenir notre fils, qui est toujours vivant, et pour nos autres enfants encore \u00e0 la maison\u00a0\u00bb. L&rsquo;int\u00e9r\u00eat de t\u00e9moigner sur la C\u00f4te d&rsquo;Azur, selon lui? \u00ab\u00a0On est tr\u00e8s soutenu par le maire, mais on vient aussi pour mettre la pression pour obtenir la lib\u00e9ration des otages.\u00a0\u00bb<\/p>\n<p>La France \u00ab\u00a0ne fait rien\u00a0\u00bb<\/p>\n<p>Le rabbin Danino se confie moins que les autres sur son fils, retenu en otage pendant 328 jours avant de mourir. Mais il mart\u00e8le: \u00ab\u00a0Il faut que les gens en France comprennent que ce n&rsquo;est pas une guerre d&rsquo;arm\u00e9es, mais une guerre religieuse.\u00a0\u00bb Selon lui, Emmanuel Macron \u00ab\u00a0ne fait rien\u00a0\u00bb, et il est encore trop t\u00f4t pour un \u00c9tat palestinien : \u00ab\u00a0On peut vivre ensemble, mais pas dans la terreur.\u00a0\u00bb<\/p>\n<p>Alors \u00e0 la question \u00ab\u00a0Benjamin Netanyahou fait-il ce qu&rsquo;il faut pour lib\u00e9rer les otages?\u00a0\u00bb La r\u00e9ponse : \u00ab\u00a0Moi, je suis religieux. Ni Netanyahou, ni Trump&#8230; personne ne peut rien faire. Je prie pour que Dieu envoie un messager pour les lib\u00e9rer.\u00a0\u00bb<\/p>\n<p>\u00c0\u00a0ce jour, 47 otages restent retenus dans la bande de Gaza, dont une vingtaine sont pr\u00e9sum\u00e9s vivants.<\/p>\n","protected":false},"excerpt":{"rendered":"\u00ab\u00a0Un message \u00e0 transmettre au-del\u00e0 des fronti\u00e8res.\u00a0\u00bb C&rsquo;est la raison qui a pouss\u00e9 ces huit p\u00e8res de famille&hellip;\n","protected":false},"author":2,"featured_media":352214,"comment_status":"","ping_status":"","sticky":false,"template":"","format":"standard","meta":{"footnotes":""},"categories":[2819],"tags":[1111,11,10411,1777,674,1011,27,12,2401,882,25,240],"class_list":{"0":"post-352213","1":"post","2":"type-post","3":"status-publish","4":"format-standard","5":"has-post-thumbnail","7":"category-nice","8":"tag-actu","9":"tag-actualites","10":"tag-conflits","11":"tag-eu","12":"tag-europe","13":"tag-fr","14":"tag-france","15":"tag-news","16":"tag-nice","17":"tag-provence-alpes-cote-dazur","18":"tag-republique-francaise","19":"tag-temoignage"},"share_on_mastodon":{"url":"","error":""},"_links":{"self":[{"href":"https:\/\/www.europesays.com\/fr\/wp-json\/wp\/v2\/posts\/352213","targetHints":{"allow":["GET"]}}],"collection":[{"href":"https:\/\/www.europesays.com\/fr\/wp-json\/wp\/v2\/posts"}],"about":[{"href":"https:\/\/www.europesays.com\/fr\/wp-json\/wp\/v2\/types\/post"}],"author":[{"embeddable":true,"href":"https:\/\/www.europesays.com\/fr\/wp-json\/wp\/v2\/users\/2"}],"replies":[{"embeddable":true,"href":"https:\/\/www.europesays.com\/fr\/wp-json\/wp\/v2\/comments?post=352213"}],"version-history":[{"count":0,"href":"https:\/\/www.europesays.com\/fr\/wp-json\/wp\/v2\/posts\/352213\/revisions"}],"wp:featuredmedia":[{"embeddable":true,"href":"https:\/\/www.europesays.com\/fr\/wp-json\/wp\/v2\/media\/352214"}],"wp:attachment":[{"href":"https:\/\/www.europesays.com\/fr\/wp-json\/wp\/v2\/media?parent=352213"}],"wp:term":[{"taxonomy":"category","embeddable":true,"href":"https:\/\/www.europesays.com\/fr\/wp-json\/wp\/v2\/categories?post=352213"},{"taxonomy":"post_tag","embeddable":true,"href":"https:\/\/www.europesays.com\/fr\/wp-json\/wp\/v2\/tags?post=352213"}],"curies":[{"name":"wp","href":"https:\/\/api.w.org\/{rel}","templated":true}]}}