{"id":352215,"date":"2025-08-29T13:44:10","date_gmt":"2025-08-29T13:44:10","guid":{"rendered":"https:\/\/www.europesays.com\/fr\/352215\/"},"modified":"2025-08-29T13:44:10","modified_gmt":"2025-08-29T13:44:10","slug":"les-elus-ecologistes-attaquent-estrosi-pour-diffamation-et-injure-apres-une-allusion-collaborationniste","status":"publish","type":"post","link":"https:\/\/www.europesays.com\/fr\/352215\/","title":{"rendered":"les \u00e9lus \u00e9cologistes attaquent Estrosi pour diffamation et injure apr\u00e8s une allusion collaborationniste"},"content":{"rendered":"<p>Les \u00e9cologistes ni\u00e7ois se sont aussi d\u00e9fendus de vouloir faire tomber le maire de Nice par les diff\u00e9rents signalements envoy\u00e9s \u00e0 la justice et qui ont d\u00e9bouch\u00e9 sur des enqu\u00eates.<\/p>\n<p class=\"fig-paragraph\">\u00abTrop c\u2019est trop\u00bb\u00a0:\u00a0<a href=\"http:\/\/www.lefigaro.fr\/nice\/a-nice-l-ecologiste-marine-tondelier-prone-l-union-de-la-gauche-pour-brouiller-le-match-estrosi-ciotti-20241029\" data-fig-type=\"NewsFlash\" data-gtm-custom-categorie=\"navigation\" data-gtm-custom-action=\"crossclick\" data-gtm-custom-label=\"Contextuel\" data-gtm-event=\"customEventSPE\" data-fig-domain=\"LEFIGARO\" target=\"_blank\" rel=\"noopener\">les \u00e9lus \u00e9cologistes ni\u00e7ois<\/a>\u00a0ont tenu une conf\u00e9rence de presse, vendredi matin, pour d\u00e9noncer certains propos du maire\u00a0<a href=\"http:\/\/www.lefigaro.fr\/nice\/municipales-2026-a-un-an-des-elections-christian-estrosi-deja-en-mode-campagne-a-nice-20250328\" data-fig-type=\"NewsFlash\" data-gtm-custom-categorie=\"navigation\" data-gtm-custom-action=\"crossclick\" data-gtm-custom-label=\"Contextuel\" data-gtm-event=\"customEventSPE\" data-fig-domain=\"LEFIGARO\" target=\"_blank\" rel=\"noopener\">Christian Estrosi (Horizons)<\/a>\u00a0\u00e0 leur encontre lors de conseils municipaux. Une plainte vient d\u2019\u00eatre d\u00e9pos\u00e9e pour \u00abdiffamation\u00bb et \u00abinjure publique\u00bb par l\u2019un d\u2019entre eux, Jean-Christophe Picard, apr\u00e8s une allusion collaborationniste. \u00abUne ligne route inacceptable\u00bb, assure-t-il.<\/p>\n<p class=\"fig-paragraph\">Alors que Christian Estrosi devait quitter la salle pour ne pas prendre part au vote du compte financier unique, le 23 mai dernier, l\u2019\u00e9dile a cibl\u00e9 l\u2019\u00e9lu \u00e9cologiste, par ailleurs\u00a0<a href=\"http:\/\/www.lefigaro.fr\/nice\/nice-passe-d-armes-sur-le-comite-d-ethique-de-la-ville-apres-la-demission-d-un-elu-ecologiste-ex-president-d-anticor-20241219\" data-fig-type=\"NewsFlash\" data-gtm-custom-categorie=\"navigation\" data-gtm-custom-action=\"crossclick\" data-gtm-custom-label=\"Contextuel\" data-gtm-event=\"customEventSPE\" data-fig-domain=\"LEFIGARO\" target=\"_blank\" rel=\"noopener\">ancien pr\u00e9sident d\u2019Anticor et qui porte encore les sujets de probit\u00e9<\/a>. \u00abJe sais que Monsieur Picard est en train de prendre les jumelles pour savoir jusqu\u2019o\u00f9 je vais sortir et \u00e0 quelle distance de l\u2019h\u00e9micycle je vais me tenir avant de faire un signalement au procureur\u00bb, lance d\u2019abord le maire de Nice dans ce qui pourrait ressembler \u00e0 un ironique trait d\u2019humour.<\/p>\n<p>                                    <a class=\"fig-a11y-skip a11y-hidden\" href=\"#fig-a11y-skip-main-inarticle\"><br \/>\n        Passer la publicit\u00e9<br \/>\n    <\/a><\/p>\n<p class=\"fig-paragraph\">Avant de poursuivre\u00a0: \u00abSous P\u00e9tain, il aurait fait la m\u00eame chose, puisqu\u2019il a toujours dit\u00a0: \u201cmoi, je respecte les lois quel que soit le r\u00e9gime\u201d. Donc apportez-moi un Vichy s\u2019il vous pla\u00eet Monsieur l\u2019huissier\u00bb.<\/p>\n<p>\u00abObligation de porter plainte\u00bb<\/p>\n<p class=\"fig-paragraph\">Des propos \u00abgraves\u00bb, susceptibles de tomber sous le coup de loi selon les \u00e9cologistes. \u00abJe me fais traiter de collabo, de d\u00e9lateur. J\u2019\u00e9tais dans l\u2019obligation de d\u00e9poser plainte parce que trop, c\u2019est trop\u00bb, s\u2019agace Jean-Christophe Picard.<\/p>\n<p class=\"fig-paragraph\">L\u2019\u00e9lu \u00e9cologiste explique avoir attendu \u00able dernier moment\u00bb pour d\u00e9poser plainte, le d\u00e9lai de prescription \u00e9tant de trois mois, \u00abafin de laisser le temps \u00e0 Monsieur Estrosi de pr\u00e9senter ses excuses\u00bb. \u00abIl faut que cela s\u2019arr\u00eate\u00bb, lance Jean-Christophe Picard, \u00e9voquant aussi une protection fonctionnelle abusive accord\u00e9e \u00e0 l\u2019\u00e9dile, \u00abqui co\u00fbte de l\u2019argent au contribuable\u00bb, insiste-t-il.<\/p>\n<p class=\"fig-paragraph\">Sollicit\u00e9, l\u2019entourage de Christian Estrosi n\u2019a pas donn\u00e9 suite.<\/p>\n<p>Signalements \u00e0 la justice r\u00e9guliers<\/p>\n<p class=\"fig-paragraph\">Les \u00e9changes en conseil municipal entre les trois \u00e9lus \u00e9cologistes et la majorit\u00e9 \u00abestrosiste\u00bb sont r\u00e9guli\u00e8rement virulents. Depuis le d\u00e9but de ce mandat, ces opposants ont aussi envoy\u00e9 \u00abune vingtaine\u00bb de signalements \u00e0 la justice, qui ont parfois d\u00e9bouch\u00e9 sur l\u2019ouverture d\u2019enqu\u00eates judiciaires et de perquisitions \u00e0 l\u2019h\u00f4tel de ville, ce qui a contribu\u00e9 \u00e0 tendre leurs relations. Ils ont ainsi comptabilis\u00e9 une dizaine d\u2019affaires apr\u00e8s leurs alertes, comme celles du\u00a0<a href=\"http:\/\/www.lefigaro.fr\/nice\/formule-1-cette-enquete-sur-la-gestion-du-grand-prix-de-france-qui-embarrasse-christian-estrosi-20230927\" data-fig-type=\"NewsFlash\" data-gtm-custom-categorie=\"navigation\" data-gtm-custom-action=\"crossclick\" data-gtm-custom-label=\"Contextuel\" data-gtm-event=\"customEventSPE\" data-fig-domain=\"LEFIGARO\" target=\"_blank\" rel=\"noopener\">Grand prix de France de Formule 1 au Castellet<\/a>\u00a0ou encore du\u00a0<a href=\"http:\/\/www.lefigaro.fr\/nice\/nice-climate-summit-une-enquete-ouverte-pour-prise-illegale-d-interet-20240115\" data-fig-type=\"NewsFlash\" data-gtm-custom-categorie=\"navigation\" data-gtm-custom-action=\"crossclick\" data-gtm-custom-label=\"Contextuel\" data-gtm-event=\"customEventSPE\" data-fig-domain=\"LEFIGARO\" target=\"_blank\" rel=\"noopener\">\u00abNice climate summit\u00bb<\/a>, pour laquelle le maire et sa femme ont \u00e9t\u00e9\u00a0<a href=\"http:\/\/www.lefigaro.fr\/nice\/fin-de-la-garde-a-vue-delai-de-deux-mois-le-point-sur-l-affaire-visant-le-couple-estrosi-et-delphine-ernotte-sur-des-evenements-organises-a-nice-20250701\" data-fig-type=\"NewsFlash\" data-gtm-custom-categorie=\"navigation\" data-gtm-custom-action=\"crossclick\" data-gtm-custom-label=\"Contextuel\" data-gtm-event=\"customEventSPE\" data-fig-domain=\"LEFIGARO\" target=\"_blank\" rel=\"noopener\">plac\u00e9s en garde \u00e0 vue fin juin<\/a>.<\/p>\n<p>                                    <a class=\"fig-a11y-skip a11y-hidden\" href=\"#fig-a11y-skip-main-inarticle_mtf\"><br \/>\n        Passer la publicit\u00e9<br \/>\n    <\/a><\/p>\n<p class=\"fig-paragraph\">\u00abLe probl\u00e8me, ce n\u2019est pas nous, on n\u2019est pas des m\u00e9chants ni des \u201couin-ouins\u201d, on fait juste notre r\u00f4le d\u2019\u00e9lu, on ne m\u00e8ne pas les enqu\u00eates\u00bb, s\u2019est d\u00e9fendu Juliette Chesnel-Le Roux, la chef de file pressentie pour \u00eatre candidate\u00a0<a href=\"http:\/\/www.lefigaro.fr\/politique\/les-elections-municipales-auront-lieu-les-15-et-22-mars-2026-a-annonce-la-porte-parole-du-gouvernement-20250827\" data-fig-type=\"NewsFlash\" data-gtm-custom-categorie=\"navigation\" data-gtm-custom-action=\"crossclick\" data-gtm-custom-label=\"Contextuel\" data-gtm-event=\"customEventSPE\" data-fig-domain=\"LEFIGARO\" target=\"_blank\" rel=\"noopener\">aux \u00e9lections municipales<\/a>. \u00abNotre objectif n\u2019est pas de faire tomber Christian Estrosi mais que les finances de la ville soient bien g\u00e9r\u00e9es\u00bb, a-t-elle poursuivi.<\/p>\n<p class=\"fig-paragraph\">\u00abOn met en cause notre probit\u00e9, notre intelligence, on nous prend pour des idiots. Il faut dire stop \u00e0 ce climat de terreur\u00bb, a insist\u00e9 autre \u00e9lu \u00e9cologiste Fabrice Decoupigny, qui avait \u00e9t\u00e9 accus\u00e9 d\u2019antis\u00e9mitisme avec une plainte\u00a0<a href=\"http:\/\/www.lefigaro.fr\/nice\/jawohl-prononce-pendant-un-conseil-municipal-a-nice-christian-estrosi-depose-plainte-contre-un-elu-ecologiste-20240126\" data-fig-type=\"NewsFlash\" data-gtm-custom-categorie=\"navigation\" data-gtm-custom-action=\"crossclick\" data-gtm-custom-label=\"Contextuel\" data-gtm-event=\"customEventSPE\" data-fig-domain=\"LEFIGARO\" target=\"_blank\" rel=\"noopener\">apr\u00e8s avoir r\u00e9pondu \u00abjawohl\u00bb (oui bien s\u00fbr en allemand)<\/a>\u00a0lors d\u2019un d\u00e9bat en conseil municipal. Il avait alors d\u00fb expliquer que sa m\u00e8re \u00e9tait juive-allemande et que c\u2019\u00e9tait un mot qu\u2019il utilisait r\u00e9guli\u00e8rement sans aucune ambigu\u00eft\u00e9.<\/p>\n<p class=\"fig-paragraph\">\u00abIl faut que le d\u00e9bat public s\u2019apaise\u00bb, a souhait\u00e9 Juliette Chesnel-Le Roux en r\u00e9f\u00e9rence \u00e0 l\u2019affrontement entre Christian Estrosi et\u00a0<a href=\"http:\/\/www.lefigaro.fr\/elections\/municipales\/municipales-2026-eric-ciotti-officialise-sa-candidature-a-nice-20250827\" data-fig-type=\"NewsFlash\" data-gtm-custom-categorie=\"navigation\" data-gtm-custom-action=\"crossclick\" data-gtm-custom-label=\"Contextuel\" data-gtm-event=\"customEventSPE\" data-fig-domain=\"LEFIGARO\" target=\"_blank\" rel=\"noopener\">\u00c9ric Ciotti, d\u00e9sormais candidat<\/a>. Avec cette conf\u00e9rence de presse, organis\u00e9e le m\u00eame jour que la rentr\u00e9e politique du maire, les \u00e9cologistes commencent eux aussi \u00e0 se mettre en ordre de bataille. \u00abQuand il y aura une majorit\u00e9 de gauche, il y aura une vraie transparence\u00bb, a lanc\u00e9 la chef de file.<\/p>\n","protected":false},"excerpt":{"rendered":"Les \u00e9cologistes ni\u00e7ois se sont aussi d\u00e9fendus de vouloir faire tomber le maire de Nice par les diff\u00e9rents&hellip;\n","protected":false},"author":2,"featured_media":352216,"comment_status":"","ping_status":"","sticky":false,"template":"","format":"standard","meta":{"footnotes":""},"categories":[2819],"tags":[1111,11,2397,2339,1777,674,1011,27,303,12,2401,882,25],"class_list":{"0":"post-352215","1":"post","2":"type-post","3":"status-publish","4":"format-standard","5":"has-post-thumbnail","7":"category-nice","8":"tag-actu","9":"tag-actualites","10":"tag-christian-estrosi","11":"tag-ecologistes","12":"tag-eu","13":"tag-europe","14":"tag-fr","15":"tag-france","16":"tag-justice","17":"tag-news","18":"tag-nice","19":"tag-provence-alpes-cote-dazur","20":"tag-republique-francaise"},"share_on_mastodon":{"url":"https:\/\/pubeurope.com\/@fr\/115112356339029802","error":""},"_links":{"self":[{"href":"https:\/\/www.europesays.com\/fr\/wp-json\/wp\/v2\/posts\/352215","targetHints":{"allow":["GET"]}}],"collection":[{"href":"https:\/\/www.europesays.com\/fr\/wp-json\/wp\/v2\/posts"}],"about":[{"href":"https:\/\/www.europesays.com\/fr\/wp-json\/wp\/v2\/types\/post"}],"author":[{"embeddable":true,"href":"https:\/\/www.europesays.com\/fr\/wp-json\/wp\/v2\/users\/2"}],"replies":[{"embeddable":true,"href":"https:\/\/www.europesays.com\/fr\/wp-json\/wp\/v2\/comments?post=352215"}],"version-history":[{"count":0,"href":"https:\/\/www.europesays.com\/fr\/wp-json\/wp\/v2\/posts\/352215\/revisions"}],"wp:featuredmedia":[{"embeddable":true,"href":"https:\/\/www.europesays.com\/fr\/wp-json\/wp\/v2\/media\/352216"}],"wp:attachment":[{"href":"https:\/\/www.europesays.com\/fr\/wp-json\/wp\/v2\/media?parent=352215"}],"wp:term":[{"taxonomy":"category","embeddable":true,"href":"https:\/\/www.europesays.com\/fr\/wp-json\/wp\/v2\/categories?post=352215"},{"taxonomy":"post_tag","embeddable":true,"href":"https:\/\/www.europesays.com\/fr\/wp-json\/wp\/v2\/tags?post=352215"}],"curies":[{"name":"wp","href":"https:\/\/api.w.org\/{rel}","templated":true}]}}