{"id":352217,"date":"2025-08-29T13:45:23","date_gmt":"2025-08-29T13:45:23","guid":{"rendered":"https:\/\/www.europesays.com\/fr\/352217\/"},"modified":"2025-08-29T13:45:23","modified_gmt":"2025-08-29T13:45:23","slug":"le-voyage-a-nantes-estival-termine-ce-week-end","status":"publish","type":"post","link":"https:\/\/www.europesays.com\/fr\/352217\/","title":{"rendered":"Le Voyage \u00e0 Nantes estival termine ce week-end"},"content":{"rendered":"<p>                            <strong>L\u2019\u00e9dition estivale du Voyage \u00e0 Nantes se termine ce week-end. Encore deux jours pour d\u00e9couvrir le parcours de cette ann\u00e9e.<\/strong><\/p>\n<p>Le Voyage \u00e0 Nantes estival est bient\u00f4t fini, plus pr\u00e9cis\u00e9ment il reste jusqu\u2019au dimanche 31 ao\u00fbt pour suivre le parcours de cette \u00e9dition 2025. Quelques oeuvres seront toutefois visibles plus longtemps. \u00ab Latest version \u00bb sur la Place Royale jusqu\u2019en janvier 2026 o\u00f9 un short cr\u00e9\u00e9 par <strong><a href=\"https:\/\/hellogazettenantes.fr\/voyage-a-nantes-un-short-de-bain-upcyle-nantais\/\" rel=\"nofollow noopener\" target=\"_blank\">Artefact habille l\u2019un des personnages<\/a><\/strong>.<\/p>\n<p>\u00ab Trouver les \u00e9gards \u00bb au Jardin des Plantes \u00e0 voir avant le 29 mai 2026. Le TRAM \u00ab Epilogue sylvestre \u00bb restera en circulation durant quelques ann\u00e9es. Enfin, les retardaires auront aussi l\u2019occasion de d\u00e9ambuler au coeur de l\u2019exposition \u00ab Combien de terres faut-il \u00e0 l\u2019homme ? \u00bb \u00e0 la HAB Galerie jusqu\u2019au 25 septembre 2025.<\/p>\n<p>Photo : Artefact, Latest Version, Voyage \u00e0 Nantes Place Royale            <\/p>\n<p><img decoding=\"async\" alt=\"Advertisement\" src=\"data:image\/svg+xml,%3Csvg%20xmlns=\" http:=\"\" data-lazy-src=\"https:\/\/www.europesays.com\/fr\/wp-content\/uploads\/2025\/04\/Application-mobile-hello-gazette-nantes.gif\"\/><\/p>\n","protected":false},"excerpt":{"rendered":"L\u2019\u00e9dition estivale du Voyage \u00e0 Nantes se termine ce week-end. Encore deux jours pour d\u00e9couvrir le parcours de&hellip;\n","protected":false},"author":2,"featured_media":352218,"comment_status":"","ping_status":"","sticky":false,"template":"","format":"standard","meta":{"footnotes":""},"categories":[2818],"tags":[1111,11,1777,674,1011,27,766,12,2636,25],"class_list":{"0":"post-352217","1":"post","2":"type-post","3":"status-publish","4":"format-standard","5":"has-post-thumbnail","7":"category-nantes","8":"tag-actu","9":"tag-actualites","10":"tag-eu","11":"tag-europe","12":"tag-fr","13":"tag-france","14":"tag-nantes","15":"tag-news","16":"tag-pays-de-la-loire","17":"tag-republique-francaise"},"share_on_mastodon":{"url":"https:\/\/pubeurope.com\/@fr\/115112360329646989","error":""},"_links":{"self":[{"href":"https:\/\/www.europesays.com\/fr\/wp-json\/wp\/v2\/posts\/352217","targetHints":{"allow":["GET"]}}],"collection":[{"href":"https:\/\/www.europesays.com\/fr\/wp-json\/wp\/v2\/posts"}],"about":[{"href":"https:\/\/www.europesays.com\/fr\/wp-json\/wp\/v2\/types\/post"}],"author":[{"embeddable":true,"href":"https:\/\/www.europesays.com\/fr\/wp-json\/wp\/v2\/users\/2"}],"replies":[{"embeddable":true,"href":"https:\/\/www.europesays.com\/fr\/wp-json\/wp\/v2\/comments?post=352217"}],"version-history":[{"count":0,"href":"https:\/\/www.europesays.com\/fr\/wp-json\/wp\/v2\/posts\/352217\/revisions"}],"wp:featuredmedia":[{"embeddable":true,"href":"https:\/\/www.europesays.com\/fr\/wp-json\/wp\/v2\/media\/352218"}],"wp:attachment":[{"href":"https:\/\/www.europesays.com\/fr\/wp-json\/wp\/v2\/media?parent=352217"}],"wp:term":[{"taxonomy":"category","embeddable":true,"href":"https:\/\/www.europesays.com\/fr\/wp-json\/wp\/v2\/categories?post=352217"},{"taxonomy":"post_tag","embeddable":true,"href":"https:\/\/www.europesays.com\/fr\/wp-json\/wp\/v2\/tags?post=352217"}],"curies":[{"name":"wp","href":"https:\/\/api.w.org\/{rel}","templated":true}]}}